{"id":1016,"date":"2020-01-06T14:45:00","date_gmt":"2020-01-06T14:45:00","guid":{"rendered":"https:\/\/birgit-itse.com\/2020\/01\/06\/pidev-%f0%9f%9a%81-porin-pea-kohal\/"},"modified":"2020-01-06T14:45:00","modified_gmt":"2020-01-06T14:45:00","slug":"pidev-%f0%9f%9a%81-porin-pea-kohal","status":"publish","type":"post","link":"https:\/\/www.birgit-itse.com\/et\/pidev-%f0%9f%9a%81-porin-pea-kohal\/","title":{"rendered":"Pidev \ud83d\ude81 p\u00f5rin pea kohal"},"content":{"rendered":"<p>Ma j\u00f5udsin juba ei-tea-mida kokku m\u00f5elda. Ausalt ka. Aga just praegu tegin selgeks, miks m\u00f5nel hommikul juba 6.30 pea kohal p\u00f5risema hakkab. Minu peaga on j\u00e4tkuvalt k\u00f5ik korras, aga n\u00e4ha viie minuti jooksul kolme helikopterit \u00fcle pea lendamas, sh \u00fcle maja, pole k\u00fcll enam imestamisv\u00e4\u00e4rne. \ud83d\ude81<\/p>\n<p><a href=\"https:\/\/1.bp.blogspot.com\/-sa553h5noDU\/XhM5TOork8I\/AAAAAAAAMj4\/poyJY75JxSAV8OwxC0qiHhZHFJzZKyqQQCLcBGAsYHQ\/s1600\/20191230_142458.jpg\" style=\"clear: right; float: right; margin-bottom: 1em; margin-left: 1em;\"><img fetchpriority=\"high\" decoding=\"async\" border=\"0\" data-original-height=\"1200\" data-original-width=\"1600\" height=\"240\" src=\"https:\/\/1.bp.blogspot.com\/-sa553h5noDU\/XhM5TOork8I\/AAAAAAAAMj4\/poyJY75JxSAV8OwxC0qiHhZHFJzZKyqQQCLcBGAsYHQ\/s320\/20191230_142458.jpg\" width=\"320\" \/><\/a>Ilmselt varsti ei kuule enam neid. Kurdiks j\u00e4\u00e4mist ei karda, aga m\u00e4letan, et kui elasime kunagi 100 meetrit raudteejaamast, siis \u00fcks n\u00e4dal v\u00f5i paar l\u00e4ks aega, mille jooksul kuulsime K\u00d5IK rongid \u00e4ra. Jah, ka need kaubarongid, mis kell 2 \u00f6\u00f6sel majast m\u00f6\u00f6da logistasid v\u00f5i ennast haruteele parkisid. Kohutava rauakolina saatel. \ud83d\ude86Rongidega oli lihtne &#8211; raudtee- j\u00e4relikult s\u00f5idavad, reisi-ja kaubarongid. Ei tule m\u00f5ttessegi, et v\u00f5iks m\u00f5ni muu p\u00f5hjus olla, kui et see on normaalne.<br \/>Helikopteritega on teisiti. Eestis elades n\u00e4gi neid harva. Siis oli ikka <b>mingi v\u00e4rk, <\/b>kui helikopter ringi udjas.<br \/>Siin ei ole muud v\u00e4rki, kui et Aberdeeni lennujaam on maailma k\u00f5ige tihedama helikopteri liiklusega ja helikopterid moodustavad poole lennujaama liiklusest.&nbsp;<br \/>\ud83d\ude81 P\u00f5hiliselt lendavad nad muidugi nafta-ja gaasiplatvormide t\u00f5ttu. See, et neid 1. ja 2. jaanuaril v\u00e4he liikus, oli suurte p\u00fchade t\u00f5ttu. Eile oli ka veidi vaiksem, aga t\u00e4na kuulsin esimest t\u00f5esti juba ca 6.30.&nbsp; Kes inglise keelt m\u00f5istab, siis <a href=\"https:\/\/www.oilandgaspeople.com\/news\/1179\/video-shows-aberdeen-the-worlds-busiest-heliport\/\" target=\"_blank\" rel=\"noopener\">siin lehel<\/a> on rohkem lugeda ja v\u00e4ike video ka kohaliku saareriigi lennu-ja helikopteri liikluse kohta.&nbsp;<\/p>\n<div style=\"clear: both; text-align: center;\"><a href=\"https:\/\/1.bp.blogspot.com\/-lXs3hS5NMuo\/XhM5tzppKcI\/AAAAAAAAMkA\/HDtSVbDcpKosMRutXnFVHPEmWCqcpG6vQCLcBGAsYHQ\/s1600\/20200105_154914.jpg\" style=\"margin-left: 1em; margin-right: 1em;\"><img decoding=\"async\" border=\"0\" data-original-height=\"739\" data-original-width=\"1600\" height=\"294\" src=\"https:\/\/1.bp.blogspot.com\/-lXs3hS5NMuo\/XhM5tzppKcI\/AAAAAAAAMkA\/HDtSVbDcpKosMRutXnFVHPEmWCqcpG6vQCLcBGAsYHQ\/s640\/20200105_154914.jpg\" width=\"640\" \/><\/a><\/div>\n<p><\/p>\n<div style=\"clear: both; text-align: left;\">Eile oli v\u00e4ga vinge p\u00e4ikeseloojang. Selline n\u00e4gi see mingil hetkel v\u00e4lja minu magamistoa aknast. Olime just koju j\u00f5udnud, kui taevas hakkas kuldseks v\u00e4rvuma. K\u00e4isime eile \u00fches kohalikus toidukohas s\u00f6\u00f6mas ja k\u00f5hud said v\u00e4ga t\u00e4is. Pidasime veel Kutiga aru, et \u00e4kki oleks tark mere \u00e4\u00e4rde minna, aga ta v\u00e4ga vaimustuses polnud sellest ning ma tundsin, et ei jaksa teda vist t\u00e4na \u00fcmber r\u00e4\u00e4kida ka. <b>Vale otsus<\/b>. \ud83d\ude10 Eriti siis, kui Facebooki hakkasid tulema pildid sellest, milline see p\u00e4ikeseloojang mujalt paistis. T\u00f5eliselt korraliku soolakihi haavale raputas <a href=\"https:\/\/www.facebook.com\/AberdeenGuardian\/videos\/461954951151025\/?__tn__=%2Cd%2CP-R&amp;eid=ARADbzPYgh9wyC1TTejhmCWq-Ofg4wXiZHKRW_1s7kP0eB0-Yy1RJ5XcLm-pRaUMzT_O1l-n9XNaKYkS\" target=\"_blank\" rel=\"noopener\">see video<\/a> Aberdeeni rannast (mis on meie kodust ca 15 minutit) koos majaomaniku kommentaariga, et nii \u00e4gedat p\u00e4ikeseloojangut on tema harva n\u00e4inud. J\u00e4rgmine kord v\u00f5tame jalad tagumiku alt v\u00e4lja, ausalt.&nbsp;<\/div>\n<div style=\"clear: both; text-align: left;\"><\/div>\n<div style=\"clear: both; text-align: left;\"><a href=\"https:\/\/1.bp.blogspot.com\/-YckfcnowBaQ\/XhM8ZH8-LTI\/AAAAAAAAMkU\/vhxSA9Fq6wM7rcs3BCBMTuNLDGQ-rGmmACLcBGAsYHQ\/s1600\/20200102_123117.jpg\" style=\"clear: left; float: left; margin-bottom: 1em; margin-right: 1em;\"><img decoding=\"async\" border=\"0\" data-original-height=\"1600\" data-original-width=\"739\" height=\"320\" src=\"https:\/\/1.bp.blogspot.com\/-YckfcnowBaQ\/XhM8ZH8-LTI\/AAAAAAAAMkU\/vhxSA9Fq6wM7rcs3BCBMTuNLDGQ-rGmmACLcBGAsYHQ\/s320\/20200102_123117.jpg\" width=\"147\" \/><\/a><a href=\"https:\/\/1.bp.blogspot.com\/-Y-d1iBV1YVg\/XhM8Za5L58I\/AAAAAAAAMkY\/D3hhma6xKXgUwAtZUxkBmljSPWYYTnCWQCLcBGAsYHQ\/s1600\/20200102_123106.jpg\" style=\"clear: right; float: right; margin-bottom: 1em; margin-left: 1em;\"><img loading=\"lazy\" decoding=\"async\" border=\"0\" data-original-height=\"739\" data-original-width=\"1600\" height=\"147\" src=\"https:\/\/1.bp.blogspot.com\/-Y-d1iBV1YVg\/XhM8Za5L58I\/AAAAAAAAMkY\/D3hhma6xKXgUwAtZUxkBmljSPWYYTnCWQCLcBGAsYHQ\/s320\/20200102_123106.jpg\" width=\"320\" \/><\/a>Eile k\u00e4isime n\u00f5mmel. \u0160otimaa n\u00f5mm on midagi sellist, mille kohta olen p\u00e4ris palju raamatutest <\/div>\n<p>lugenud, aga tegelikult ongi vist nii, et ega enne aru ei saa, mis see t\u00e4pselt on, kui ise \u00fcle vaadanud pole. Selle kohaliku ogalise nimi, mille esialgu kohalikuks kadakaks ristisin, \u00f5ige nimi on astelhernes. \ud83d\ude48\ud83d\ude4a Tore hernes k\u00fcll, mille pikkus on kohati 3 meetrit ja mis kasvab nii tihedalt, et inimene sealt k\u00fcll l\u00e4bi ei mahu. Umbes nii, nagu meil saartel kadakad, ainult, et ogad sellel &#8220;hernel&#8221; on ca 2,5 sentimeetrised. Kaunad on v\u00e4iksemad, vaid 2 sentimeetrit.<br \/>Seda kasvab t\u00f5esti igal pool &#8211; mere \u00e4\u00e4res ja muidugi n\u00f5mmel ka. Inglise keeles on see <i>gorse<\/i>, aga kohalikud kutsuvad <i>whin, <\/i>mis keldi keeltes t\u00e4hendab talvist jumalannat. Okei, \u00fche nunnu fakti leidsin ka selle kohta, et kui see astelhernes \u00f5itseb, siis on suudlemise hooaeg. \ud83d\ude1a<\/p>\n<p><a href=\"https:\/\/1.bp.blogspot.com\/-gBSmhoNzSCY\/XhNArsE4WDI\/AAAAAAAAMks\/N_fLiSlqPakjRmDDRlbjt8nSI-ommJrhgCLcBGAsYHQ\/s1600\/Scotstown%2BMoor.jpg\" style=\"clear: left; float: left; margin-bottom: 1em; margin-right: 1em;\"><img loading=\"lazy\" decoding=\"async\" border=\"0\" data-original-height=\"1280\" data-original-width=\"1600\" height=\"512\" src=\"https:\/\/1.bp.blogspot.com\/-gBSmhoNzSCY\/XhNArsE4WDI\/AAAAAAAAMks\/N_fLiSlqPakjRmDDRlbjt8nSI-ommJrhgCLcBGAsYHQ\/s640\/Scotstown%2BMoor.jpg\" width=\"640\" \/><\/a>N\u00f5mm ehk kohalike s\u00f5navaras <i>moor <\/i>on kooslus, mida Eestis ei saagi vist olla, sest seal vaheldub graniidine pinnas soiste aladega, must turvas, laukale sarnased veelombid, k\u00f5rrelised ja see &#8220;hernes&#8221;, m\u00f5ned meetrid eemal saja aasta vanune kuusik. K\u00f5ik on esindatud. Meenuvad raamaturead, kus kangelased teadsid teed \u00fcle n\u00f5mmede, mis olid v\u00f5\u00f5rale l\u00e4bitavad vaid talitee ajal, kohalikud aga said suvelgi uppumata-eksimata l\u00e4bi. Ja see avarus. &#8220;Siia v\u00f5iks veel tulla,&#8221; arvas Kutt. Noogutasin, kogu sellest ilust tummaks l\u00f6\u00f6dud.<\/p>\n<div style=\"clear: both; text-align: center;\"><a href=\"https:\/\/1.bp.blogspot.com\/-VYvyKAJT6hc\/XhNArjM9IaI\/AAAAAAAAMko\/t136du6baFckBMhMSlyx5hG28HV_Wq5YgCLcBGAsYHQ\/s1600\/Scotstown%2BMoor%2B%25281%2529.jpg\" style=\"margin-left: 1em; margin-right: 1em;\"><img loading=\"lazy\" decoding=\"async\" border=\"0\" data-original-height=\"1280\" data-original-width=\"1600\" height=\"512\" src=\"https:\/\/1.bp.blogspot.com\/-VYvyKAJT6hc\/XhNArjM9IaI\/AAAAAAAAMko\/t136du6baFckBMhMSlyx5hG28HV_Wq5YgCLcBGAsYHQ\/s640\/Scotstown%2BMoor%2B%25281%2529.jpg\" width=\"640\" \/><\/a><\/div>\n<p>Kui tavaliselt kirjutan postitusi hommikul, siis praeguseks on kell juba p\u00e4rastl\u00f5unas ning ma olen m\u00f5nev\u00f5rra targem kui hommikul. Samas, mitte Kuti kooli osas. L\u00e4ksime siis kella 9.30ks kohale, nagu reedel kutsuti ja siis selgus, et Mr Haggerty on koosolekul. V\u00f5eti nimi ja number ja lubati tagasi helistada. Hommikul koolist tagasi jalutades saime ka kohaliku rulapargi ja kooli juures oleva turnimisala \u00fcle vaadata.<br \/>K\u00f5ne tuli 14.30. \ud83d\ude07 ehk just praegu. Selgus, et ta ilmselt ikkagi v\u00f5etakse Akadeemiasse vastu, et veebruari-m\u00e4rtsi s\u00fcnnip\u00e4evalapsed veel v\u00f5etakse, kui oleks aprillis v\u00f5i hiljem s\u00fcndinud, oleks algkool olnud. Kutt ise on v\u00e4ga rahul.<br \/>Eestlasi pidi seal koolis rohkem olema, loodame, et hoiavad kokku ja Kutil on sisseelamine kerge. Homme veel kooli ei saa, sest dokumendid pole veel kooli j\u00f5udnud, nii et Kuti vaheaeg on veidi pikem. Direktor pidi helistama ja meid kooli kutsuma, kui paberimajandus kohal. Kas see juhtub sel v\u00f5i j\u00e4rgmisel n\u00e4dalal, ei tahetud lubada, aga &#8220;see ei tohiks eriti kaua v\u00f5tta&#8221;, oli krapsakas proua kindel. P\u00f6idlad pihku. \ud83d\udc4d Seni \u00f5pime kohalike linde, taimi, puid jms m\u00f5isteid.<\/p>\n<div style=\"clear: both; text-align: center;\"><a href=\"https:\/\/1.bp.blogspot.com\/-WQvslvtDw_k\/XhNG3JsTYjI\/AAAAAAAAMlA\/slcPXLGyV90gF8j9Yj9OZu5mXT6rg37ZgCEwYBhgL\/s1600\/20200106_093523.jpg\" style=\"clear: right; float: right; margin-bottom: 1em; margin-left: 1em;\"><img loading=\"lazy\" decoding=\"async\" border=\"0\" data-original-height=\"739\" data-original-width=\"1600\" height=\"147\" src=\"https:\/\/1.bp.blogspot.com\/-WQvslvtDw_k\/XhNG3JsTYjI\/AAAAAAAAMlA\/slcPXLGyV90gF8j9Yj9OZu5mXT6rg37ZgCEwYBhgL\/s320\/20200106_093523.jpg\" width=\"320\" \/><\/a><\/div>\n<p><a href=\"https:\/\/1.bp.blogspot.com\/-yTe95NynGDk\/XhM5txdtegI\/AAAAAAAAMkE\/BNBh1dOZGGsVTTHTgGaJ5XKCXHVOp0v8ACLcBGAsYHQ\/s1600\/20200106_093012.jpg\" style=\"clear: left; float: left; margin-bottom: 1em; margin-right: 1em;\"><img loading=\"lazy\" decoding=\"async\" border=\"0\" data-original-height=\"739\" data-original-width=\"1600\" height=\"147\" src=\"https:\/\/1.bp.blogspot.com\/-yTe95NynGDk\/XhM5txdtegI\/AAAAAAAAMkE\/BNBh1dOZGGsVTTHTgGaJ5XKCXHVOp0v8ACLcBGAsYHQ\/s320\/20200106_093012.jpg\" width=\"320\" \/><\/a>Akadeemia asub kodust kiirelt astudes 15 minuti, loivates 20 minuti kaugusel, algkool on vastavalt 5 ja 7 minutit. Joostes kohale j\u00f5udmise aega pole m\u00f5\u00f5tnud, aga oma 7klassi kogemusest m\u00e4letan, et viie minuti teekond on v\u00f5imalik l\u00e4bida joostes ka kahe minutiga.<br \/>Akadeemias on hilinejatega kehvasti: vanemad saavad SMSi, et laps j\u00e4i hiljaks. Kaks neiukest olid sellest \u00fcsna h\u00e4iritud. \u00c4ra tulles n\u00e4gime, kuidas p\u00e4ikesekiired pilvede vahelt piilusid. Muidu on olnud selline pilves ja tuulutav p\u00e4ev. Sellest, kas tuul on tugev v\u00f5i mitte, saab aru, kui postkasti luuk uksel k\u00f5lksuma hakkab. \ud83d\ude00<\/p>\n<p>Muud paberimajandust ajasin ka. Pangakonto avamisest v\u00f5in vist varsti eraldi raamatu kirjutada. \ud83d\udcab<br \/>Sain ju vajaliku rendilepingu ja koolist koju tulles olin valmis teotahet, et panka kohtumine kokku leppida. Vajaliku visiitkaardi leidsin 10 minutise otsimise j\u00e4rel v\u00e4ga kindlast kohast: koos ID-kaardiga oli teine passi vahele peitu pugenud. Vastu v\u00f5ttis maheda h\u00e4\u00e4lega meesterahvas, kes mu r\u00f5\u00f5mu rikkuda tahtis: neile otse omanikuga s\u00f5lmitud rendileping ei sobi, vaid on vaja agentuuri oma. \ud83d\ude15 Council taxi arve sobib ka. Aga et kuna sellega l\u00e4heb 90 p\u00e4eva aega, siis v\u00f5iksin ma kohalikust maksuametist k\u00fcsida miski maksuteate nimelise paberi. Kohalik maksuamet k\u00fcsis minu k\u00e4est, et &#8220;mida te selle all m\u00f5tlete, mis asi see olla v\u00f5iks?&#8221; Vastasin, et pole \u00f5rna aimugi, aga t\u00e4pselt nii mulle pangast \u00f6eldi. Oli juba veidi naljakas. \ud83d\ude04<br \/>Selle aja peale oli mul olemas juba telefoni teel tehtud avaldus kohaliku sotsiaalkindlustuse numbri saamiseks. Pean minema homme kohalikku esindusse, mis t\u00f5lkes on midagi T\u00f6\u00f6tukassa laadset ning k\u00f5ik oma paberid sh need, et ma olen taotlenud siin t\u00f6\u00f6d, paberkandjal kaasa v\u00f5tma. Eesti T\u00f6\u00f6tukassast saadud U1 vorm tuleb ka kaasa v\u00f5tta.<br \/><a href=\"https:\/\/1.bp.blogspot.com\/--Mn6-fLi0bs\/XhNG3GdqixI\/AAAAAAAAMlE\/BIB2EmWX_hYI8fmTUHf7PQugx7OJcJdPQCEwYBhgL\/s1600\/20200105_155011.jpg\" style=\"clear: right; float: right; margin-bottom: 1em; margin-left: 1em;\"><img loading=\"lazy\" decoding=\"async\" border=\"0\" data-original-height=\"1600\" data-original-width=\"739\" height=\"200\" src=\"https:\/\/1.bp.blogspot.com\/--Mn6-fLi0bs\/XhNG3GdqixI\/AAAAAAAAMlE\/BIB2EmWX_hYI8fmTUHf7PQugx7OJcJdPQCEwYBhgL\/s200\/20200105_155011.jpg\" width=\"91\" \/><\/a>Kui selle kirjat\u00fckiga l\u00f5petan, siis j\u00e4rgmine peatus on kohalik raamatukogu. Kutt tahtis end lugejaks ka teha.<br \/>\ud83d\udcaa T\u00e4na \u00f5htul teen veel midagi \u00e4gedat &#8211; Eestis olles k\u00e4isin esmasp\u00e4eva \u00f5htuti 19.30 trennis. Siin olen ainult kilomeetreid kogunud, aga t\u00e4na \u00f5htul loome videosilla Koeru kultuurimajaga ning teen koos oma trennikaaslastega trenni. Saab p\u00f5nev olema.<br \/>Muidu oleme \u00f5htuti m\u00e4nginud Kutiga tegevusm\u00e4nge. &#8220;\u00dctle n\u00fc\u00fcd!&#8221;, siis mingi grimasside m\u00e4ng ja meremuuseumist ostetud piraadit\u00e4ringud, kus on 8 t\u00e4ringut, k\u00f5igil on k\u00fclgedel erinevad pildid ja siis tuleb jutustada lugusid, kus on need elemendid sees. Kutt l\u00e4heb iga looga paremaks. Elavdab fantaasiat ning paraneb jutustamisoskus ka. \u0160otlased on ju teada-tuntud loojutustajad, seega&nbsp; &#8211; oma isiklike raamatute kontekstis \u00f5pin siin parimatelt.<\/p>","protected":false},"excerpt":{"rendered":"<p>Ma j\u00f5udsin juba ei-tea-mida kokku m\u00f5elda. Ausalt ka. Aga just praegu tegin selgeks, miks m\u00f5nel hommikul juba 6.30 pea kohal p\u00f5risema hakkab. Minu peaga on j\u00e4tkuvalt k\u00f5ik korras, aga n\u00e4ha viie minuti jooksul kolme helikopterit \u00fcle pea lendamas, sh \u00fcle maja, pole k\u00fcll enam imestamisv\u00e4\u00e4rne. \ud83d\ude81 Ilmselt varsti ei kuule enam neid. Kurdiks j\u00e4\u00e4mist ei [&hellip;]<\/p>\n","protected":false},"author":2,"featured_media":0,"comment_status":"open","ping_status":"open","sticky":false,"template":"","format":"standard","meta":{"footnotes":""},"categories":[45,223,21,154,120],"tags":[],"class_list":["post-1016","post","type-post","status-publish","format-standard","hentry","category-aberdeen","category-aberdeeni-meremuuseum","category-eestlane-sotimaal","category-uk-paberimajandus","category-valismaale-kolimine","entry","owp-thumbs-layout-horizontal","owp-btn-normal","owp-tabs-layout-horizontal","has-no-thumbnails","has-product-nav"],"yoast_head":"<!-- This site is optimized with the Yoast SEO plugin v27.4 - https:\/\/yoast.com\/product\/yoast-seo-wordpress\/ -->\n<title>Pidev \ud83d\ude81 p\u00f5rin pea kohal - Birgit Itse - Be Inspired<\/title>\n<meta name=\"robots\" content=\"index, follow, max-snippet:-1, max-image-preview:large, max-video-preview:-1\" \/>\n<link rel=\"canonical\" href=\"https:\/\/birgit-itse.com\/et\/pidev-\ud83d\ude81-porin-pea-kohal\/\" \/>\n<meta property=\"og:locale\" content=\"et_EE\" \/>\n<meta property=\"og:type\" content=\"article\" \/>\n<meta property=\"og:title\" content=\"Pidev \ud83d\ude81 p\u00f5rin pea kohal - Birgit Itse - Be Inspired\" \/>\n<meta property=\"og:description\" content=\"Ma j\u00f5udsin juba ei-tea-mida kokku m\u00f5elda. Ausalt ka. Aga just praegu tegin selgeks, miks m\u00f5nel hommikul juba 6.30 pea kohal p\u00f5risema hakkab. Minu peaga on j\u00e4tkuvalt k\u00f5ik korras, aga n\u00e4ha viie minuti jooksul kolme helikopterit \u00fcle pea lendamas, sh \u00fcle maja, pole k\u00fcll enam imestamisv\u00e4\u00e4rne. \ud83d\ude81 Ilmselt varsti ei kuule enam neid. Kurdiks j\u00e4\u00e4mist ei [&hellip;]\" \/>\n<meta property=\"og:url\" content=\"https:\/\/birgit-itse.com\/et\/pidev-\ud83d\ude81-porin-pea-kohal\/\" \/>\n<meta property=\"og:site_name\" content=\"Birgit Itse - Be Inspired\" \/>\n<meta property=\"article:published_time\" content=\"2020-01-06T14:45:00+00:00\" \/>\n<meta property=\"og:image\" content=\"https:\/\/1.bp.blogspot.com\/-sa553h5noDU\/XhM5TOork8I\/AAAAAAAAMj4\/poyJY75JxSAV8OwxC0qiHhZHFJzZKyqQQCLcBGAsYHQ\/s320\/20191230_142458.jpg\" \/>\n<meta name=\"author\" content=\"Birgit\" \/>\n<meta name=\"twitter:card\" content=\"summary_large_image\" \/>\n<meta name=\"twitter:label1\" content=\"Written by\" \/>\n\t<meta name=\"twitter:data1\" content=\"Birgit\" \/>\n\t<meta name=\"twitter:label2\" content=\"Est. reading time\" \/>\n\t<meta name=\"twitter:data2\" content=\"6 minutit\" \/>\n<script type=\"application\/ld+json\" class=\"yoast-schema-graph\">{\"@context\":\"https:\\\/\\\/schema.org\",\"@graph\":[{\"@type\":\"Article\",\"@id\":\"https:\\\/\\\/birgit-itse.com\\\/et\\\/pidev-%f0%9f%9a%81-porin-pea-kohal\\\/#article\",\"isPartOf\":{\"@id\":\"https:\\\/\\\/birgit-itse.com\\\/et\\\/pidev-%f0%9f%9a%81-porin-pea-kohal\\\/\"},\"author\":{\"name\":\"Birgit\",\"@id\":\"https:\\\/\\\/www.birgit-itse.com\\\/#\\\/schema\\\/person\\\/3f7c1c34cf70c1ed6f580544f8ae6b7b\"},\"headline\":\"Pidev \ud83d\ude81 p\u00f5rin pea kohal\",\"datePublished\":\"2020-01-06T14:45:00+00:00\",\"mainEntityOfPage\":{\"@id\":\"https:\\\/\\\/birgit-itse.com\\\/et\\\/pidev-%f0%9f%9a%81-porin-pea-kohal\\\/\"},\"wordCount\":1216,\"commentCount\":0,\"publisher\":{\"@id\":\"https:\\\/\\\/www.birgit-itse.com\\\/#organization\"},\"image\":{\"@id\":\"https:\\\/\\\/birgit-itse.com\\\/et\\\/pidev-%f0%9f%9a%81-porin-pea-kohal\\\/#primaryimage\"},\"thumbnailUrl\":\"https:\\\/\\\/1.bp.blogspot.com\\\/-sa553h5noDU\\\/XhM5TOork8I\\\/AAAAAAAAMj4\\\/poyJY75JxSAV8OwxC0qiHhZHFJzZKyqQQCLcBGAsYHQ\\\/s320\\\/20191230_142458.jpg\",\"articleSection\":[\"aberdeen\",\"aberdeeni meremuuseum\",\"eestlane \u0161otimaal\",\"UK paberimajandus\",\"v\u00e4lismaale kolimine\"],\"inLanguage\":\"et\"},{\"@type\":\"WebPage\",\"@id\":\"https:\\\/\\\/birgit-itse.com\\\/et\\\/pidev-%f0%9f%9a%81-porin-pea-kohal\\\/\",\"url\":\"https:\\\/\\\/birgit-itse.com\\\/et\\\/pidev-%f0%9f%9a%81-porin-pea-kohal\\\/\",\"name\":\"Pidev \ud83d\ude81 p\u00f5rin pea kohal - Birgit Itse - Be Inspired\",\"isPartOf\":{\"@id\":\"https:\\\/\\\/www.birgit-itse.com\\\/#website\"},\"primaryImageOfPage\":{\"@id\":\"https:\\\/\\\/birgit-itse.com\\\/et\\\/pidev-%f0%9f%9a%81-porin-pea-kohal\\\/#primaryimage\"},\"image\":{\"@id\":\"https:\\\/\\\/birgit-itse.com\\\/et\\\/pidev-%f0%9f%9a%81-porin-pea-kohal\\\/#primaryimage\"},\"thumbnailUrl\":\"https:\\\/\\\/1.bp.blogspot.com\\\/-sa553h5noDU\\\/XhM5TOork8I\\\/AAAAAAAAMj4\\\/poyJY75JxSAV8OwxC0qiHhZHFJzZKyqQQCLcBGAsYHQ\\\/s320\\\/20191230_142458.jpg\",\"datePublished\":\"2020-01-06T14:45:00+00:00\",\"breadcrumb\":{\"@id\":\"https:\\\/\\\/birgit-itse.com\\\/et\\\/pidev-%f0%9f%9a%81-porin-pea-kohal\\\/#breadcrumb\"},\"inLanguage\":\"et\",\"potentialAction\":[{\"@type\":\"ReadAction\",\"target\":[\"https:\\\/\\\/birgit-itse.com\\\/et\\\/pidev-%f0%9f%9a%81-porin-pea-kohal\\\/\"]}]},{\"@type\":\"ImageObject\",\"inLanguage\":\"et\",\"@id\":\"https:\\\/\\\/birgit-itse.com\\\/et\\\/pidev-%f0%9f%9a%81-porin-pea-kohal\\\/#primaryimage\",\"url\":\"https:\\\/\\\/1.bp.blogspot.com\\\/-sa553h5noDU\\\/XhM5TOork8I\\\/AAAAAAAAMj4\\\/poyJY75JxSAV8OwxC0qiHhZHFJzZKyqQQCLcBGAsYHQ\\\/s320\\\/20191230_142458.jpg\",\"contentUrl\":\"https:\\\/\\\/1.bp.blogspot.com\\\/-sa553h5noDU\\\/XhM5TOork8I\\\/AAAAAAAAMj4\\\/poyJY75JxSAV8OwxC0qiHhZHFJzZKyqQQCLcBGAsYHQ\\\/s320\\\/20191230_142458.jpg\"},{\"@type\":\"BreadcrumbList\",\"@id\":\"https:\\\/\\\/birgit-itse.com\\\/et\\\/pidev-%f0%9f%9a%81-porin-pea-kohal\\\/#breadcrumb\",\"itemListElement\":[{\"@type\":\"ListItem\",\"position\":1,\"name\":\"Home\",\"item\":\"https:\\\/\\\/birgit-itse.com\\\/et\\\/\"},{\"@type\":\"ListItem\",\"position\":2,\"name\":\"Pidev \ud83d\ude81 p\u00f5rin pea kohal\"}]},{\"@type\":\"WebSite\",\"@id\":\"https:\\\/\\\/www.birgit-itse.com\\\/#website\",\"url\":\"https:\\\/\\\/www.birgit-itse.com\\\/\",\"name\":\"Birgit Itse - Be Inspired\",\"description\":\"Ghostwriter, Author, Keynote Speaker\",\"publisher\":{\"@id\":\"https:\\\/\\\/www.birgit-itse.com\\\/#organization\"},\"potentialAction\":[{\"@type\":\"SearchAction\",\"target\":{\"@type\":\"EntryPoint\",\"urlTemplate\":\"https:\\\/\\\/www.birgit-itse.com\\\/?s={search_term_string}\"},\"query-input\":{\"@type\":\"PropertyValueSpecification\",\"valueRequired\":true,\"valueName\":\"search_term_string\"}}],\"inLanguage\":\"et\"},{\"@type\":\"Organization\",\"@id\":\"https:\\\/\\\/www.birgit-itse.com\\\/#organization\",\"name\":\"Birgit Itse - Be Inspired\",\"url\":\"https:\\\/\\\/www.birgit-itse.com\\\/\",\"logo\":{\"@type\":\"ImageObject\",\"inLanguage\":\"et\",\"@id\":\"https:\\\/\\\/www.birgit-itse.com\\\/#\\\/schema\\\/logo\\\/image\\\/\",\"url\":\"https:\\\/\\\/www.birgit-itse.com\\\/wp-content\\\/uploads\\\/2020\\\/10\\\/cropped-Birgit-name-logo-orange.png\",\"contentUrl\":\"https:\\\/\\\/www.birgit-itse.com\\\/wp-content\\\/uploads\\\/2020\\\/10\\\/cropped-Birgit-name-logo-orange.png\",\"width\":1326,\"height\":841,\"caption\":\"Birgit Itse - Be Inspired\"},\"image\":{\"@id\":\"https:\\\/\\\/www.birgit-itse.com\\\/#\\\/schema\\\/logo\\\/image\\\/\"}},{\"@type\":\"Person\",\"@id\":\"https:\\\/\\\/www.birgit-itse.com\\\/#\\\/schema\\\/person\\\/3f7c1c34cf70c1ed6f580544f8ae6b7b\",\"name\":\"Birgit\",\"image\":{\"@type\":\"ImageObject\",\"inLanguage\":\"et\",\"@id\":\"https:\\\/\\\/secure.gravatar.com\\\/avatar\\\/?s=96&d=mm&r=g\",\"url\":\"https:\\\/\\\/secure.gravatar.com\\\/avatar\\\/?s=96&d=mm&r=g\",\"contentUrl\":\"https:\\\/\\\/secure.gravatar.com\\\/avatar\\\/?s=96&d=mm&r=g\",\"caption\":\"Birgit\"},\"url\":\"https:\\\/\\\/www.birgit-itse.com\\\/et\\\/author\\\/birgit\\\/\"}]}<\/script>\n<!-- \/ Yoast SEO plugin. -->","yoast_head_json":{"title":"Pidev \ud83d\ude81 p\u00f5rin pea kohal - Birgit Itse - Be Inspired","robots":{"index":"index","follow":"follow","max-snippet":"max-snippet:-1","max-image-preview":"max-image-preview:large","max-video-preview":"max-video-preview:-1"},"canonical":"https:\/\/birgit-itse.com\/et\/pidev-\ud83d\ude81-porin-pea-kohal\/","og_locale":"et_EE","og_type":"article","og_title":"Pidev \ud83d\ude81 p\u00f5rin pea kohal - Birgit Itse - Be Inspired","og_description":"Ma j\u00f5udsin juba ei-tea-mida kokku m\u00f5elda. Ausalt ka. Aga just praegu tegin selgeks, miks m\u00f5nel hommikul juba 6.30 pea kohal p\u00f5risema hakkab. Minu peaga on j\u00e4tkuvalt k\u00f5ik korras, aga n\u00e4ha viie minuti jooksul kolme helikopterit \u00fcle pea lendamas, sh \u00fcle maja, pole k\u00fcll enam imestamisv\u00e4\u00e4rne. \ud83d\ude81 Ilmselt varsti ei kuule enam neid. Kurdiks j\u00e4\u00e4mist ei [&hellip;]","og_url":"https:\/\/birgit-itse.com\/et\/pidev-\ud83d\ude81-porin-pea-kohal\/","og_site_name":"Birgit Itse - Be Inspired","article_published_time":"2020-01-06T14:45:00+00:00","og_image":[{"url":"https:\/\/1.bp.blogspot.com\/-sa553h5noDU\/XhM5TOork8I\/AAAAAAAAMj4\/poyJY75JxSAV8OwxC0qiHhZHFJzZKyqQQCLcBGAsYHQ\/s320\/20191230_142458.jpg","type":"","width":"","height":""}],"author":"Birgit","twitter_card":"summary_large_image","twitter_misc":{"Written by":"Birgit","Est. reading time":"6 minutit"},"schema":{"@context":"https:\/\/schema.org","@graph":[{"@type":"Article","@id":"https:\/\/birgit-itse.com\/et\/pidev-%f0%9f%9a%81-porin-pea-kohal\/#article","isPartOf":{"@id":"https:\/\/birgit-itse.com\/et\/pidev-%f0%9f%9a%81-porin-pea-kohal\/"},"author":{"name":"Birgit","@id":"https:\/\/www.birgit-itse.com\/#\/schema\/person\/3f7c1c34cf70c1ed6f580544f8ae6b7b"},"headline":"Pidev \ud83d\ude81 p\u00f5rin pea kohal","datePublished":"2020-01-06T14:45:00+00:00","mainEntityOfPage":{"@id":"https:\/\/birgit-itse.com\/et\/pidev-%f0%9f%9a%81-porin-pea-kohal\/"},"wordCount":1216,"commentCount":0,"publisher":{"@id":"https:\/\/www.birgit-itse.com\/#organization"},"image":{"@id":"https:\/\/birgit-itse.com\/et\/pidev-%f0%9f%9a%81-porin-pea-kohal\/#primaryimage"},"thumbnailUrl":"https:\/\/1.bp.blogspot.com\/-sa553h5noDU\/XhM5TOork8I\/AAAAAAAAMj4\/poyJY75JxSAV8OwxC0qiHhZHFJzZKyqQQCLcBGAsYHQ\/s320\/20191230_142458.jpg","articleSection":["aberdeen","aberdeeni meremuuseum","eestlane \u0161otimaal","UK paberimajandus","v\u00e4lismaale kolimine"],"inLanguage":"et"},{"@type":"WebPage","@id":"https:\/\/birgit-itse.com\/et\/pidev-%f0%9f%9a%81-porin-pea-kohal\/","url":"https:\/\/birgit-itse.com\/et\/pidev-%f0%9f%9a%81-porin-pea-kohal\/","name":"Pidev \ud83d\ude81 p\u00f5rin pea kohal - Birgit Itse - Be Inspired","isPartOf":{"@id":"https:\/\/www.birgit-itse.com\/#website"},"primaryImageOfPage":{"@id":"https:\/\/birgit-itse.com\/et\/pidev-%f0%9f%9a%81-porin-pea-kohal\/#primaryimage"},"image":{"@id":"https:\/\/birgit-itse.com\/et\/pidev-%f0%9f%9a%81-porin-pea-kohal\/#primaryimage"},"thumbnailUrl":"https:\/\/1.bp.blogspot.com\/-sa553h5noDU\/XhM5TOork8I\/AAAAAAAAMj4\/poyJY75JxSAV8OwxC0qiHhZHFJzZKyqQQCLcBGAsYHQ\/s320\/20191230_142458.jpg","datePublished":"2020-01-06T14:45:00+00:00","breadcrumb":{"@id":"https:\/\/birgit-itse.com\/et\/pidev-%f0%9f%9a%81-porin-pea-kohal\/#breadcrumb"},"inLanguage":"et","potentialAction":[{"@type":"ReadAction","target":["https:\/\/birgit-itse.com\/et\/pidev-%f0%9f%9a%81-porin-pea-kohal\/"]}]},{"@type":"ImageObject","inLanguage":"et","@id":"https:\/\/birgit-itse.com\/et\/pidev-%f0%9f%9a%81-porin-pea-kohal\/#primaryimage","url":"https:\/\/1.bp.blogspot.com\/-sa553h5noDU\/XhM5TOork8I\/AAAAAAAAMj4\/poyJY75JxSAV8OwxC0qiHhZHFJzZKyqQQCLcBGAsYHQ\/s320\/20191230_142458.jpg","contentUrl":"https:\/\/1.bp.blogspot.com\/-sa553h5noDU\/XhM5TOork8I\/AAAAAAAAMj4\/poyJY75JxSAV8OwxC0qiHhZHFJzZKyqQQCLcBGAsYHQ\/s320\/20191230_142458.jpg"},{"@type":"BreadcrumbList","@id":"https:\/\/birgit-itse.com\/et\/pidev-%f0%9f%9a%81-porin-pea-kohal\/#breadcrumb","itemListElement":[{"@type":"ListItem","position":1,"name":"Home","item":"https:\/\/birgit-itse.com\/et\/"},{"@type":"ListItem","position":2,"name":"Pidev \ud83d\ude81 p\u00f5rin pea kohal"}]},{"@type":"WebSite","@id":"https:\/\/www.birgit-itse.com\/#website","url":"https:\/\/www.birgit-itse.com\/","name":"Birgit Itse - Be Inspired","description":"Ghostwriter, Author, Keynote Speaker","publisher":{"@id":"https:\/\/www.birgit-itse.com\/#organization"},"potentialAction":[{"@type":"SearchAction","target":{"@type":"EntryPoint","urlTemplate":"https:\/\/www.birgit-itse.com\/?s={search_term_string}"},"query-input":{"@type":"PropertyValueSpecification","valueRequired":true,"valueName":"search_term_string"}}],"inLanguage":"et"},{"@type":"Organization","@id":"https:\/\/www.birgit-itse.com\/#organization","name":"Birgit Itse - Be Inspired","url":"https:\/\/www.birgit-itse.com\/","logo":{"@type":"ImageObject","inLanguage":"et","@id":"https:\/\/www.birgit-itse.com\/#\/schema\/logo\/image\/","url":"https:\/\/www.birgit-itse.com\/wp-content\/uploads\/2020\/10\/cropped-Birgit-name-logo-orange.png","contentUrl":"https:\/\/www.birgit-itse.com\/wp-content\/uploads\/2020\/10\/cropped-Birgit-name-logo-orange.png","width":1326,"height":841,"caption":"Birgit Itse - Be Inspired"},"image":{"@id":"https:\/\/www.birgit-itse.com\/#\/schema\/logo\/image\/"}},{"@type":"Person","@id":"https:\/\/www.birgit-itse.com\/#\/schema\/person\/3f7c1c34cf70c1ed6f580544f8ae6b7b","name":"Birgit","image":{"@type":"ImageObject","inLanguage":"et","@id":"https:\/\/secure.gravatar.com\/avatar\/?s=96&d=mm&r=g","url":"https:\/\/secure.gravatar.com\/avatar\/?s=96&d=mm&r=g","contentUrl":"https:\/\/secure.gravatar.com\/avatar\/?s=96&d=mm&r=g","caption":"Birgit"},"url":"https:\/\/www.birgit-itse.com\/et\/author\/birgit\/"}]}},"_links":{"self":[{"href":"https:\/\/www.birgit-itse.com\/et\/wp-json\/wp\/v2\/posts\/1016","targetHints":{"allow":["GET"]}}],"collection":[{"href":"https:\/\/www.birgit-itse.com\/et\/wp-json\/wp\/v2\/posts"}],"about":[{"href":"https:\/\/www.birgit-itse.com\/et\/wp-json\/wp\/v2\/types\/post"}],"author":[{"embeddable":true,"href":"https:\/\/www.birgit-itse.com\/et\/wp-json\/wp\/v2\/users\/2"}],"replies":[{"embeddable":true,"href":"https:\/\/www.birgit-itse.com\/et\/wp-json\/wp\/v2\/comments?post=1016"}],"version-history":[{"count":0,"href":"https:\/\/www.birgit-itse.com\/et\/wp-json\/wp\/v2\/posts\/1016\/revisions"}],"wp:attachment":[{"href":"https:\/\/www.birgit-itse.com\/et\/wp-json\/wp\/v2\/media?parent=1016"}],"wp:term":[{"taxonomy":"category","embeddable":true,"href":"https:\/\/www.birgit-itse.com\/et\/wp-json\/wp\/v2\/categories?post=1016"},{"taxonomy":"post_tag","embeddable":true,"href":"https:\/\/www.birgit-itse.com\/et\/wp-json\/wp\/v2\/tags?post=1016"}],"curies":[{"name":"wp","href":"https:\/\/api.w.org\/{rel}","templated":true}]}}