{"id":1019,"date":"2020-01-03T10:58:00","date_gmt":"2020-01-03T10:58:00","guid":{"rendered":"https:\/\/birgit-itse.com\/2020\/01\/03\/pipraga-kohvi-olete-proovinud-%f0%9f%98%82\/"},"modified":"2020-01-03T10:58:00","modified_gmt":"2020-01-03T10:58:00","slug":"pipraga-kohvi-olete-proovinud-%f0%9f%98%82","status":"publish","type":"post","link":"https:\/\/www.birgit-itse.com\/et\/pipraga-kohvi-olete-proovinud-%f0%9f%98%82\/","title":{"rendered":"Pipraga kohvi olete proovinud? \ud83d\ude02"},"content":{"rendered":"<p>Mina olen. L\u00fchidalt \u00f6eldes &#8211; maitse ei olnud hea, aga \u00e4ratas h\u00e4sti. \ud83d\ude02<br \/>Mulle nimelt meeldib kohvi kaneeliga juua ja tomatile musta pipart panna. Seekord sai kohv musta pipra ja ma t\u00f5esti lootsin, et see ei maitse eriti hullusti. Kutt muidugi k\u00f5rvalt kilkas, et hea prank, selle oleks v\u00f5inud videosse v\u00f5tta. Uni l\u00e4ks k\u00fcll kohe \u00e4ra, kui kohviga pipar keelele j\u00f5udis.<br \/><a href=\"https:\/\/1.bp.blogspot.com\/-_VWUOZ-22ec\/Xg8SD0ygh_I\/AAAAAAAAMfc\/7bzxzvgdIpkoQnAG8swd5nh36azLL4M_wCLcBGAsYHQ\/s1600\/20200103_092123.jpg\" style=\"clear: left; float: left; margin-bottom: 1em; margin-right: 1em;\"><img decoding=\"async\" border=\"0\" data-original-height=\"739\" data-original-width=\"1600\" height=\"147\" src=\"https:\/\/1.bp.blogspot.com\/-_VWUOZ-22ec\/Xg8SD0ygh_I\/AAAAAAAAMfc\/7bzxzvgdIpkoQnAG8swd5nh36azLL4M_wCLcBGAsYHQ\/s320\/20200103_092123.jpg\" width=\"320\" \/><\/a>Olin just hommikul valjuh\u00e4\u00e4lselt r\u00f5\u00f5mustanud, et see f\u00fc\u00fcsiline v\u00e4simus hakkab vaikselt \u00e4ra kaduma, ja siis tegin endale sellise triki. Kusjuures mul pole isegi seda vabandust, et need oleks sarnases pakendis. Ka<br \/>neel on klaaspurgis ja must pipar j\u00f5upaberist pakendis. \ud83d\ude01<br \/>Tomatid j\u00e4id kaneelita siiski, kuna pipar oli esimene, mis k\u00e4tte sattus. Selle pildi peal on asjad \u00f5igesti juba. Kaneel, must pipar, jahvatatud ingver, vanilje ja kakao olid nende asjade seas, mille ma Eestist kaasa pakkisin. J\u00f5udsin eelmise aasta jooksul kvaliteetse <a href=\"http:\/\/www.armastusest.ee\/\">mahekraamiga <\/a>\u00e4ra harjuda ning kuna need v\u00fcrtsid kodus olemas olid, pakkisin kaasa. Osa kuivatatud puuvilju ja \u0161okolaadin\u00f6\u00f6bid tulid ka kaasa. Kuivatatud hapukirsse ostsin veel spetsiaalselt terve kilose paki. \ud83d\ude0b<br \/>Suurt tormijooksu nendele puuviljadele pole veel olnud, sest \u0161otlaste k\u00fclalislahkus on k\u00f5rgel tasemel. K\u00fcpsiseid ja komme tuleb kingitusena muudkui juurde &#8211; eile k\u00e4is \u00fcleukse naaber Rachel korraks meil, kasutasin kohe juhust, et uurida, kui t\u00e4pselt siin pr\u00fcgi sorteerima peab, sest konteinereid on maja juures 4tk, mida t\u00fchjendatakse 2x kuus. Teisip\u00e4eva \u00f5htul tuleb need tee \u00e4\u00e4rde v\u00e4lja panna. V\u00e4ga hullu polegi: toiduj\u00e4\u00e4tmete jaoks peame ostma biolagunevad kotid ja need l\u00e4hevad \u00fchte konteinerisse. k\u00f5ik pakendid, sh papp ja paber, metall- ja plastikpakendid l\u00e4hevad teise konteinerisse ja kolmandasse siis muu mudru ehk general waste.<br \/>\ud83d\udcadTundub, et t\u00e4na tuleb selline asjaajamise p\u00e4ev, sest eile oli veel bank holiday ja ametiasutused kinni, aga t\u00e4na on nii linnavalitsus kui ka pank avatud. Esimeses j\u00e4rjekorras avan kohaliku pangaarve, sest ilma selleta ei saa ma teha nt pr\u00fcgilepingut, elektri-ja gaasilepingut ega maksta ka kohaliku teenuste maksu ehk council taxi. Viimase jaoks saatsin eile avalduse k\u00fcll, aga e-kirjale tuli vastus, et kui tavaliselt vastavad nad 90 p\u00e4eva jooksul, siis praegu on avaldusi tavalisest rohkem ja vastamise aeg v\u00f5ib kujuneda pikemaks, aga nad soovitavad minna iseteenindusse ja seal k\u00fcsimustele vastused leida.&nbsp; K\u00e4isin siis hommikul iseteeninduses linna kodukal: selleks, et digitaalset arvet saada, peab olema viimase paberarve number ette n\u00e4idata. \ud83d\ude49<br \/>Vaatasin juba \u00e4ra, LV on lahti, ja kuna Kuti kooliasjade osas ka vaja selgust saada, siis p\u00e4rast pangas k\u00e4imist v\u00f5tamegi suuna kesklinna, kus LV klienditeenindus asub, n\u00e4itame n\u00e4od ette ja ehk saab mitu k\u00e4rbest korraga. Ehk j\u00e4\u00e4b aega \u00fcle ka, ja j\u00f5uame kohalikku meremuuseumisse. See on t\u00e4itsa tasuta ning annab p\u00f5hjaliku \u00fclevaate siinsetest merendus-, nafta-ja gaasitraditsioonidest.<br \/>Rachel soovitas minna ka kohalikku kunstigaleriisse, see on ka kesklinnas, r\u00e4\u00e4kis veel kohalikest oludest ja kiitis Kuti inglisekeele oskust. Okei, minu oma ka, \u00fctles, et ma ei peaks \u00fcldse p\u00f5dema, kui kandideerin t\u00f6\u00f6kohtadele, kus tuleb inglise keeles kirjutada. \ud83d\udc4d<\/p>\n<p><a href=\"https:\/\/1.bp.blogspot.com\/-SnEff0wQ6ak\/Xg8V1RJeOPI\/AAAAAAAAMfo\/4VpAyxjoviQ1QgB1KqDnnj-TbRelC6LWACLcBGAsYHQ\/s1600\/promenaad.jpg\" style=\"clear: left; float: left; margin-bottom: 1em; margin-right: 1em;\"><img fetchpriority=\"high\" decoding=\"async\" border=\"0\" data-original-height=\"600\" data-original-width=\"160\" height=\"640\" src=\"https:\/\/1.bp.blogspot.com\/-SnEff0wQ6ak\/Xg8V1RJeOPI\/AAAAAAAAMfo\/4VpAyxjoviQ1QgB1KqDnnj-TbRelC6LWACLcBGAsYHQ\/s640\/promenaad.jpg\" width=\"170\" \/><\/a>Eile k\u00e4isime \u00fcle Doni j\u00f5e, vaatamas nn ametlikku randa ja rannapromenaadi. Tuul oli korralik, samas \u00f5hk oli soe.<br \/>Lained olid korralikud ja laevu oli kalda \u00e4\u00e4res rohkem. \u00dchel hetkel luges Kutt neid koos randuvatega 50 kokku.<\/p>\n<p>Kui p\u00e4ev varem olime P\u00f5hjameres varbad m\u00e4rjaks saanud &#8211; selja tagant hiiliv 9.laine, mis muud &#8211; siis eile kastsin n\u00e4pud m\u00e4rjaks ja maitsesin &#8211; on ikka soolasem k\u00fcll kui L\u00e4\u00e4nemeri.<br \/>K\u00fcsisin Kutilt, et kas suvel tuleb siia ujuma. Alguses kahtles, aga siis arvas, et koos s\u00f5pradega &#8211; miks ka mitte. Mida ma talle ei \u00f6elnud, on see, et suvel \u00f5hutemperatuur naljalt \u00fcle 20 ei t\u00f5use ja vee temperatuur j\u00e4\u00e4b veel madalamaks.<br \/><a href=\"https:\/\/1.bp.blogspot.com\/-lqG9vRpU0jI\/Xg8ZYKgrg0I\/AAAAAAAAMf0\/IPprD3P_eqkQsA9Me5tCyV3uxUS5Rh3CQCLcBGAsYHQ\/s1600\/20200102_130015.jpg\" style=\"clear: right; float: right; margin-bottom: 1em; margin-left: 1em; text-align: center;\"><img decoding=\"async\" border=\"0\" data-original-height=\"1600\" data-original-width=\"739\" height=\"320\" src=\"https:\/\/1.bp.blogspot.com\/-lqG9vRpU0jI\/Xg8ZYKgrg0I\/AAAAAAAAMf0\/IPprD3P_eqkQsA9Me5tCyV3uxUS5Rh3CQCLcBGAsYHQ\/s320\/20200102_130015.jpg\" width=\"147\" \/><\/a>Samas, kohalikele on see ilmselt palav, sest eilegi kui oli +8, oli ikka m\u00e4rkimisv\u00e4\u00e4rne hulk inimesi lihtsalt dressipluusides ja 4-5 inimest jalutasid l\u00fchikestes p\u00fckstes, t\u00f5si, joped olid peal. \ud83d\ude01<br \/>M\u00e4lestuspingid on siin h\u00e4sti-h\u00e4sti tavalised. \u00dchel sellisel n\u00e4gin ka luuletust.<\/p>\n<p>Promenaadi linnapoolses otsas (Dee j\u00f5eni me v\u00e4lja siiski ei l\u00e4inud) olid ka \u00e4gedad v\u00e4rvilised pingid. Minutiks istusime seal m\u00f5lemad ja nautisime vaadet. See vasakpoolse riba keskmine pilt ongi nendelt v\u00e4rvilistelt pinkidelt tehtud. Pinkide pilti vaata altpoolt. \ud83d\udc47<br \/><span style=\"text-align: center;\"><br \/><\/span><span style=\"text-align: center;\">Promenaadi linnapoolses otsas on ka l\u00f5bustuspark, kus ilmselt Kuti-vanustel on ka \u00e4ge. Seal on ka suur kaubanduskeskus, kus me otsustasime toiduvarusid t\u00e4iendada. Seekord olime targemad ja v\u00f5tsime seljakoti kaasa. Kokkulepe kodus (Kutt ise pakkus), et mina kannan t\u00fchjana, ja tema t\u00e4is kotti pidas paika, kuigi kui ta asjad sisse ladus, siis oli esimene reaktsioon k\u00fcll, et see on nii raske. Pakkusin talle v\u00f5imalust kaht kilekotti kanda, aga ta loobus. \ud83d\ude46<\/span><\/p>\n<p>Peame endale l\u00e4hiajal mingi korraliku riidest koti vaatama, millega poes k\u00e4ia, sest ASDA kilekotid on k\u00fcll sellised, et \u00fcle 1kg asju sinna panna ei saa &#8211; sangade juurest rebenevad.<\/p>\n<div style=\"clear: both; text-align: center;\"><a href=\"https:\/\/1.bp.blogspot.com\/-5ciQKmWGYGE\/Xg8Zo0MpbhI\/AAAAAAAAMf8\/iNZ0CMdxlUA3itNmi0roWBBukvTdAyJXwCLcBGAsYHQ\/s1600\/20200102_150817.jpg\" style=\"clear: right; float: right; margin-bottom: 1em; margin-left: 1em;\"><img loading=\"lazy\" decoding=\"async\" border=\"0\" data-original-height=\"1600\" data-original-width=\"739\" height=\"320\" src=\"https:\/\/1.bp.blogspot.com\/-5ciQKmWGYGE\/Xg8Zo0MpbhI\/AAAAAAAAMf8\/iNZ0CMdxlUA3itNmi0roWBBukvTdAyJXwCLcBGAsYHQ\/s320\/20200102_150817.jpg\" width=\"147\" \/><\/a><\/div>\n<p>Poest oli veel ca poolteist kilomeetrit bussipeatusesse ja sealt kah ca 600m koju. P\u00e4eva kilometraa\u017e tuli kokku sinna 10 kanti. Sellel pildil oleme King&#8217;s Streetil \u00fches bussipeatuses. Kusjuures, kuna Kutt pole veel 12, saab ta bussis sooduspileti. Mis Kutti veidi h\u00e4iris, ja eks mind ka, on see, et suht palju on ikka t\u00e4navatel lenduvat pr\u00fcgi. Ei saa \u00f6elda, et oleks suisa r\u00e4pane, ja raske \u00f6elda, kui palju m\u00e4ngib selles kaasa tuul, mis kasv\u00f5i pildil olevatest pr\u00fcgikastidest r\u00e4mpsu v\u00e4lja keerutab, kui palju aastavahetuse pidustused, aga eile Kutt paar korda kortsutas kulmu ja \u00fctles,&nbsp; et nii kahju on sellest, et looduses on r\u00e4mpsu. Viskasin siis \u00f5hku, et peame vist siin \u00fched Teeme \u00c4ra! talgud korraldama, ja ta teatas, et k\u00f5igepealt teeme m\u00e4nguv\u00e4ljaku korda. \ud83d\udcaa<br \/>No n\u00e4is, mis vaatepilt siis on, kui elu j\u00e4lle igap\u00e4evastesse r\u00f6\u00f6bastesse l\u00e4heb.<\/p>\n<p>Vaikselt hakkame juba Kutiga r\u00e4\u00e4kima ja arvestama miilides, aga siia katsun ikka kilomeetreid panna. Jardide ja meetritega on praegu veel keerulisem, samas kilogrammide ja naelade suhte olen \u00e4ra vaadanud &#8211; \u00fches kg-s on veidi \u00fcle 2 naela.<\/p>\n<p>Jah, raha\u00fchik on ka nael ja pennid. Lisaks sendid. \ud83d\ude15\ud83d\ude0e<\/p>\n<p>Terve selle promenaadi k\u00f5ndisime nii, et tuul oli vastu. Ranna\u00e4\u00e4rne liivavall k\u00fcll veidi mahendas tuult, aga \u00f5htuks oli n\u00e4gu korralikult roosaks tuulutatud. Ise tundsin ka megarammestust.<\/p>\n<div style=\"clear: both; text-align: center;\"><a href=\"https:\/\/1.bp.blogspot.com\/-QfCPDN2VuN0\/Xg8a2-MiXjI\/AAAAAAAAMgI\/o5x8nJU9FYkkEjopjPcFGHDYSTmJTzqiwCLcBGAsYHQ\/s1600\/20200102_124311.jpg\" style=\"margin-left: 1em; margin-right: 1em;\"><img loading=\"lazy\" decoding=\"async\" border=\"0\" data-original-height=\"739\" data-original-width=\"1600\" height=\"294\" src=\"https:\/\/1.bp.blogspot.com\/-QfCPDN2VuN0\/Xg8a2-MiXjI\/AAAAAAAAMgI\/o5x8nJU9FYkkEjopjPcFGHDYSTmJTzqiwCLcBGAsYHQ\/s640\/20200102_124311.jpg\" width=\"640\" \/><\/a><\/div>\n<div style=\"clear: both; text-align: center;\"><\/div>\n<div style=\"clear: both; text-align: left;\">T\u00e4na hommikul pilte \u00fcle vaadates avastan, et ega neid laevu, mida ka sellel pildil Kutt vaatab, eriti n\u00e4ha pole. Ehk videos on rohkem.&nbsp;&nbsp;<\/div>\n<div style=\"clear: both; text-align: left;\"><\/div>\n<div style=\"clear: both; text-align: center;\"><a href=\"https:\/\/1.bp.blogspot.com\/-m3aIIUCeorg\/Xg8bvmks35I\/AAAAAAAAMgQ\/FRgm1a4cPGM2q6Cq66kIfUMMV4CHH9TeACLcBGAsYHQ\/s1600\/20200102_133649.jpg\" style=\"clear: right; float: right; margin-bottom: 1em; margin-left: 1em;\"><img loading=\"lazy\" decoding=\"async\" border=\"0\" data-original-height=\"1600\" data-original-width=\"739\" height=\"320\" src=\"https:\/\/1.bp.blogspot.com\/-m3aIIUCeorg\/Xg8bvmks35I\/AAAAAAAAMgQ\/FRgm1a4cPGM2q6Cq66kIfUMMV4CHH9TeACLcBGAsYHQ\/s320\/20200102_133649.jpg\" width=\"147\" \/><\/a><\/div>\n<p><object contentid=\"a2d57566237c83af\" height=\"266\" width=\"320\"><\/object><br \/>Postituse alguses mainisin v\u00e4simust. Eestis olles \u00e4rkasin viimased poolteist kuud ca kell 5, viimase n\u00e4dala ka 5.30, sest olin osaline hommikugrupis, mida veab mu mentor Kai Oja. Nii uskumatu kui see ka pole, siis 30 minutit p\u00e4eva alguses tegevusi, mis m\u00f5testatult v\u00f5tavad eelmise p\u00e4eva kokku ja avavad algava p\u00e4eva, on tohutult v\u00e4estavad. \ud83d\ude4f\ud83d\ude4c<br \/>Ma olen t\u00e4iesti kindel, et t\u00e4nu nendele hommikustele kogemustele ma \u00fcldse jaksasin ja suutsin kogu selle kolimise virrvarri ja sellega kaasneva paberimajandusega toime tulla. Veendusin, et enda t\u00f6\u00f6lt lahti v\u00f5tmine novembri l\u00f5pus oli 100% \u00f5ige otsus, sest vaimselt ja f\u00fc\u00fcsiliselt lihtsalt poleks j\u00f5udnud k\u00f5ike.<br \/>Siia lennates oli kahjutunne suur, et ei saa enam osaleda neis, samas praegu tunnen, et mul on seda n-\u00f6 v\u00e4lja magamist vaja olnud. T\u00e4nagi \u00f6\u00f6sel magasin 11 tundi, kuid \u00e4rgates tundsin, kuidas vaikselt hakkab see f\u00fc\u00fcsiline v\u00e4simus j\u00e4rele andma. Vaim on see-eest tegutsemisvalmis olnud, aga ka vaimul on lihtsam, kui kehaline seisund seda toetab. Niisiis, n\u00fc\u00fcd olen valmis taas varem \u00e4rkama ja taastama kunagise rutiini, kus hommikusele \u00e4rkamisele j\u00e4rgneb tunnike \u00f5ppimist. Ideaalis v\u00f5iks siin ka selle 5.30 v\u00f5i 6.00 klubi k\u00e4ima t\u00f5mmata, aga mul endal puuduvad ambitsioonid selle juhendamiseks. Las iga kingsepp j\u00e4\u00e4b ikka oma liistude juurde.<\/p>\n<p>P.S Oleme t\u00f5esti ilusad ilmad siia toonud, sest t\u00e4na paistab taas p\u00e4ike ja taevas pole pilveribagi. Nii et palju \u00f5nne, emme, siitkaudu ka!<\/p>","protected":false},"excerpt":{"rendered":"<p>Mina olen. L\u00fchidalt \u00f6eldes &#8211; maitse ei olnud hea, aga \u00e4ratas h\u00e4sti. \ud83d\ude02Mulle nimelt meeldib kohvi kaneeliga juua ja tomatile musta pipart panna. Seekord sai kohv musta pipra ja ma t\u00f5esti lootsin, et see ei maitse eriti hullusti. Kutt muidugi k\u00f5rvalt kilkas, et hea prank, selle oleks v\u00f5inud videosse v\u00f5tta. Uni l\u00e4ks k\u00fcll kohe \u00e4ra, [&hellip;]<\/p>\n","protected":false},"author":2,"featured_media":0,"comment_status":"open","ping_status":"open","sticky":false,"template":"","format":"standard","meta":{"footnotes":""},"categories":[45,21],"tags":[],"class_list":["post-1019","post","type-post","status-publish","format-standard","hentry","category-aberdeen","category-eestlane-sotimaal","entry","owp-thumbs-layout-horizontal","owp-btn-normal","owp-tabs-layout-horizontal","has-no-thumbnails","has-product-nav"],"yoast_head":"<!-- This site is optimized with the Yoast SEO plugin v27.4 - https:\/\/yoast.com\/product\/yoast-seo-wordpress\/ -->\n<title>Pipraga kohvi olete proovinud? \ud83d\ude02 - Birgit Itse - Be Inspired<\/title>\n<meta name=\"robots\" content=\"index, follow, max-snippet:-1, max-image-preview:large, max-video-preview:-1\" \/>\n<link rel=\"canonical\" href=\"https:\/\/www.birgit-itse.com\/et\/pipraga-kohvi-olete-proovinud-\ud83d\ude02\/\" \/>\n<meta property=\"og:locale\" content=\"et_EE\" \/>\n<meta property=\"og:type\" content=\"article\" \/>\n<meta property=\"og:title\" content=\"Pipraga kohvi olete proovinud? \ud83d\ude02 - Birgit Itse - Be Inspired\" \/>\n<meta property=\"og:description\" content=\"Mina olen. L\u00fchidalt \u00f6eldes &#8211; maitse ei olnud hea, aga \u00e4ratas h\u00e4sti. \ud83d\ude02Mulle nimelt meeldib kohvi kaneeliga juua ja tomatile musta pipart panna. Seekord sai kohv musta pipra ja ma t\u00f5esti lootsin, et see ei maitse eriti hullusti. Kutt muidugi k\u00f5rvalt kilkas, et hea prank, selle oleks v\u00f5inud videosse v\u00f5tta. Uni l\u00e4ks k\u00fcll kohe \u00e4ra, [&hellip;]\" \/>\n<meta property=\"og:url\" content=\"https:\/\/www.birgit-itse.com\/et\/pipraga-kohvi-olete-proovinud-\ud83d\ude02\/\" \/>\n<meta property=\"og:site_name\" content=\"Birgit Itse - Be Inspired\" \/>\n<meta property=\"article:published_time\" content=\"2020-01-03T10:58:00+00:00\" \/>\n<meta property=\"og:image\" content=\"https:\/\/1.bp.blogspot.com\/-_VWUOZ-22ec\/Xg8SD0ygh_I\/AAAAAAAAMfc\/7bzxzvgdIpkoQnAG8swd5nh36azLL4M_wCLcBGAsYHQ\/s320\/20200103_092123.jpg\" \/>\n<meta name=\"author\" content=\"Birgit\" \/>\n<meta name=\"twitter:card\" content=\"summary_large_image\" \/>\n<meta name=\"twitter:label1\" content=\"Written by\" \/>\n\t<meta name=\"twitter:data1\" content=\"Birgit\" \/>\n\t<meta name=\"twitter:label2\" content=\"Est. reading time\" \/>\n\t<meta name=\"twitter:data2\" content=\"7 minutit\" \/>\n<script type=\"application\/ld+json\" class=\"yoast-schema-graph\">{\"@context\":\"https:\\\/\\\/schema.org\",\"@graph\":[{\"@type\":\"Article\",\"@id\":\"https:\\\/\\\/www.birgit-itse.com\\\/pipraga-kohvi-olete-proovinud-%f0%9f%98%82\\\/#article\",\"isPartOf\":{\"@id\":\"https:\\\/\\\/www.birgit-itse.com\\\/pipraga-kohvi-olete-proovinud-%f0%9f%98%82\\\/\"},\"author\":{\"name\":\"Birgit\",\"@id\":\"http:\\\/\\\/www.birgit-itse.com\\\/et\\\/#\\\/schema\\\/person\\\/3f7c1c34cf70c1ed6f580544f8ae6b7b\"},\"headline\":\"Pipraga kohvi olete proovinud? \ud83d\ude02\",\"datePublished\":\"2020-01-03T10:58:00+00:00\",\"mainEntityOfPage\":{\"@id\":\"https:\\\/\\\/www.birgit-itse.com\\\/pipraga-kohvi-olete-proovinud-%f0%9f%98%82\\\/\"},\"wordCount\":1331,\"commentCount\":0,\"publisher\":{\"@id\":\"http:\\\/\\\/www.birgit-itse.com\\\/et\\\/#organization\"},\"image\":{\"@id\":\"https:\\\/\\\/www.birgit-itse.com\\\/pipraga-kohvi-olete-proovinud-%f0%9f%98%82\\\/#primaryimage\"},\"thumbnailUrl\":\"https:\\\/\\\/1.bp.blogspot.com\\\/-_VWUOZ-22ec\\\/Xg8SD0ygh_I\\\/AAAAAAAAMfc\\\/7bzxzvgdIpkoQnAG8swd5nh36azLL4M_wCLcBGAsYHQ\\\/s320\\\/20200103_092123.jpg\",\"articleSection\":[\"aberdeen\",\"eestlane \u0161otimaal\"],\"inLanguage\":\"et\"},{\"@type\":\"WebPage\",\"@id\":\"https:\\\/\\\/www.birgit-itse.com\\\/pipraga-kohvi-olete-proovinud-%f0%9f%98%82\\\/\",\"url\":\"https:\\\/\\\/www.birgit-itse.com\\\/pipraga-kohvi-olete-proovinud-%f0%9f%98%82\\\/\",\"name\":\"Pipraga kohvi olete proovinud? \ud83d\ude02 - Birgit Itse - Be Inspired\",\"isPartOf\":{\"@id\":\"http:\\\/\\\/www.birgit-itse.com\\\/et\\\/#website\"},\"primaryImageOfPage\":{\"@id\":\"https:\\\/\\\/www.birgit-itse.com\\\/pipraga-kohvi-olete-proovinud-%f0%9f%98%82\\\/#primaryimage\"},\"image\":{\"@id\":\"https:\\\/\\\/www.birgit-itse.com\\\/pipraga-kohvi-olete-proovinud-%f0%9f%98%82\\\/#primaryimage\"},\"thumbnailUrl\":\"https:\\\/\\\/1.bp.blogspot.com\\\/-_VWUOZ-22ec\\\/Xg8SD0ygh_I\\\/AAAAAAAAMfc\\\/7bzxzvgdIpkoQnAG8swd5nh36azLL4M_wCLcBGAsYHQ\\\/s320\\\/20200103_092123.jpg\",\"datePublished\":\"2020-01-03T10:58:00+00:00\",\"breadcrumb\":{\"@id\":\"https:\\\/\\\/www.birgit-itse.com\\\/pipraga-kohvi-olete-proovinud-%f0%9f%98%82\\\/#breadcrumb\"},\"inLanguage\":\"et\",\"potentialAction\":[{\"@type\":\"ReadAction\",\"target\":[\"https:\\\/\\\/www.birgit-itse.com\\\/pipraga-kohvi-olete-proovinud-%f0%9f%98%82\\\/\"]}]},{\"@type\":\"ImageObject\",\"inLanguage\":\"et\",\"@id\":\"https:\\\/\\\/www.birgit-itse.com\\\/pipraga-kohvi-olete-proovinud-%f0%9f%98%82\\\/#primaryimage\",\"url\":\"https:\\\/\\\/1.bp.blogspot.com\\\/-_VWUOZ-22ec\\\/Xg8SD0ygh_I\\\/AAAAAAAAMfc\\\/7bzxzvgdIpkoQnAG8swd5nh36azLL4M_wCLcBGAsYHQ\\\/s320\\\/20200103_092123.jpg\",\"contentUrl\":\"https:\\\/\\\/1.bp.blogspot.com\\\/-_VWUOZ-22ec\\\/Xg8SD0ygh_I\\\/AAAAAAAAMfc\\\/7bzxzvgdIpkoQnAG8swd5nh36azLL4M_wCLcBGAsYHQ\\\/s320\\\/20200103_092123.jpg\"},{\"@type\":\"BreadcrumbList\",\"@id\":\"https:\\\/\\\/www.birgit-itse.com\\\/pipraga-kohvi-olete-proovinud-%f0%9f%98%82\\\/#breadcrumb\",\"itemListElement\":[{\"@type\":\"ListItem\",\"position\":1,\"name\":\"Home\",\"item\":\"http:\\\/\\\/www.birgit-itse.com\\\/et\\\/\"},{\"@type\":\"ListItem\",\"position\":2,\"name\":\"Pipraga kohvi olete proovinud? \ud83d\ude02\"}]},{\"@type\":\"WebSite\",\"@id\":\"http:\\\/\\\/www.birgit-itse.com\\\/et\\\/#website\",\"url\":\"http:\\\/\\\/www.birgit-itse.com\\\/et\\\/\",\"name\":\"Birgit Itse - Be Inspired\",\"description\":\"Ghostwriter, Author, Keynote Speaker\",\"publisher\":{\"@id\":\"http:\\\/\\\/www.birgit-itse.com\\\/et\\\/#organization\"},\"potentialAction\":[{\"@type\":\"SearchAction\",\"target\":{\"@type\":\"EntryPoint\",\"urlTemplate\":\"http:\\\/\\\/www.birgit-itse.com\\\/et\\\/?s={search_term_string}\"},\"query-input\":{\"@type\":\"PropertyValueSpecification\",\"valueRequired\":true,\"valueName\":\"search_term_string\"}}],\"inLanguage\":\"et\"},{\"@type\":\"Organization\",\"@id\":\"http:\\\/\\\/www.birgit-itse.com\\\/et\\\/#organization\",\"name\":\"Birgit Itse - Be Inspired\",\"url\":\"http:\\\/\\\/www.birgit-itse.com\\\/et\\\/\",\"logo\":{\"@type\":\"ImageObject\",\"inLanguage\":\"et\",\"@id\":\"http:\\\/\\\/www.birgit-itse.com\\\/et\\\/#\\\/schema\\\/logo\\\/image\\\/\",\"url\":\"https:\\\/\\\/www.birgit-itse.com\\\/wp-content\\\/uploads\\\/2020\\\/10\\\/cropped-Birgit-name-logo-orange.png\",\"contentUrl\":\"https:\\\/\\\/www.birgit-itse.com\\\/wp-content\\\/uploads\\\/2020\\\/10\\\/cropped-Birgit-name-logo-orange.png\",\"width\":1326,\"height\":841,\"caption\":\"Birgit Itse - Be Inspired\"},\"image\":{\"@id\":\"http:\\\/\\\/www.birgit-itse.com\\\/et\\\/#\\\/schema\\\/logo\\\/image\\\/\"}},{\"@type\":\"Person\",\"@id\":\"http:\\\/\\\/www.birgit-itse.com\\\/et\\\/#\\\/schema\\\/person\\\/3f7c1c34cf70c1ed6f580544f8ae6b7b\",\"name\":\"Birgit\",\"image\":{\"@type\":\"ImageObject\",\"inLanguage\":\"et\",\"@id\":\"https:\\\/\\\/secure.gravatar.com\\\/avatar\\\/?s=96&d=mm&r=g\",\"url\":\"https:\\\/\\\/secure.gravatar.com\\\/avatar\\\/?s=96&d=mm&r=g\",\"contentUrl\":\"https:\\\/\\\/secure.gravatar.com\\\/avatar\\\/?s=96&d=mm&r=g\",\"caption\":\"Birgit\"},\"url\":\"https:\\\/\\\/www.birgit-itse.com\\\/et\\\/author\\\/birgit\\\/\"}]}<\/script>\n<!-- \/ Yoast SEO plugin. -->","yoast_head_json":{"title":"Pipraga kohvi olete proovinud? \ud83d\ude02 - Birgit Itse - Be Inspired","robots":{"index":"index","follow":"follow","max-snippet":"max-snippet:-1","max-image-preview":"max-image-preview:large","max-video-preview":"max-video-preview:-1"},"canonical":"https:\/\/www.birgit-itse.com\/et\/pipraga-kohvi-olete-proovinud-\ud83d\ude02\/","og_locale":"et_EE","og_type":"article","og_title":"Pipraga kohvi olete proovinud? \ud83d\ude02 - Birgit Itse - Be Inspired","og_description":"Mina olen. L\u00fchidalt \u00f6eldes &#8211; maitse ei olnud hea, aga \u00e4ratas h\u00e4sti. \ud83d\ude02Mulle nimelt meeldib kohvi kaneeliga juua ja tomatile musta pipart panna. Seekord sai kohv musta pipra ja ma t\u00f5esti lootsin, et see ei maitse eriti hullusti. Kutt muidugi k\u00f5rvalt kilkas, et hea prank, selle oleks v\u00f5inud videosse v\u00f5tta. Uni l\u00e4ks k\u00fcll kohe \u00e4ra, [&hellip;]","og_url":"https:\/\/www.birgit-itse.com\/et\/pipraga-kohvi-olete-proovinud-\ud83d\ude02\/","og_site_name":"Birgit Itse - Be Inspired","article_published_time":"2020-01-03T10:58:00+00:00","og_image":[{"url":"https:\/\/1.bp.blogspot.com\/-_VWUOZ-22ec\/Xg8SD0ygh_I\/AAAAAAAAMfc\/7bzxzvgdIpkoQnAG8swd5nh36azLL4M_wCLcBGAsYHQ\/s320\/20200103_092123.jpg","type":"","width":"","height":""}],"author":"Birgit","twitter_card":"summary_large_image","twitter_misc":{"Written by":"Birgit","Est. reading time":"7 minutit"},"schema":{"@context":"https:\/\/schema.org","@graph":[{"@type":"Article","@id":"https:\/\/www.birgit-itse.com\/pipraga-kohvi-olete-proovinud-%f0%9f%98%82\/#article","isPartOf":{"@id":"https:\/\/www.birgit-itse.com\/pipraga-kohvi-olete-proovinud-%f0%9f%98%82\/"},"author":{"name":"Birgit","@id":"http:\/\/www.birgit-itse.com\/et\/#\/schema\/person\/3f7c1c34cf70c1ed6f580544f8ae6b7b"},"headline":"Pipraga kohvi olete proovinud? \ud83d\ude02","datePublished":"2020-01-03T10:58:00+00:00","mainEntityOfPage":{"@id":"https:\/\/www.birgit-itse.com\/pipraga-kohvi-olete-proovinud-%f0%9f%98%82\/"},"wordCount":1331,"commentCount":0,"publisher":{"@id":"http:\/\/www.birgit-itse.com\/et\/#organization"},"image":{"@id":"https:\/\/www.birgit-itse.com\/pipraga-kohvi-olete-proovinud-%f0%9f%98%82\/#primaryimage"},"thumbnailUrl":"https:\/\/1.bp.blogspot.com\/-_VWUOZ-22ec\/Xg8SD0ygh_I\/AAAAAAAAMfc\/7bzxzvgdIpkoQnAG8swd5nh36azLL4M_wCLcBGAsYHQ\/s320\/20200103_092123.jpg","articleSection":["aberdeen","eestlane \u0161otimaal"],"inLanguage":"et"},{"@type":"WebPage","@id":"https:\/\/www.birgit-itse.com\/pipraga-kohvi-olete-proovinud-%f0%9f%98%82\/","url":"https:\/\/www.birgit-itse.com\/pipraga-kohvi-olete-proovinud-%f0%9f%98%82\/","name":"Pipraga kohvi olete proovinud? \ud83d\ude02 - Birgit Itse - Be Inspired","isPartOf":{"@id":"http:\/\/www.birgit-itse.com\/et\/#website"},"primaryImageOfPage":{"@id":"https:\/\/www.birgit-itse.com\/pipraga-kohvi-olete-proovinud-%f0%9f%98%82\/#primaryimage"},"image":{"@id":"https:\/\/www.birgit-itse.com\/pipraga-kohvi-olete-proovinud-%f0%9f%98%82\/#primaryimage"},"thumbnailUrl":"https:\/\/1.bp.blogspot.com\/-_VWUOZ-22ec\/Xg8SD0ygh_I\/AAAAAAAAMfc\/7bzxzvgdIpkoQnAG8swd5nh36azLL4M_wCLcBGAsYHQ\/s320\/20200103_092123.jpg","datePublished":"2020-01-03T10:58:00+00:00","breadcrumb":{"@id":"https:\/\/www.birgit-itse.com\/pipraga-kohvi-olete-proovinud-%f0%9f%98%82\/#breadcrumb"},"inLanguage":"et","potentialAction":[{"@type":"ReadAction","target":["https:\/\/www.birgit-itse.com\/pipraga-kohvi-olete-proovinud-%f0%9f%98%82\/"]}]},{"@type":"ImageObject","inLanguage":"et","@id":"https:\/\/www.birgit-itse.com\/pipraga-kohvi-olete-proovinud-%f0%9f%98%82\/#primaryimage","url":"https:\/\/1.bp.blogspot.com\/-_VWUOZ-22ec\/Xg8SD0ygh_I\/AAAAAAAAMfc\/7bzxzvgdIpkoQnAG8swd5nh36azLL4M_wCLcBGAsYHQ\/s320\/20200103_092123.jpg","contentUrl":"https:\/\/1.bp.blogspot.com\/-_VWUOZ-22ec\/Xg8SD0ygh_I\/AAAAAAAAMfc\/7bzxzvgdIpkoQnAG8swd5nh36azLL4M_wCLcBGAsYHQ\/s320\/20200103_092123.jpg"},{"@type":"BreadcrumbList","@id":"https:\/\/www.birgit-itse.com\/pipraga-kohvi-olete-proovinud-%f0%9f%98%82\/#breadcrumb","itemListElement":[{"@type":"ListItem","position":1,"name":"Home","item":"http:\/\/www.birgit-itse.com\/et\/"},{"@type":"ListItem","position":2,"name":"Pipraga kohvi olete proovinud? \ud83d\ude02"}]},{"@type":"WebSite","@id":"http:\/\/www.birgit-itse.com\/et\/#website","url":"http:\/\/www.birgit-itse.com\/et\/","name":"Birgit Itse - Be Inspired","description":"Ghostwriter, Author, Keynote Speaker","publisher":{"@id":"http:\/\/www.birgit-itse.com\/et\/#organization"},"potentialAction":[{"@type":"SearchAction","target":{"@type":"EntryPoint","urlTemplate":"http:\/\/www.birgit-itse.com\/et\/?s={search_term_string}"},"query-input":{"@type":"PropertyValueSpecification","valueRequired":true,"valueName":"search_term_string"}}],"inLanguage":"et"},{"@type":"Organization","@id":"http:\/\/www.birgit-itse.com\/et\/#organization","name":"Birgit Itse - Be Inspired","url":"http:\/\/www.birgit-itse.com\/et\/","logo":{"@type":"ImageObject","inLanguage":"et","@id":"http:\/\/www.birgit-itse.com\/et\/#\/schema\/logo\/image\/","url":"https:\/\/www.birgit-itse.com\/wp-content\/uploads\/2020\/10\/cropped-Birgit-name-logo-orange.png","contentUrl":"https:\/\/www.birgit-itse.com\/wp-content\/uploads\/2020\/10\/cropped-Birgit-name-logo-orange.png","width":1326,"height":841,"caption":"Birgit Itse - Be Inspired"},"image":{"@id":"http:\/\/www.birgit-itse.com\/et\/#\/schema\/logo\/image\/"}},{"@type":"Person","@id":"http:\/\/www.birgit-itse.com\/et\/#\/schema\/person\/3f7c1c34cf70c1ed6f580544f8ae6b7b","name":"Birgit","image":{"@type":"ImageObject","inLanguage":"et","@id":"https:\/\/secure.gravatar.com\/avatar\/?s=96&d=mm&r=g","url":"https:\/\/secure.gravatar.com\/avatar\/?s=96&d=mm&r=g","contentUrl":"https:\/\/secure.gravatar.com\/avatar\/?s=96&d=mm&r=g","caption":"Birgit"},"url":"https:\/\/www.birgit-itse.com\/et\/author\/birgit\/"}]}},"_links":{"self":[{"href":"https:\/\/www.birgit-itse.com\/et\/wp-json\/wp\/v2\/posts\/1019","targetHints":{"allow":["GET"]}}],"collection":[{"href":"https:\/\/www.birgit-itse.com\/et\/wp-json\/wp\/v2\/posts"}],"about":[{"href":"https:\/\/www.birgit-itse.com\/et\/wp-json\/wp\/v2\/types\/post"}],"author":[{"embeddable":true,"href":"https:\/\/www.birgit-itse.com\/et\/wp-json\/wp\/v2\/users\/2"}],"replies":[{"embeddable":true,"href":"https:\/\/www.birgit-itse.com\/et\/wp-json\/wp\/v2\/comments?post=1019"}],"version-history":[{"count":0,"href":"https:\/\/www.birgit-itse.com\/et\/wp-json\/wp\/v2\/posts\/1019\/revisions"}],"wp:attachment":[{"href":"https:\/\/www.birgit-itse.com\/et\/wp-json\/wp\/v2\/media?parent=1019"}],"wp:term":[{"taxonomy":"category","embeddable":true,"href":"https:\/\/www.birgit-itse.com\/et\/wp-json\/wp\/v2\/categories?post=1019"},{"taxonomy":"post_tag","embeddable":true,"href":"https:\/\/www.birgit-itse.com\/et\/wp-json\/wp\/v2\/tags?post=1019"}],"curies":[{"name":"wp","href":"https:\/\/api.w.org\/{rel}","templated":true}]}}