{"id":1020,"date":"2020-01-02T10:49:00","date_gmt":"2020-01-02T10:49:00","guid":{"rendered":"https:\/\/birgit-itse.com\/2020\/01\/02\/kohtumised-pohjamere-aares\/"},"modified":"2020-01-02T10:49:00","modified_gmt":"2020-01-02T10:49:00","slug":"kohtumised-pohjamere-aares","status":"publish","type":"post","link":"https:\/\/www.birgit-itse.com\/et\/kohtumised-pohjamere-aares\/","title":{"rendered":"Kohtumised P\u00f5hjamere \u00e4\u00e4res"},"content":{"rendered":"<p>&#8220;T\u00e4na l\u00e4heme mere \u00e4\u00e4rde!&#8221; h\u00f5iskas mu hing r\u00f5\u00f5must, kui hommikul kell 7 kohaliku aja j\u00e4rgi silmad lahti tegin. Progress, hakkan \u00f5igesse ajav\u00f6\u00f6ndisse j\u00f5udma, muigasin m\u00f5ttes, kui kella vaatasin.<\/p>\n<p>Kutt magas eelteismelise magusat und ja lubasin endale poolteist tundi isiklikku aega enne, kui ta toas tule p\u00f5lema panin ja esimese \u00e4rkamise sel aastal videosse v\u00f5tsin. Ei, te ei n\u00e4e seda. \ud83d\ude06 Nagu ka videot sellest, kuidas ta mere \u00e4\u00e4res hirmk\u00f5rge liivaluite otsa ronis ja siis oli h\u00e4das alla tulekuga, aga minu juhendamist ka kuulda v\u00f5tta ei tahtnud. Aga kui v\u00f5ttis, sai ka ruttu alla. \ud83d\ude1d<\/p>\n<div style=\"clear: both; text-align: center;\"><a href=\"https:\/\/1.bp.blogspot.com\/-y1lEagAa0ew\/Xg3BQfj6z3I\/AAAAAAAAMfA\/QauN5PvjC3ASH-CRMu_p4dQT6VTWlVDGgCLcBGAsYHQ\/s1600\/m%25C3%25A4nguv%25C3%25A4ljak%2Bja%2Bm%25C3%25A4rgid.jpg\" style=\"margin-left: 1em; margin-right: 1em;\"><img fetchpriority=\"high\" decoding=\"async\" border=\"0\" data-original-height=\"1280\" data-original-width=\"1600\" height=\"512\" src=\"https:\/\/1.bp.blogspot.com\/-y1lEagAa0ew\/Xg3BQfj6z3I\/AAAAAAAAMfA\/QauN5PvjC3ASH-CRMu_p4dQT6VTWlVDGgCLcBGAsYHQ\/s640\/m%25C3%25A4nguv%25C3%25A4ljak%2Bja%2Bm%25C3%25A4rgid.jpg\" width=\"640\" \/><\/a><\/div>\n<p>Uue aasta esimene p\u00e4ev tervitas meid p\u00e4ikesepaistega. V\u00e4idetavalt olevat see siinkandis haruldane, aga meil on olnud juba kaks p\u00e4ikesepaistelist p\u00e4eva. Tegelikult oli ka t\u00e4nane hommik imelise taevaga, kuigi \u00f6\u00f6sel hakkas niimoodi puhuma, et uksel olev postiava kolksus m\u00f5nusalt. Aga ikkagi l\u00e4heme t\u00e4na ka jalutama, vaatame promenaadi \u00fcle. Poodi ka vaja minna.<br \/>Mere \u00e4\u00e4rde minekuks valisime tee \u00fcle m\u00e4nguv\u00e4ljaku, mille Kutt oli juba vana aasta viimasel p\u00e4eval \u00fcle vaadanud. Jah, n\u00e4gi merd k\u00fcll ja atraktsioone oli seal nii pisematele kui ka suurematele. Rohelise muruplatsiga pildid ongi m\u00e4nguv\u00e4ljakult, liiklusm\u00e4rki, mis teatab, et 20 miili tunnis on liikumiskiiruseks piisav ning silti Doni j\u00f5el, mis teatab, et vesi on siin madal ja vetteh\u00fcpe ohtlik, n\u00e4gime teel mere \u00e4\u00e4rde. Kusjuures see sild, mille juures silt oli, on ikka megak\u00f5rgel j\u00f5epiirist. Tundub, et m\u00f5ned siiski sildist ei hoolinud v\u00f5i olid v\u00f5tnud seda kindla piletina pilvepiirile, sest teisel pool silda oli m\u00e4rkimisv\u00e4\u00e4rne kogus k\u00fc\u00fcnlaid ja lilli. \ud83d\ude36<\/p>\n<p><a href=\"https:\/\/1.bp.blogspot.com\/-7Dw11Xw_Bfw\/Xg3BPbhmhBI\/AAAAAAAAMfM\/Q5mLd_JsuLwXhjNhD7cNXfupQBXHBRxXgCEwYBhgL\/s1600\/Luuderohi.jpg\" style=\"clear: left; float: left; margin-bottom: 1em; margin-right: 1em;\"><img decoding=\"async\" border=\"0\" data-original-height=\"1280\" data-original-width=\"1600\" height=\"320\" src=\"https:\/\/1.bp.blogspot.com\/-7Dw11Xw_Bfw\/Xg3BPbhmhBI\/AAAAAAAAMfM\/Q5mLd_JsuLwXhjNhD7cNXfupQBXHBRxXgCEwYBhgL\/s400\/Luuderohi.jpg\" width=\"400\" \/><\/a>Selle j\u00f5e ja j\u00f5e\u00e4\u00e4rse raja avastasime \u00fcsna juhuslikult. &#8220;Vaatame, kus see l\u00e4heb!&#8221; ja l\u00e4ksime trepist alla. T\u00e4iega \u00e4ge, kuidas luuderohi paneb m\u00f6\u00f6da puid. Jah, ma tean k\u00fcll, et see l\u00f5puks toitub puudest, aga mulle meeldib, kuidas k\u00f5ik on roheline isegi siis, kui puudel lehti pole. Ja luuderohu lehed on siin nii suured, et katab mu peopesa \u00e4ra.<br \/>Pilte tegime palju ja mingil hetkel kuskil Wifis tekitan korraliku albumi ka, aga praegu panen siia kollaa\u017ee ja m\u00f5ned vaated.<br \/>Mul on k\u00fcll kohaliku numbriga ka 20GB andmesidet+ Eesti numbriga 10, aga kahtlustan, et see saab sel moel \u00fcsna ruttu otsa. Seega tuleb kohalik konto pangas avada, siis saab ka igasuguseid igap\u00e4evaseid luksuseid rahulikumalt nautida. Mis kohalikesse maksudesse puutub, siis majaomanik luges meile s\u00f5nad peale, et me nii kohalike teenuste maksu (council tax) kui ka telekamaksu maksaks igakuiselt, kuigi nad avaldavat survet, et maksaks terve aasta korraga \u00e4ra, sest kui peaksime otsustama, et kolime keset aastat kuskile teise piirkonda, siis ega me seda ettemakstud maksu tagasi ei saa. Aga see council tax aastas on ca \u00a31200 Aberdeenis. Telkumaks on ca kuus k\u00fcmpi ja seda tuleb maksta ka siis, kui v\u00f5tad endale nn targa teleka, kus k\u00f5ik vabaprogrammid sees. Esialgu saame kasutada Lynni t\u00fctre telkut, aga selline korraliku suure ekraaniga maksvat ca kaks sajast. \u00dchel hetkel l\u00e4heme nagunii poodi, sest Kutile vaja ka lauda \u00f5ppimiseks.<\/p>\n<p><a href=\"https:\/\/1.bp.blogspot.com\/-_qaFu-nMI7I\/Xg3BPNBFPMI\/AAAAAAAAMfE\/-_2CmLuxk70YfobPNjI6rTE4oXa2lNatgCEwYBhgL\/s1600\/Kutt.jpg\" style=\"clear: left; float: left; margin-bottom: 1em; margin-right: 1em;\"><img decoding=\"async\" border=\"0\" data-original-height=\"1280\" data-original-width=\"1600\" height=\"256\" src=\"https:\/\/1.bp.blogspot.com\/-_qaFu-nMI7I\/Xg3BPNBFPMI\/AAAAAAAAMfE\/-_2CmLuxk70YfobPNjI6rTE4oXa2lNatgCEwYBhgL\/s320\/Kutt.jpg\" width=\"320\" \/><\/a>Nii, aga mere \u00e4\u00e4rde minek oli t\u00f5eline elamus. Kutt sai katsuda kohalikke kasse ja koeri, neid viimaseid jooksis seal luidete vahel t\u00f5eliselt palju. Ma olen v\u00e4ga \u00f5nnelik, et me otsustasime eile just selle j\u00f5e p\u00f5hjakalda kasuks ega l\u00e4inud kahe j\u00f5e vahelisele promenaadile. Esiteks oli eile m\u00f5nus, kerge tuuleke vaid, ja saime seal liivasel rannal jalutada, imetleda t\u00f5usude ja m\u00f5\u00f5nade tekitatud pinnavorme ning \u00e4gedaid karpe ja kivikesi. Teiseks oli promenaad eile autosid t\u00e4is, aga meile sobis see rahulik rand rohkem. P\u00f5hja suunas ulatusid need luited nii kaugele, kui silm ulatus ja ilmselt veel kaugemalegi. L\u00f5una pool Aberdeeni on rannik kivisem ja kaljusem.<br \/>Kokku kestis me jalutusk\u00e4ik ca 3 tundi. Kilomeetreid v\u00f5i miile, nagu siinkandis on kombeks, ilmselt eriti palju ei tulnud, sest v\u00f5tsime rahulikult, aga p\u00f5sed olid k\u00fcll m\u00f5nusalt punased, kui tagasi j\u00f5udsime ja toit maitses h\u00e4sti. Vaikselt \u00f5pin pliiti ka tundma. Ahjus pole veel midagi teinud, aga selle puutetundliku pliidi kasutamise olen vist peaaegu selgeks saanud.<br \/>K\u00fcttega on nii, et gaasik\u00fcte l\u00e4heb t\u00f6\u00f6le (kui ma \u00f5igesti aru sain) kolm korda \u00f6\u00f6p\u00e4evas. \u00d6\u00f6sel k\u00fcte ei huuga, mis t\u00e4hendab seda, et magades on parem varbad ja nina teki all hoida. Kiidan end kaasa v\u00f5etud villaste sokkide ja soojade susside eest.<br \/>Esimesel \u00f6\u00f6l \u00e4rkasin \u00fcles, sest \u00f5hk oli harjumatult karge. Vaatasin seinal andurit ja hetkega hakkas k\u00fclm &#8211; see n\u00e4itas 13 kraadi. \ud83d\ude45<br \/>Kruttisin kohe juurde 22 peale ja kuulsin, kuidas k\u00fcte t\u00f6\u00f6le hakkas. Viis minutit hiljem oli juba t\u00e4itsa soe. Hiljem pole nii j\u00e4rsku temperatuurilangust kohanud. \ud83d\ude07 Kutt magab teisel korrusel ja seal tal k\u00fclm ei olnud.<\/p>\n<p>Kui olime eile tagasi tulnud, k\u00f5hu t\u00e4is s\u00f6\u00f6nud, siis uurisin veidi linna kohta ka. Ema oli mul juba inglisekeelses vikipeedias oleva info endale selgeks teinud, seega tundsin, et kohalikuna pean oma teadlikkust t\u00f5stma. \ud83d\ude02 Mis ma teada sain?<\/p>\n<ul><a href=\"https:\/\/1.bp.blogspot.com\/-2dOyP0WauLk\/Xg3BQCnqWAI\/AAAAAAAAMfQ\/4MTYyzuMAEwD_LHVFPX97ZqsCSVM2JB_QCEwYBhgL\/s1600\/Mina.jpg\" style=\"clear: right; float: right; margin-bottom: 1em; margin-left: 1em;\"><img loading=\"lazy\" decoding=\"async\" border=\"0\" data-original-height=\"1280\" data-original-width=\"1600\" height=\"256\" src=\"https:\/\/1.bp.blogspot.com\/-2dOyP0WauLk\/Xg3BQCnqWAI\/AAAAAAAAMfQ\/4MTYyzuMAEwD_LHVFPX97ZqsCSVM2JB_QCEwYBhgL\/s320\/Mina.jpg\" width=\"320\" \/><\/a><\/p>\n<li>Siin on kaks \u00fclikooli, aga Aberdeeni \u00dclikool on vanuselt viies inglisekeelne \u00fclikool maailmas ning t\u00e4histab k\u00e4esoleval aastal oma 525. tegutsemisaastat.&nbsp;<\/li>\n<li>Keskaegset linnakroonikat t\u00f5lkides selgus, et just Aberdeen v\u00f5ib olla viski s\u00fcnnipaik \u0160otimaal, sest kirjalike allikate kohaselt pruuliti seda jooki juba renessansiaegses Aberdeenis.&nbsp;<\/li>\n<li>Aberdeeni \u00dclikoolis t\u00f6\u00f6tati v\u00e4lja MRT-aparaat, mis on praegu igas suuremas haiglas. Kasutusele v\u00f5eti see 1980.aastal.&nbsp;<\/li>\n<li>Aberdeenshire&#8217;s on k\u00f5ige enam losse ruutmiili kohta kogu Suurbritannias ning marsruudid kohalike lossidega tutvumiseks on \u00fchest kuue p\u00e4evani.&nbsp;<\/li>\n<li>Kohalik keel v\u00f5i murrak kannab nime Aberdoninan.&nbsp;<\/li>\n<li>Asustus on siin v\u00e4hemalt 8000 aastat vana. Ausalt \u00f6eldes pole siin midagi imestada, kui m\u00f5elda soodsale asukohale &#8211; kaks j\u00f5ge, on nii lauget, liivast randa kui ka kaljusid. Piisavalt k\u00fcnkaid.&nbsp;<\/li>\n<li>Elanike arvu poolest kolmas linn \u0160otimaal Edinburghi ja Glasgow j\u00e4rel.&nbsp;<\/li>\n<\/ul>\n<div style=\"clear: both; text-align: center;\"><a href=\"https:\/\/1.bp.blogspot.com\/-ov4Vgi1Ym94\/Xg3BPAZCkNI\/AAAAAAAAMfI\/3CFRrTac0LUXVhP5fQWojb1jIjy_1NYFACEwYBhgL\/s1600\/Doni%2Bj%25C3%25B5e%2Bp%25C3%25B5hjakaldal..jpg\" style=\"margin-left: 1em; margin-right: 1em;\"><img loading=\"lazy\" decoding=\"async\" border=\"0\" data-original-height=\"1280\" data-original-width=\"1600\" height=\"512\" src=\"https:\/\/1.bp.blogspot.com\/-ov4Vgi1Ym94\/Xg3BPAZCkNI\/AAAAAAAAMfI\/3CFRrTac0LUXVhP5fQWojb1jIjy_1NYFACEwYBhgL\/s640\/Doni%2Bj%25C3%25B5e%2Bp%25C3%25B5hjakaldal..jpg\" width=\"640\" \/><\/a><\/div>\n<div>Ma olen v\u00e4ga \u00f5nnelik ja t\u00e4nulik selle v\u00f5imaluse ja kogemuse eest. Mitte miski pole selline, nagu ma ette kujutasin, vaid palju v\u00f5imsam ja v\u00e4gevam. Eile \u00f5htul Kutiga s\u00f5nam\u00e4ngu m\u00e4ngideski m\u00f5tlesin t\u00e4nulikult sellele, et meil on siin nii tore ja hubane kodu, ja Lynnist-Johnist oli ikka vahva v\u00f5tta endale \u00fc\u00fcrilised, keda pole enne n\u00e4inud ja kes pole \u00fc\u00fcripinda enne n\u00e4inud. \ud83d\ude00 Oleme ikka kamp parajaid.&nbsp;<\/div>\n<div><\/div>\n<div>P.S Kui n\u00fc\u00fcd kellelgi tekib mingeid k\u00fcsimusi kohalike olude kohta, siis v\u00f5ib julgesti siin all kommenteerida v\u00f5i mulle kirjutada ka!&nbsp;<\/div>\n<p><\/p>","protected":false},"excerpt":{"rendered":"<p>&#8220;T\u00e4na l\u00e4heme mere \u00e4\u00e4rde!&#8221; h\u00f5iskas mu hing r\u00f5\u00f5must, kui hommikul kell 7 kohaliku aja j\u00e4rgi silmad lahti tegin. Progress, hakkan \u00f5igesse ajav\u00f6\u00f6ndisse j\u00f5udma, muigasin m\u00f5ttes, kui kella vaatasin. Kutt magas eelteismelise magusat und ja lubasin endale poolteist tundi isiklikku aega enne, kui ta toas tule p\u00f5lema panin ja esimese \u00e4rkamise sel aastal videosse v\u00f5tsin. Ei, [&hellip;]<\/p>\n","protected":false},"author":2,"featured_media":0,"comment_status":"open","ping_status":"open","sticky":false,"template":"","format":"standard","meta":{"footnotes":""},"categories":[45,21],"tags":[],"class_list":["post-1020","post","type-post","status-publish","format-standard","hentry","category-aberdeen","category-eestlane-sotimaal","entry","owp-thumbs-layout-horizontal","owp-btn-normal","owp-tabs-layout-horizontal","has-no-thumbnails","has-product-nav"],"yoast_head":"<!-- This site is optimized with the Yoast SEO plugin v27.4 - https:\/\/yoast.com\/product\/yoast-seo-wordpress\/ -->\n<title>Kohtumised P\u00f5hjamere \u00e4\u00e4res - Birgit Itse - Be Inspired<\/title>\n<meta name=\"robots\" content=\"index, follow, max-snippet:-1, max-image-preview:large, max-video-preview:-1\" \/>\n<link rel=\"canonical\" href=\"https:\/\/www.birgit-itse.com\/et\/kohtumised-pohjamere-aares\/\" \/>\n<meta property=\"og:locale\" content=\"et_EE\" \/>\n<meta property=\"og:type\" content=\"article\" \/>\n<meta property=\"og:title\" content=\"Kohtumised P\u00f5hjamere \u00e4\u00e4res - Birgit Itse - Be Inspired\" \/>\n<meta property=\"og:description\" content=\"&#8220;T\u00e4na l\u00e4heme mere \u00e4\u00e4rde!&#8221; h\u00f5iskas mu hing r\u00f5\u00f5must, kui hommikul kell 7 kohaliku aja j\u00e4rgi silmad lahti tegin. Progress, hakkan \u00f5igesse ajav\u00f6\u00f6ndisse j\u00f5udma, muigasin m\u00f5ttes, kui kella vaatasin. Kutt magas eelteismelise magusat und ja lubasin endale poolteist tundi isiklikku aega enne, kui ta toas tule p\u00f5lema panin ja esimese \u00e4rkamise sel aastal videosse v\u00f5tsin. Ei, [&hellip;]\" \/>\n<meta property=\"og:url\" content=\"https:\/\/www.birgit-itse.com\/et\/kohtumised-pohjamere-aares\/\" \/>\n<meta property=\"og:site_name\" content=\"Birgit Itse - Be Inspired\" \/>\n<meta property=\"article:published_time\" content=\"2020-01-02T10:49:00+00:00\" \/>\n<meta property=\"og:image\" content=\"https:\/\/1.bp.blogspot.com\/-y1lEagAa0ew\/Xg3BQfj6z3I\/AAAAAAAAMfA\/QauN5PvjC3ASH-CRMu_p4dQT6VTWlVDGgCLcBGAsYHQ\/s640\/m%25C3%25A4nguv%25C3%25A4ljak%2Bja%2Bm%25C3%25A4rgid.jpg\" \/>\n<meta name=\"author\" content=\"Birgit\" \/>\n<meta name=\"twitter:card\" content=\"summary_large_image\" \/>\n<meta name=\"twitter:label1\" content=\"Written by\" \/>\n\t<meta name=\"twitter:data1\" content=\"Birgit\" \/>\n\t<meta name=\"twitter:label2\" content=\"Est. reading time\" \/>\n\t<meta name=\"twitter:data2\" content=\"5 minutit\" \/>\n<script type=\"application\/ld+json\" class=\"yoast-schema-graph\">{\"@context\":\"https:\\\/\\\/schema.org\",\"@graph\":[{\"@type\":\"Article\",\"@id\":\"https:\\\/\\\/www.birgit-itse.com\\\/kohtumised-pohjamere-aares\\\/#article\",\"isPartOf\":{\"@id\":\"https:\\\/\\\/www.birgit-itse.com\\\/kohtumised-pohjamere-aares\\\/\"},\"author\":{\"name\":\"Birgit\",\"@id\":\"https:\\\/\\\/birgit-itse.com\\\/#\\\/schema\\\/person\\\/3f7c1c34cf70c1ed6f580544f8ae6b7b\"},\"headline\":\"Kohtumised P\u00f5hjamere \u00e4\u00e4res\",\"datePublished\":\"2020-01-02T10:49:00+00:00\",\"mainEntityOfPage\":{\"@id\":\"https:\\\/\\\/www.birgit-itse.com\\\/kohtumised-pohjamere-aares\\\/\"},\"wordCount\":1099,\"commentCount\":0,\"publisher\":{\"@id\":\"https:\\\/\\\/birgit-itse.com\\\/#organization\"},\"image\":{\"@id\":\"https:\\\/\\\/www.birgit-itse.com\\\/kohtumised-pohjamere-aares\\\/#primaryimage\"},\"thumbnailUrl\":\"https:\\\/\\\/1.bp.blogspot.com\\\/-y1lEagAa0ew\\\/Xg3BQfj6z3I\\\/AAAAAAAAMfA\\\/QauN5PvjC3ASH-CRMu_p4dQT6VTWlVDGgCLcBGAsYHQ\\\/s640\\\/m%25C3%25A4nguv%25C3%25A4ljak%2Bja%2Bm%25C3%25A4rgid.jpg\",\"articleSection\":[\"aberdeen\",\"eestlane \u0161otimaal\"],\"inLanguage\":\"et\"},{\"@type\":\"WebPage\",\"@id\":\"https:\\\/\\\/www.birgit-itse.com\\\/kohtumised-pohjamere-aares\\\/\",\"url\":\"https:\\\/\\\/www.birgit-itse.com\\\/kohtumised-pohjamere-aares\\\/\",\"name\":\"Kohtumised P\u00f5hjamere \u00e4\u00e4res - Birgit Itse - Be Inspired\",\"isPartOf\":{\"@id\":\"https:\\\/\\\/birgit-itse.com\\\/#website\"},\"primaryImageOfPage\":{\"@id\":\"https:\\\/\\\/www.birgit-itse.com\\\/kohtumised-pohjamere-aares\\\/#primaryimage\"},\"image\":{\"@id\":\"https:\\\/\\\/www.birgit-itse.com\\\/kohtumised-pohjamere-aares\\\/#primaryimage\"},\"thumbnailUrl\":\"https:\\\/\\\/1.bp.blogspot.com\\\/-y1lEagAa0ew\\\/Xg3BQfj6z3I\\\/AAAAAAAAMfA\\\/QauN5PvjC3ASH-CRMu_p4dQT6VTWlVDGgCLcBGAsYHQ\\\/s640\\\/m%25C3%25A4nguv%25C3%25A4ljak%2Bja%2Bm%25C3%25A4rgid.jpg\",\"datePublished\":\"2020-01-02T10:49:00+00:00\",\"breadcrumb\":{\"@id\":\"https:\\\/\\\/www.birgit-itse.com\\\/kohtumised-pohjamere-aares\\\/#breadcrumb\"},\"inLanguage\":\"et\",\"potentialAction\":[{\"@type\":\"ReadAction\",\"target\":[\"https:\\\/\\\/www.birgit-itse.com\\\/kohtumised-pohjamere-aares\\\/\"]}]},{\"@type\":\"ImageObject\",\"inLanguage\":\"et\",\"@id\":\"https:\\\/\\\/www.birgit-itse.com\\\/kohtumised-pohjamere-aares\\\/#primaryimage\",\"url\":\"https:\\\/\\\/1.bp.blogspot.com\\\/-y1lEagAa0ew\\\/Xg3BQfj6z3I\\\/AAAAAAAAMfA\\\/QauN5PvjC3ASH-CRMu_p4dQT6VTWlVDGgCLcBGAsYHQ\\\/s640\\\/m%25C3%25A4nguv%25C3%25A4ljak%2Bja%2Bm%25C3%25A4rgid.jpg\",\"contentUrl\":\"https:\\\/\\\/1.bp.blogspot.com\\\/-y1lEagAa0ew\\\/Xg3BQfj6z3I\\\/AAAAAAAAMfA\\\/QauN5PvjC3ASH-CRMu_p4dQT6VTWlVDGgCLcBGAsYHQ\\\/s640\\\/m%25C3%25A4nguv%25C3%25A4ljak%2Bja%2Bm%25C3%25A4rgid.jpg\"},{\"@type\":\"BreadcrumbList\",\"@id\":\"https:\\\/\\\/www.birgit-itse.com\\\/kohtumised-pohjamere-aares\\\/#breadcrumb\",\"itemListElement\":[{\"@type\":\"ListItem\",\"position\":1,\"name\":\"Home\",\"item\":\"https:\\\/\\\/birgit-itse.com\\\/\"},{\"@type\":\"ListItem\",\"position\":2,\"name\":\"Kohtumised P\u00f5hjamere \u00e4\u00e4res\"}]},{\"@type\":\"WebSite\",\"@id\":\"https:\\\/\\\/birgit-itse.com\\\/#website\",\"url\":\"https:\\\/\\\/birgit-itse.com\\\/\",\"name\":\"Birgit Itse - Be Inspired\",\"description\":\"Ghostwriter, Author, Keynote Speaker\",\"publisher\":{\"@id\":\"https:\\\/\\\/birgit-itse.com\\\/#organization\"},\"potentialAction\":[{\"@type\":\"SearchAction\",\"target\":{\"@type\":\"EntryPoint\",\"urlTemplate\":\"https:\\\/\\\/birgit-itse.com\\\/?s={search_term_string}\"},\"query-input\":{\"@type\":\"PropertyValueSpecification\",\"valueRequired\":true,\"valueName\":\"search_term_string\"}}],\"inLanguage\":\"et\"},{\"@type\":\"Organization\",\"@id\":\"https:\\\/\\\/birgit-itse.com\\\/#organization\",\"name\":\"Birgit Itse - Be Inspired\",\"url\":\"https:\\\/\\\/birgit-itse.com\\\/\",\"logo\":{\"@type\":\"ImageObject\",\"inLanguage\":\"et\",\"@id\":\"https:\\\/\\\/birgit-itse.com\\\/#\\\/schema\\\/logo\\\/image\\\/\",\"url\":\"https:\\\/\\\/www.birgit-itse.com\\\/wp-content\\\/uploads\\\/2020\\\/10\\\/cropped-Birgit-name-logo-orange.png\",\"contentUrl\":\"https:\\\/\\\/www.birgit-itse.com\\\/wp-content\\\/uploads\\\/2020\\\/10\\\/cropped-Birgit-name-logo-orange.png\",\"width\":1326,\"height\":841,\"caption\":\"Birgit Itse - Be Inspired\"},\"image\":{\"@id\":\"https:\\\/\\\/birgit-itse.com\\\/#\\\/schema\\\/logo\\\/image\\\/\"}},{\"@type\":\"Person\",\"@id\":\"https:\\\/\\\/birgit-itse.com\\\/#\\\/schema\\\/person\\\/3f7c1c34cf70c1ed6f580544f8ae6b7b\",\"name\":\"Birgit\",\"image\":{\"@type\":\"ImageObject\",\"inLanguage\":\"et\",\"@id\":\"https:\\\/\\\/secure.gravatar.com\\\/avatar\\\/?s=96&d=mm&r=g\",\"url\":\"https:\\\/\\\/secure.gravatar.com\\\/avatar\\\/?s=96&d=mm&r=g\",\"contentUrl\":\"https:\\\/\\\/secure.gravatar.com\\\/avatar\\\/?s=96&d=mm&r=g\",\"caption\":\"Birgit\"},\"url\":\"https:\\\/\\\/www.birgit-itse.com\\\/et\\\/author\\\/birgit\\\/\"}]}<\/script>\n<!-- \/ Yoast SEO plugin. -->","yoast_head_json":{"title":"Kohtumised P\u00f5hjamere \u00e4\u00e4res - Birgit Itse - Be Inspired","robots":{"index":"index","follow":"follow","max-snippet":"max-snippet:-1","max-image-preview":"max-image-preview:large","max-video-preview":"max-video-preview:-1"},"canonical":"https:\/\/www.birgit-itse.com\/et\/kohtumised-pohjamere-aares\/","og_locale":"et_EE","og_type":"article","og_title":"Kohtumised P\u00f5hjamere \u00e4\u00e4res - Birgit Itse - Be Inspired","og_description":"&#8220;T\u00e4na l\u00e4heme mere \u00e4\u00e4rde!&#8221; h\u00f5iskas mu hing r\u00f5\u00f5must, kui hommikul kell 7 kohaliku aja j\u00e4rgi silmad lahti tegin. Progress, hakkan \u00f5igesse ajav\u00f6\u00f6ndisse j\u00f5udma, muigasin m\u00f5ttes, kui kella vaatasin. Kutt magas eelteismelise magusat und ja lubasin endale poolteist tundi isiklikku aega enne, kui ta toas tule p\u00f5lema panin ja esimese \u00e4rkamise sel aastal videosse v\u00f5tsin. Ei, [&hellip;]","og_url":"https:\/\/www.birgit-itse.com\/et\/kohtumised-pohjamere-aares\/","og_site_name":"Birgit Itse - Be Inspired","article_published_time":"2020-01-02T10:49:00+00:00","og_image":[{"url":"https:\/\/1.bp.blogspot.com\/-y1lEagAa0ew\/Xg3BQfj6z3I\/AAAAAAAAMfA\/QauN5PvjC3ASH-CRMu_p4dQT6VTWlVDGgCLcBGAsYHQ\/s640\/m%25C3%25A4nguv%25C3%25A4ljak%2Bja%2Bm%25C3%25A4rgid.jpg","type":"","width":"","height":""}],"author":"Birgit","twitter_card":"summary_large_image","twitter_misc":{"Written by":"Birgit","Est. reading time":"5 minutit"},"schema":{"@context":"https:\/\/schema.org","@graph":[{"@type":"Article","@id":"https:\/\/www.birgit-itse.com\/kohtumised-pohjamere-aares\/#article","isPartOf":{"@id":"https:\/\/www.birgit-itse.com\/kohtumised-pohjamere-aares\/"},"author":{"name":"Birgit","@id":"https:\/\/birgit-itse.com\/#\/schema\/person\/3f7c1c34cf70c1ed6f580544f8ae6b7b"},"headline":"Kohtumised P\u00f5hjamere \u00e4\u00e4res","datePublished":"2020-01-02T10:49:00+00:00","mainEntityOfPage":{"@id":"https:\/\/www.birgit-itse.com\/kohtumised-pohjamere-aares\/"},"wordCount":1099,"commentCount":0,"publisher":{"@id":"https:\/\/birgit-itse.com\/#organization"},"image":{"@id":"https:\/\/www.birgit-itse.com\/kohtumised-pohjamere-aares\/#primaryimage"},"thumbnailUrl":"https:\/\/1.bp.blogspot.com\/-y1lEagAa0ew\/Xg3BQfj6z3I\/AAAAAAAAMfA\/QauN5PvjC3ASH-CRMu_p4dQT6VTWlVDGgCLcBGAsYHQ\/s640\/m%25C3%25A4nguv%25C3%25A4ljak%2Bja%2Bm%25C3%25A4rgid.jpg","articleSection":["aberdeen","eestlane \u0161otimaal"],"inLanguage":"et"},{"@type":"WebPage","@id":"https:\/\/www.birgit-itse.com\/kohtumised-pohjamere-aares\/","url":"https:\/\/www.birgit-itse.com\/kohtumised-pohjamere-aares\/","name":"Kohtumised P\u00f5hjamere \u00e4\u00e4res - Birgit Itse - Be Inspired","isPartOf":{"@id":"https:\/\/birgit-itse.com\/#website"},"primaryImageOfPage":{"@id":"https:\/\/www.birgit-itse.com\/kohtumised-pohjamere-aares\/#primaryimage"},"image":{"@id":"https:\/\/www.birgit-itse.com\/kohtumised-pohjamere-aares\/#primaryimage"},"thumbnailUrl":"https:\/\/1.bp.blogspot.com\/-y1lEagAa0ew\/Xg3BQfj6z3I\/AAAAAAAAMfA\/QauN5PvjC3ASH-CRMu_p4dQT6VTWlVDGgCLcBGAsYHQ\/s640\/m%25C3%25A4nguv%25C3%25A4ljak%2Bja%2Bm%25C3%25A4rgid.jpg","datePublished":"2020-01-02T10:49:00+00:00","breadcrumb":{"@id":"https:\/\/www.birgit-itse.com\/kohtumised-pohjamere-aares\/#breadcrumb"},"inLanguage":"et","potentialAction":[{"@type":"ReadAction","target":["https:\/\/www.birgit-itse.com\/kohtumised-pohjamere-aares\/"]}]},{"@type":"ImageObject","inLanguage":"et","@id":"https:\/\/www.birgit-itse.com\/kohtumised-pohjamere-aares\/#primaryimage","url":"https:\/\/1.bp.blogspot.com\/-y1lEagAa0ew\/Xg3BQfj6z3I\/AAAAAAAAMfA\/QauN5PvjC3ASH-CRMu_p4dQT6VTWlVDGgCLcBGAsYHQ\/s640\/m%25C3%25A4nguv%25C3%25A4ljak%2Bja%2Bm%25C3%25A4rgid.jpg","contentUrl":"https:\/\/1.bp.blogspot.com\/-y1lEagAa0ew\/Xg3BQfj6z3I\/AAAAAAAAMfA\/QauN5PvjC3ASH-CRMu_p4dQT6VTWlVDGgCLcBGAsYHQ\/s640\/m%25C3%25A4nguv%25C3%25A4ljak%2Bja%2Bm%25C3%25A4rgid.jpg"},{"@type":"BreadcrumbList","@id":"https:\/\/www.birgit-itse.com\/kohtumised-pohjamere-aares\/#breadcrumb","itemListElement":[{"@type":"ListItem","position":1,"name":"Home","item":"https:\/\/birgit-itse.com\/"},{"@type":"ListItem","position":2,"name":"Kohtumised P\u00f5hjamere \u00e4\u00e4res"}]},{"@type":"WebSite","@id":"https:\/\/birgit-itse.com\/#website","url":"https:\/\/birgit-itse.com\/","name":"Birgit Itse - Be Inspired","description":"Ghostwriter, Author, Keynote Speaker","publisher":{"@id":"https:\/\/birgit-itse.com\/#organization"},"potentialAction":[{"@type":"SearchAction","target":{"@type":"EntryPoint","urlTemplate":"https:\/\/birgit-itse.com\/?s={search_term_string}"},"query-input":{"@type":"PropertyValueSpecification","valueRequired":true,"valueName":"search_term_string"}}],"inLanguage":"et"},{"@type":"Organization","@id":"https:\/\/birgit-itse.com\/#organization","name":"Birgit Itse - Be Inspired","url":"https:\/\/birgit-itse.com\/","logo":{"@type":"ImageObject","inLanguage":"et","@id":"https:\/\/birgit-itse.com\/#\/schema\/logo\/image\/","url":"https:\/\/www.birgit-itse.com\/wp-content\/uploads\/2020\/10\/cropped-Birgit-name-logo-orange.png","contentUrl":"https:\/\/www.birgit-itse.com\/wp-content\/uploads\/2020\/10\/cropped-Birgit-name-logo-orange.png","width":1326,"height":841,"caption":"Birgit Itse - Be Inspired"},"image":{"@id":"https:\/\/birgit-itse.com\/#\/schema\/logo\/image\/"}},{"@type":"Person","@id":"https:\/\/birgit-itse.com\/#\/schema\/person\/3f7c1c34cf70c1ed6f580544f8ae6b7b","name":"Birgit","image":{"@type":"ImageObject","inLanguage":"et","@id":"https:\/\/secure.gravatar.com\/avatar\/?s=96&d=mm&r=g","url":"https:\/\/secure.gravatar.com\/avatar\/?s=96&d=mm&r=g","contentUrl":"https:\/\/secure.gravatar.com\/avatar\/?s=96&d=mm&r=g","caption":"Birgit"},"url":"https:\/\/www.birgit-itse.com\/et\/author\/birgit\/"}]}},"_links":{"self":[{"href":"https:\/\/www.birgit-itse.com\/et\/wp-json\/wp\/v2\/posts\/1020","targetHints":{"allow":["GET"]}}],"collection":[{"href":"https:\/\/www.birgit-itse.com\/et\/wp-json\/wp\/v2\/posts"}],"about":[{"href":"https:\/\/www.birgit-itse.com\/et\/wp-json\/wp\/v2\/types\/post"}],"author":[{"embeddable":true,"href":"https:\/\/www.birgit-itse.com\/et\/wp-json\/wp\/v2\/users\/2"}],"replies":[{"embeddable":true,"href":"https:\/\/www.birgit-itse.com\/et\/wp-json\/wp\/v2\/comments?post=1020"}],"version-history":[{"count":0,"href":"https:\/\/www.birgit-itse.com\/et\/wp-json\/wp\/v2\/posts\/1020\/revisions"}],"wp:attachment":[{"href":"https:\/\/www.birgit-itse.com\/et\/wp-json\/wp\/v2\/media?parent=1020"}],"wp:term":[{"taxonomy":"category","embeddable":true,"href":"https:\/\/www.birgit-itse.com\/et\/wp-json\/wp\/v2\/categories?post=1020"},{"taxonomy":"post_tag","embeddable":true,"href":"https:\/\/www.birgit-itse.com\/et\/wp-json\/wp\/v2\/tags?post=1020"}],"curies":[{"name":"wp","href":"https:\/\/api.w.org\/{rel}","templated":true}]}}