{"id":1321,"date":"2022-04-12T12:36:00","date_gmt":"2022-04-12T12:36:00","guid":{"rendered":""},"modified":"2022-11-10T17:36:32","modified_gmt":"2022-11-10T17:36:32","slug":"opetlik-marts","status":"publish","type":"post","link":"https:\/\/www.birgit-itse.com\/et\/opetlik-marts\/","title":{"rendered":"\u00d5petlik m\u00e4rts"},"content":{"rendered":"<\/p>\n<div style=\"clear: both; text-align: center;\"><a href=\"https:\/\/birgit-itse.com\/wp-content\/uploads\/2022\/04\/Spring-204.jpg\" style=\"clear: left; float: left; margin-bottom: 1em; margin-right: 1em;\"><img fetchpriority=\"high\" decoding=\"async\" border=\"0\" data-original-height=\"2128\" data-original-width=\"4608\" height=\"185\" src=\"https:\/\/birgit-itse.com\/wp-content\/uploads\/2022\/04\/Spring-204-300x139.jpg\" width=\"400\" \/><\/a><\/div>\n<p>Istun praegu koduse kirjutuslaua taga, kuid t\u00f5en\u00e4oliselt l\u00f5petan selle postituse kirjutamise rongis teel Edinburghi poole.&nbsp;<\/p>\n<p>Kevad on peaaegu t\u00e4ies \u00f5ites. Mandlipuud, metsikud kirsid, kreegid, metsikud ploomid, nartsissid. Puude alused rohetavad noorest naadist ja karulaugu l\u00f5hn on sama tugev nagu asfaldi l\u00f5hn p\u00e4rast vihma.&nbsp;<\/p>\n<p>Olen viimasel p\u00e4eval vaadanud aga hoopis paari aasta taguseid sinilille-pilte. Mu lemmiklilled. Pole neid kaks aastat n\u00e4inud. See oli \u00fcks oluline p\u00f5hjus aprillikuise reisi planeerimisel. Kuti koolivaheaeg ka muidugi. Natuke organiseerimist see n\u00f5udis, et ma ise ei peaks m\u00f5lemat suunda kaasa lendama, sest alla 16-aastased ilma saatjata lennata ei tohi ning Ryanair ei paku saatja-teenust.&nbsp;<\/p>\n<p>Nii et teatavas m\u00f5ttes on mul olnud siin vanemapuhkus. \ud83d\ude01 Seda muidugi t\u00e4nu Clairele, mu emale ja Kuti isa perele. Minu s\u00fcnnip\u00e4evaks oleme tagasi, sest Kuti koolivaheaeg saab l\u00e4bi.&nbsp;<\/p>\n<\/p>\n<div style=\"clear: both; text-align: center;\"><a href=\"https:\/\/birgit-itse.com\/wp-content\/uploads\/2022\/04\/Iska-20Birnie-7059.jpg\" style=\"clear: left; float: left; margin-bottom: 1em; margin-right: 1em;\"><img decoding=\"async\" border=\"0\" data-original-height=\"1068\" data-original-width=\"1600\" height=\"214\" src=\"https:\/\/birgit-itse.com\/wp-content\/uploads\/2022\/04\/Iska-20Birnie-7059-300x200.jpg\" width=\"320\" \/><\/a><\/div>\n<p>M\u00e4rtsi kolm suurt eesm\u00e4rki said ka t\u00e4idetud. Dark Angels Foundation Course, ehk algtaseme kursus, kus nelja n\u00e4dala v\u00e4ltel olid kaks korda n\u00e4dalas veebitunnid 2h korraga+ kodut\u00f6\u00f6, on edukalt l\u00e4bitud. L\u00e4ksin sinna m\u00f5ttega oma seni veidi poeetilist stiili lihvida v\u00f5i selles uusi tahke avada, kuid kursuse tulemusena avastasin t\u00e4iesti uue stiili. Kursus oli nii neile, kes tahtsid nn omi asju kirjutada, aga ka neile, kes ettev\u00f5ttetele kirjutavad. N\u00e4iteks nelja tunni v\u00e4ltel tegelesime nii br\u00e4ndi loomise kui ka ettev\u00f5tte h\u00e4\u00e4le kujundamise, j\u00e4rgmisega.&nbsp;<\/p>\n<p>V\u00e4rska Originaali raamatu mustand on n\u00fc\u00fcd ka allikate k\u00e4es lugemisel. Veidi senisest t\u00f6\u00f6st arvudes: kokku oli 15 intervjueeritavat, keskmine intervjuu pikkus oli 90 minutit. Need tuli k\u00f5ik tekstiks \u00fcmber panna, lisaks seniste materjalide l\u00e4bi t\u00f6\u00f6tamine + internetiavarustes tuhnimine. Kui tagasiside \u00f5igeaegselt tuleb, saab aprilliga projektile joone alla t\u00f5mmata.&nbsp;<\/p>\n<p>Ajalooline romaan, mida Priit Valknaga kahasse kirjutasime, on samuti faasis, kus k\u00f5ik peat\u00fckid on kirjutatud. Kindlasti vajab see toimetamist, kuid see on juba tema kui autori \u00fclesanne. Minul on uued projektid ees.&nbsp;<\/p>\n<p>Muu hulgas \u00f5ppisin ametialaselt seda, et kui potentsiaalne klient hakkab hinna \u00fcle vinguma juba enne, kui oled temaga t\u00f6\u00f6d alustanud, siis ei peaks \u00fcldse t\u00f6\u00f6d alutama. Samuti vaatasin \u00fcle oma maksete s\u00fcsteemi ja ka t\u00f6\u00f6protsessi.&nbsp;<\/p>\n<\/p>\n<div style=\"clear: both; text-align: right;\"><a href=\"https:\/\/birgit-itse.com\/wp-content\/uploads\/2022\/04\/Iska-20Birnie-6943.jpg\" style=\"clear: right; float: right; margin-bottom: 1em; margin-left: 1em;\"><img decoding=\"async\" border=\"0\" data-original-height=\"1068\" data-original-width=\"1600\" height=\"214\" src=\"https:\/\/birgit-itse.com\/wp-content\/uploads\/2022\/04\/Iska-20Birnie-6943-300x200.jpg\" width=\"320\" \/><\/a><\/div>\n<p>T\u00f6\u00f6alastest uutest projektidest v\u00f5in v\u00e4lja h\u00f5igata selle, et olen n\u00fc\u00fcd ametlikult rahvusvahelise variautorite ettev\u00f5tte Story Terrace senior-kirjutaja. Kokku on kolm taset: junior, senior ja premium. \u00dcldiselt nad v\u00f5tavad uued autorid junior-tasemele, aga minu kogemustepagas annab ilusti senior-taseme v\u00e4lja. Ilmselt annaks ka premiumi, aga selleks, et mind t\u00f5sta, on neil vaja v\u00e4hemalt paari projekti. Neil on peakontor Londonis, aga harukontor ka USAs.&nbsp;<\/p>\n<p>Paar teist lahtist otsa on ka \u00f5hus, aga neist on veel vara r\u00e4\u00e4kida.&nbsp;<\/p>\n<p>\u00dclikoolis olevast kursusest on praeguseks ca 25% edukalt l\u00e4bitud. Minu jaoks k\u00f5ige raskem osa just: seadusandlus ja poliitika, samuti nafta- ja gaasit\u00f6\u00f6stus. Hariduse osa oli ka p\u00e4ris huvitav. J\u00e4rgmisena on valida kultuuri, majanduse ja looduse vahel.&nbsp;<\/p>\n<p>M\u00e4rtsi j\u00e4id ka mitmed p\u00f5nevad ja \u00f5petlikud seigad. N\u00e4iteks kohtumine Ken Hames&#8217;iga, kes on endine telesaatejuht, aastaid t\u00f6\u00f6tanud eri\u00fcksuses, ja loonud sarja sellest, kuidas erivajadusega inimesed \u00fcletavad k\u00f5rbe, m\u00e4estikku v\u00f5i l\u00e4bivad d\u017eunglit. Ta r\u00f5hutas, et alati tuleb esmalt m\u00e4rgata inimest, mitte puuet. Igal inimesel on unistused, iga inimene on v\u00f5imeline end \u00fcletama. Need inimesed tema sarjades on t\u00f5esti inspireerivad lood. H\u00fcpata k\u00e4restikku ilma, et sul oleks k\u00e4si, roomata k\u00f5rbes, l\u00fckates enda ees ratastooli&#8230; \u00dcliinimlikud pingutused, mida nad tegid oma unistuse nimel. Sarja nimi on Beyond Boundaries, ja Ken Hamesi <a href=\"https:\/\/www.kenhames.co.uk\/challenges\" target=\"_blank\" rel=\"noopener\">kodulehek\u00fcljelt <\/a>saab tema kohta rohkem lugeda.&nbsp;<\/p>\n<\/p>\n<div style=\"clear: both; text-align: center;\"><a href=\"https:\/\/birgit-itse.com\/wp-content\/uploads\/2022\/04\/20220209_164348.jpg\" style=\"clear: right; float: right; margin-bottom: 1em; margin-left: 1em;\"><img loading=\"lazy\" decoding=\"async\" border=\"0\" data-original-height=\"4312\" data-original-width=\"5760\" height=\"150\" src=\"https:\/\/birgit-itse.com\/wp-content\/uploads\/2022\/04\/20220209_164348-300x225.jpg\" width=\"200\" \/><\/a><\/div>\n<p>Samuti sain kutse Briti suursaadiku ja Eesti \u00e4ridelegatsiooni vastuv\u00f5tule, mis toimus Aberdeenis. Ettev\u00f5tted taastuvenergia sektorist tutvusid sellega, mida ja kuidas tehakse Aberdeenis. Oli h\u00e4sti palju p\u00f5nevaid vestlusi. V\u00e4ga t\u00e4nulik selle v\u00f5imaluse eest. Kutse eest pean t\u00e4nama kohalikku Eesti aukonsulit, Simpson Buglassi. Pildil oleme temaga veebruari alguses, kui plaanisime EV104 \u00fcritust Aberdeenis.Kohtumisel oli kohal ka Aberdeeni linnapea, ehk Lord Provost Barney Crockett, kellega vestlesime pikalt Aberdeeni ja Balti riikide seostest. Tal on sel teemal loeng tulemas ja sain sinna ka kutse.&nbsp;<\/p>\n<\/p>\n<div style=\"clear: both; text-align: center;\"><a href=\"https:\/\/blogger.googleusercontent.com\/img\/a\/AVvXsEh6PMhnHA0CvnPpa97Dpj5KV8TDXinXkUwe5etlk00AsNwYUik-KpVxGTBqOkTU0kB5QimQuw8KZmKNvbldp3wI1WHZNkYTEW9lUD7FxPNaCfg-OSNZiYWMrrtVhi71hdeQx9kUjGEbY1IeboMzFj6kq7F9WCmJCRH32RUKB-Rr-AA2kGHgOoUz233V4g\" style=\"clear: left; float: left; margin-bottom: 1em; margin-right: 1em;\"><img loading=\"lazy\" decoding=\"async\" alt=\"\" data-original-height=\"2048\" data-original-width=\"1536\" height=\"320\" src=\"https:\/\/blogger.googleusercontent.com\/img\/a\/AVvXsEh6PMhnHA0CvnPpa97Dpj5KV8TDXinXkUwe5etlk00AsNwYUik-KpVxGTBqOkTU0kB5QimQuw8KZmKNvbldp3wI1WHZNkYTEW9lUD7FxPNaCfg-OSNZiYWMrrtVhi71hdeQx9kUjGEbY1IeboMzFj6kq7F9WCmJCRH32RUKB-Rr-AA2kGHgOoUz233V4g=w240-h320\" width=\"240\" \/><\/a><\/div>\n<p>M\u00e4rtsis k\u00e4isime veidi m\u00e4gedes ka. Glen Clova on h\u00e4sti kaunis kant, kus on palju matkaradu. K\u00e4isime kohaliku Leedu kogukonna ettev\u00f5ttel ja viisime Eesti lipu ka pisikese m\u00e4e tippu. Ilm oli selline, et peremees koera \u00f5ue ei saadaks, aga \u0160otimaal ei takista ilm k\u00fcll v\u00e4ikest matka. Muidugi, suurte m\u00e4gede tippu ei minda, sest see v\u00f5ib eluohtlik olla, aga see oli &#8220;pisike&#8221; m\u00e4gi&nbsp; &#8211; ca m\u00f5nisada meetrit \u00fcle merepinna. Sellegipoolest &#8211; m\u00e4e jalamil ei sadanud, kui siis tibutas \u00f5rnalt, aga poolelt maalt alates olime vihmas, sekka rahet. Vihmakeep hoidis keha kuiva, aga jalad olid k\u00fcll l\u00e4bim\u00e4rjad ja see osa, mis keebi alt v\u00e4ljas ka v\u00f5rdlemisi kange jaheduse t\u00f5ttu. Nagu piltidelt n\u00e4ha, siis eriti mitte midagi polnud n\u00e4ha. \ud83d\ude02<\/p>\n<p>See lipuga pilt on tehtud allatulekul. Natuke maad veel&nbsp; &#8211; ja oli t\u00e4itsa selge. P\u00e4rastl\u00f5unal pilved hajusid veelgi, aga pisikesi kosekesi, mis j\u00e4rsust m\u00e4en\u00f5lvast alla tulid, oli v\u00e4ga palju. Need ujutasid \u00fcle asfaldi, seega tuli ettevaatlikult s\u00f5ita. Laura, Leedu t\u00fcdruk, oli autojuht. Paen kaks pilti veel. \u00dcks siis tipus tehtud, kus laulsime ka Eesti h\u00fcmni. Leedukad laulsid Leedu h\u00fcmni ja youtube&#8217; abiga k\u00f5las ka Ukraina h\u00fcmn. Oli selline veidi teistmoodi p\u00fchap\u00e4ev. Sinimustvalget n\u00e4eb hea kissitamise korral pildi keskelt.&nbsp;<\/p>\n<div style=\"clear: both; text-align: center;\"><a href=\"https:\/\/blogger.googleusercontent.com\/img\/a\/AVvXsEiwRcE_CtdkNkHUbT4kHOajVT173elIfmz3pX-ln9a17UPqkIGueAFr3B4071k7FDKay282h_-TNhma5qH49beUr69hbRqfMV1h8Uo3vgbw8OZaZo9QDNmcE_H_4PeEmet8mpj1JtuzsdVGeEYtWVBrd-GsxHWNoAwGU7iL-t2ylxSL6bEMjNQ8JMfczg\" style=\"clear: left; float: left; margin-bottom: 1em; margin-right: 1em;\"><img loading=\"lazy\" decoding=\"async\" alt=\"\" data-original-height=\"2048\" data-original-width=\"1536\" height=\"400\" src=\"https:\/\/blogger.googleusercontent.com\/img\/a\/AVvXsEiwRcE_CtdkNkHUbT4kHOajVT173elIfmz3pX-ln9a17UPqkIGueAFr3B4071k7FDKay282h_-TNhma5qH49beUr69hbRqfMV1h8Uo3vgbw8OZaZo9QDNmcE_H_4PeEmet8mpj1JtuzsdVGeEYtWVBrd-GsxHWNoAwGU7iL-t2ylxSL6bEMjNQ8JMfczg=w300-h400\" width=\"300\" \/><\/a><\/div>\n<p>Alla tulles oli jalgrada kohati muutunud m\u00e4giojaks. K\u00e4isingi lihtsalt pl\u00e4rts ja pl\u00e4rts. P\u00fc\u00fcdsin siiski ettevaatlik olla, kuigi jalad muutusid mingi hetk tuimemaks.&nbsp;<\/p>\n<p>Ja me ei olnud \u00fcldse kaua matkanud &#8211; kokku koos allatulekuga oli 3 tundi, st poolteist tundi ja ikkagi pidevas liikumises.&nbsp;<\/p>\n<p>\u00dchel hetkel siiski pidin s\u00f5rmed k\u00fclje peale toetama. Ei arvanud sellest midagi erilist, ja hiljem k\u00e4isin vihmamantlita ringi, sest all ju ei sadanud! Aga &#8211; see maksis k\u00e4tte. Ilma, et oleksin midagi tundnud &#8211; k\u00fclm ju &#8211; olin t\u00f5mmanud \u00f5las miskid v\u00e4iksed lihased \u00e4ra.&nbsp;<\/p>\n<p>\u00d5nneks oli veel viimane pipraplaaster, millega valu leevendada ja m\u00f5ni p\u00e4ev hiljem oli ka massaa\u017ei aeg nagunii kirjas.&nbsp;<\/p>\n<p>\u00dche unistuse tegin veel teoks! K\u00f5ndisin Balmedie&#8217;st Bridge of Doni jalgsi. Mere \u00e4\u00e4rt pidi. Ilm oli sama &#8220;ilus&#8221; nagu tol p\u00e4eval m\u00e4gedes. \u00d5igemini, m\u00e4gedes oli sama ilus ilm, kui eelmisel p\u00e4eval mere \u00e4\u00e4res. \ud83d\ude01<\/p>\n<p>Maa ei ole tegelikult pikk &#8211; vaid ca 8 km, ja omal ajal sai K\u00f6isist Koeru k\u00f5nnitud poolteise tunniga ja see vahemaa on 12 km. T\u00f5si, k\u00f5ndida m\u00f6\u00f6da liivaranda on veidi teine teema. Tuli ka kolm j\u00f5ekest l\u00e4bida, kus jalan\u00f5ud \u00e4ra v\u00f5tta. Tuul oli vastu ja vihmasahmakaid sain ka. Nii et v\u00f5ttis mul l\u00f5puks kolm tundi. Olin v\u00e4sinud, aga \u00f5nnelik.&nbsp;<\/p>\n<div style=\"clear: both; text-align: center;\">\n<div style=\"clear: both; text-align: center;\"><a href=\"https:\/\/blogger.googleusercontent.com\/img\/a\/AVvXsEgsgOG0coKNU3CQT5SnwgrW1Lm0QPjhTsEM6LhK1DJ2aTMUUi6ri1Zyvx5b7khxHZJ9mmaW5qRUUJJJJ-WtdccwJu-n8Ryk6JDi7EXLPsPBF1gwh3mdsFcWPESN_l0uVJidQMVXT7IxqToYC0am-gmxqPe3Qmln33nK4sOkCGJ6xFU60lMh_y85QwMjYg\" style=\"margin-left: 1em; margin-right: 1em;\"><img loading=\"lazy\" decoding=\"async\" alt=\"\" data-original-height=\"1536\" data-original-width=\"2048\" height=\"480\" src=\"https:\/\/blogger.googleusercontent.com\/img\/a\/AVvXsEgsgOG0coKNU3CQT5SnwgrW1Lm0QPjhTsEM6LhK1DJ2aTMUUi6ri1Zyvx5b7khxHZJ9mmaW5qRUUJJJJ-WtdccwJu-n8Ryk6JDi7EXLPsPBF1gwh3mdsFcWPESN_l0uVJidQMVXT7IxqToYC0am-gmxqPe3Qmln33nK4sOkCGJ6xFU60lMh_y85QwMjYg=w640-h480\" width=\"640\" \/><\/a><\/div>\n<\/div>\n<p>Aprilli t\u00e4hts\u00fcndmus on kahtlemata koolitus, mille 19. aprillil Eesti Kaubandus-T\u00f6\u00f6stuskojaga teen. Tegemist kolmetunnise koolitusega. T\u00f6\u00f6vihik on valmis ja \u00e4ra saadetud. T\u00e4na ilmus nende Teatajas ka minu kirjutatud artikkel. Koolituse kohta l\u00e4hemat infot saab <a href=\"http:\/\/www.koda.ee\/et\/sundmused\/tahemarkidest-mojusate-tekstideni\" target=\"_blank\" rel=\"noopener\">siit<\/a>.&nbsp;<\/p>\n<p>L\u00f5petan. Andke veel m\u00e4rku, kes Eestis kohtuda soovib. 15.04 olen M\u00fc\u00fcsleris ja 16.04. Tallinnas hommikukohvi pakkumas.&nbsp;<\/p>\n<div strategyname=\"Blogger\"><\/div>","protected":false},"excerpt":{"rendered":"<p>Istun praegu koduse kirjutuslaua taga, kuid t\u00f5en\u00e4oliselt l\u00f5petan selle postituse kirjutamise rongis teel Edinburghi poole.&nbsp; Kevad on peaaegu t\u00e4ies \u00f5ites. Mandlipuud, metsikud kirsid, kreegid, metsikud ploomid, nartsissid. Puude alused rohetavad noorest naadist ja karulaugu l\u00f5hn on sama tugev nagu asfaldi l\u00f5hn p\u00e4rast vihma.&nbsp; Olen viimasel p\u00e4eval vaadanud aga hoopis paari aasta taguseid sinilille-pilte. Mu lemmiklilled. [&hellip;]<\/p>\n","protected":false},"author":1,"featured_media":1340,"comment_status":"open","ping_status":"open","sticky":false,"template":"","format":"standard","meta":{"footnotes":""},"categories":[45,119,231,21,26,230],"tags":[],"class_list":["post-1321","post","type-post","status-publish","format-standard","has-post-thumbnail","hentry","category-aberdeen","category-balmedie","category-clen-glova","category-eestlane-sotimaal","category-kutt-ja-kirjanik","category-reisid-sotimaal","entry","has-media","owp-thumbs-layout-horizontal","owp-btn-normal","owp-tabs-layout-horizontal","has-no-thumbnails","has-product-nav"],"yoast_head":"<!-- This site is optimized with the Yoast SEO plugin v27.4 - https:\/\/yoast.com\/product\/yoast-seo-wordpress\/ -->\n<title>\u00d5petlik m\u00e4rts - Birgit Itse - Be Inspired<\/title>\n<meta name=\"robots\" content=\"index, follow, max-snippet:-1, max-image-preview:large, max-video-preview:-1\" \/>\n<link rel=\"canonical\" href=\"https:\/\/birgit-itse.com\/opetlik-marts\/\" \/>\n<meta property=\"og:locale\" content=\"et_EE\" \/>\n<meta property=\"og:type\" content=\"article\" \/>\n<meta property=\"og:title\" content=\"\u00d5petlik m\u00e4rts - Birgit Itse - Be Inspired\" \/>\n<meta property=\"og:description\" content=\"Istun praegu koduse kirjutuslaua taga, kuid t\u00f5en\u00e4oliselt l\u00f5petan selle postituse kirjutamise rongis teel Edinburghi poole.&nbsp; Kevad on peaaegu t\u00e4ies \u00f5ites. Mandlipuud, metsikud kirsid, kreegid, metsikud ploomid, nartsissid. Puude alused rohetavad noorest naadist ja karulaugu l\u00f5hn on sama tugev nagu asfaldi l\u00f5hn p\u00e4rast vihma.&nbsp; Olen viimasel p\u00e4eval vaadanud aga hoopis paari aasta taguseid sinilille-pilte. Mu lemmiklilled. [&hellip;]\" \/>\n<meta property=\"og:url\" content=\"https:\/\/birgit-itse.com\/opetlik-marts\/\" \/>\n<meta property=\"og:site_name\" content=\"Birgit Itse - Be Inspired\" \/>\n<meta property=\"article:published_time\" content=\"2022-04-12T12:36:00+00:00\" \/>\n<meta property=\"article:modified_time\" content=\"2022-11-10T17:36:32+00:00\" \/>\n<meta property=\"og:image\" content=\"https:\/\/birgit-itse.com\/wp-content\/uploads\/2022\/04\/Spring-204.jpg\" \/>\n\t<meta property=\"og:image:width\" content=\"1024\" \/>\n\t<meta property=\"og:image:height\" content=\"473\" \/>\n\t<meta property=\"og:image:type\" content=\"image\/jpeg\" \/>\n<meta name=\"author\" content=\"admin\" \/>\n<meta name=\"twitter:card\" content=\"summary_large_image\" \/>\n<meta name=\"twitter:label1\" content=\"Written by\" \/>\n\t<meta name=\"twitter:data1\" content=\"admin\" \/>\n\t<meta name=\"twitter:label2\" content=\"Est. reading time\" \/>\n\t<meta name=\"twitter:data2\" content=\"6 minutit\" \/>\n<script type=\"application\/ld+json\" class=\"yoast-schema-graph\">{\"@context\":\"https:\\\/\\\/schema.org\",\"@graph\":[{\"@type\":\"Article\",\"@id\":\"https:\\\/\\\/birgit-itse.com\\\/opetlik-marts\\\/#article\",\"isPartOf\":{\"@id\":\"https:\\\/\\\/birgit-itse.com\\\/opetlik-marts\\\/\"},\"author\":{\"name\":\"admin\",\"@id\":\"https:\\\/\\\/birgit-itse.com\\\/#\\\/schema\\\/person\\\/d4377a976a69a7b75098928a7dc1ccfb\"},\"headline\":\"\u00d5petlik m\u00e4rts\",\"datePublished\":\"2022-04-12T12:36:00+00:00\",\"dateModified\":\"2022-11-10T17:36:32+00:00\",\"mainEntityOfPage\":{\"@id\":\"https:\\\/\\\/birgit-itse.com\\\/opetlik-marts\\\/\"},\"wordCount\":1239,\"commentCount\":0,\"publisher\":{\"@id\":\"https:\\\/\\\/birgit-itse.com\\\/#organization\"},\"image\":{\"@id\":\"https:\\\/\\\/birgit-itse.com\\\/opetlik-marts\\\/#primaryimage\"},\"thumbnailUrl\":\"https:\\\/\\\/www.birgit-itse.com\\\/wp-content\\\/uploads\\\/2022\\\/04\\\/Spring-204.jpg\",\"articleSection\":[\"aberdeen\",\"Balmedie\",\"clen glova\",\"eestlane \u0161otimaal\",\"kutt ja kirjanik\",\"reisid \u0161otimaal\"],\"inLanguage\":\"et\"},{\"@type\":\"WebPage\",\"@id\":\"https:\\\/\\\/birgit-itse.com\\\/opetlik-marts\\\/\",\"url\":\"https:\\\/\\\/birgit-itse.com\\\/opetlik-marts\\\/\",\"name\":\"\u00d5petlik m\u00e4rts - Birgit Itse - Be Inspired\",\"isPartOf\":{\"@id\":\"https:\\\/\\\/birgit-itse.com\\\/#website\"},\"primaryImageOfPage\":{\"@id\":\"https:\\\/\\\/birgit-itse.com\\\/opetlik-marts\\\/#primaryimage\"},\"image\":{\"@id\":\"https:\\\/\\\/birgit-itse.com\\\/opetlik-marts\\\/#primaryimage\"},\"thumbnailUrl\":\"https:\\\/\\\/www.birgit-itse.com\\\/wp-content\\\/uploads\\\/2022\\\/04\\\/Spring-204.jpg\",\"datePublished\":\"2022-04-12T12:36:00+00:00\",\"dateModified\":\"2022-11-10T17:36:32+00:00\",\"breadcrumb\":{\"@id\":\"https:\\\/\\\/birgit-itse.com\\\/opetlik-marts\\\/#breadcrumb\"},\"inLanguage\":\"et\",\"potentialAction\":[{\"@type\":\"ReadAction\",\"target\":[\"https:\\\/\\\/birgit-itse.com\\\/opetlik-marts\\\/\"]}]},{\"@type\":\"ImageObject\",\"inLanguage\":\"et\",\"@id\":\"https:\\\/\\\/birgit-itse.com\\\/opetlik-marts\\\/#primaryimage\",\"url\":\"https:\\\/\\\/www.birgit-itse.com\\\/wp-content\\\/uploads\\\/2022\\\/04\\\/Spring-204.jpg\",\"contentUrl\":\"https:\\\/\\\/www.birgit-itse.com\\\/wp-content\\\/uploads\\\/2022\\\/04\\\/Spring-204.jpg\",\"width\":1024,\"height\":473},{\"@type\":\"BreadcrumbList\",\"@id\":\"https:\\\/\\\/birgit-itse.com\\\/opetlik-marts\\\/#breadcrumb\",\"itemListElement\":[{\"@type\":\"ListItem\",\"position\":1,\"name\":\"Home\",\"item\":\"https:\\\/\\\/birgit-itse.com\\\/\"},{\"@type\":\"ListItem\",\"position\":2,\"name\":\"\u00d5petlik m\u00e4rts\"}]},{\"@type\":\"WebSite\",\"@id\":\"https:\\\/\\\/birgit-itse.com\\\/#website\",\"url\":\"https:\\\/\\\/birgit-itse.com\\\/\",\"name\":\"Birgit Itse - Be Inspired\",\"description\":\"Ghostwriter, Author, Keynote Speaker\",\"publisher\":{\"@id\":\"https:\\\/\\\/birgit-itse.com\\\/#organization\"},\"potentialAction\":[{\"@type\":\"SearchAction\",\"target\":{\"@type\":\"EntryPoint\",\"urlTemplate\":\"https:\\\/\\\/birgit-itse.com\\\/?s={search_term_string}\"},\"query-input\":{\"@type\":\"PropertyValueSpecification\",\"valueRequired\":true,\"valueName\":\"search_term_string\"}}],\"inLanguage\":\"et\"},{\"@type\":\"Organization\",\"@id\":\"https:\\\/\\\/birgit-itse.com\\\/#organization\",\"name\":\"Birgit Itse - Be Inspired\",\"url\":\"https:\\\/\\\/birgit-itse.com\\\/\",\"logo\":{\"@type\":\"ImageObject\",\"inLanguage\":\"et\",\"@id\":\"https:\\\/\\\/birgit-itse.com\\\/#\\\/schema\\\/logo\\\/image\\\/\",\"url\":\"https:\\\/\\\/www.birgit-itse.com\\\/wp-content\\\/uploads\\\/2020\\\/10\\\/cropped-Birgit-name-logo-orange.png\",\"contentUrl\":\"https:\\\/\\\/www.birgit-itse.com\\\/wp-content\\\/uploads\\\/2020\\\/10\\\/cropped-Birgit-name-logo-orange.png\",\"width\":1326,\"height\":841,\"caption\":\"Birgit Itse - Be Inspired\"},\"image\":{\"@id\":\"https:\\\/\\\/birgit-itse.com\\\/#\\\/schema\\\/logo\\\/image\\\/\"}},{\"@type\":\"Person\",\"@id\":\"https:\\\/\\\/birgit-itse.com\\\/#\\\/schema\\\/person\\\/d4377a976a69a7b75098928a7dc1ccfb\",\"name\":\"admin\",\"image\":{\"@type\":\"ImageObject\",\"inLanguage\":\"et\",\"@id\":\"https:\\\/\\\/secure.gravatar.com\\\/avatar\\\/b690ca6edbdcb36cd0ff2450e9fe650058e5c610506bc269ec71c725a841855e?s=96&d=mm&r=g\",\"url\":\"https:\\\/\\\/secure.gravatar.com\\\/avatar\\\/b690ca6edbdcb36cd0ff2450e9fe650058e5c610506bc269ec71c725a841855e?s=96&d=mm&r=g\",\"contentUrl\":\"https:\\\/\\\/secure.gravatar.com\\\/avatar\\\/b690ca6edbdcb36cd0ff2450e9fe650058e5c610506bc269ec71c725a841855e?s=96&d=mm&r=g\",\"caption\":\"admin\"},\"sameAs\":[\"https:\\\/\\\/birgit-itse.com\"],\"url\":\"https:\\\/\\\/www.birgit-itse.com\\\/et\\\/author\\\/admin\\\/\"}]}<\/script>\n<!-- \/ Yoast SEO plugin. -->","yoast_head_json":{"title":"\u00d5petlik m\u00e4rts - Birgit Itse - Be Inspired","robots":{"index":"index","follow":"follow","max-snippet":"max-snippet:-1","max-image-preview":"max-image-preview:large","max-video-preview":"max-video-preview:-1"},"canonical":"https:\/\/birgit-itse.com\/opetlik-marts\/","og_locale":"et_EE","og_type":"article","og_title":"\u00d5petlik m\u00e4rts - Birgit Itse - Be Inspired","og_description":"Istun praegu koduse kirjutuslaua taga, kuid t\u00f5en\u00e4oliselt l\u00f5petan selle postituse kirjutamise rongis teel Edinburghi poole.&nbsp; Kevad on peaaegu t\u00e4ies \u00f5ites. Mandlipuud, metsikud kirsid, kreegid, metsikud ploomid, nartsissid. Puude alused rohetavad noorest naadist ja karulaugu l\u00f5hn on sama tugev nagu asfaldi l\u00f5hn p\u00e4rast vihma.&nbsp; Olen viimasel p\u00e4eval vaadanud aga hoopis paari aasta taguseid sinilille-pilte. Mu lemmiklilled. [&hellip;]","og_url":"https:\/\/birgit-itse.com\/opetlik-marts\/","og_site_name":"Birgit Itse - Be Inspired","article_published_time":"2022-04-12T12:36:00+00:00","article_modified_time":"2022-11-10T17:36:32+00:00","og_image":[{"width":1024,"height":473,"url":"https:\/\/birgit-itse.com\/wp-content\/uploads\/2022\/04\/Spring-204.jpg","type":"image\/jpeg"}],"author":"admin","twitter_card":"summary_large_image","twitter_misc":{"Written by":"admin","Est. reading time":"6 minutit"},"schema":{"@context":"https:\/\/schema.org","@graph":[{"@type":"Article","@id":"https:\/\/birgit-itse.com\/opetlik-marts\/#article","isPartOf":{"@id":"https:\/\/birgit-itse.com\/opetlik-marts\/"},"author":{"name":"admin","@id":"https:\/\/birgit-itse.com\/#\/schema\/person\/d4377a976a69a7b75098928a7dc1ccfb"},"headline":"\u00d5petlik m\u00e4rts","datePublished":"2022-04-12T12:36:00+00:00","dateModified":"2022-11-10T17:36:32+00:00","mainEntityOfPage":{"@id":"https:\/\/birgit-itse.com\/opetlik-marts\/"},"wordCount":1239,"commentCount":0,"publisher":{"@id":"https:\/\/birgit-itse.com\/#organization"},"image":{"@id":"https:\/\/birgit-itse.com\/opetlik-marts\/#primaryimage"},"thumbnailUrl":"https:\/\/www.birgit-itse.com\/wp-content\/uploads\/2022\/04\/Spring-204.jpg","articleSection":["aberdeen","Balmedie","clen glova","eestlane \u0161otimaal","kutt ja kirjanik","reisid \u0161otimaal"],"inLanguage":"et"},{"@type":"WebPage","@id":"https:\/\/birgit-itse.com\/opetlik-marts\/","url":"https:\/\/birgit-itse.com\/opetlik-marts\/","name":"\u00d5petlik m\u00e4rts - Birgit Itse - Be Inspired","isPartOf":{"@id":"https:\/\/birgit-itse.com\/#website"},"primaryImageOfPage":{"@id":"https:\/\/birgit-itse.com\/opetlik-marts\/#primaryimage"},"image":{"@id":"https:\/\/birgit-itse.com\/opetlik-marts\/#primaryimage"},"thumbnailUrl":"https:\/\/www.birgit-itse.com\/wp-content\/uploads\/2022\/04\/Spring-204.jpg","datePublished":"2022-04-12T12:36:00+00:00","dateModified":"2022-11-10T17:36:32+00:00","breadcrumb":{"@id":"https:\/\/birgit-itse.com\/opetlik-marts\/#breadcrumb"},"inLanguage":"et","potentialAction":[{"@type":"ReadAction","target":["https:\/\/birgit-itse.com\/opetlik-marts\/"]}]},{"@type":"ImageObject","inLanguage":"et","@id":"https:\/\/birgit-itse.com\/opetlik-marts\/#primaryimage","url":"https:\/\/www.birgit-itse.com\/wp-content\/uploads\/2022\/04\/Spring-204.jpg","contentUrl":"https:\/\/www.birgit-itse.com\/wp-content\/uploads\/2022\/04\/Spring-204.jpg","width":1024,"height":473},{"@type":"BreadcrumbList","@id":"https:\/\/birgit-itse.com\/opetlik-marts\/#breadcrumb","itemListElement":[{"@type":"ListItem","position":1,"name":"Home","item":"https:\/\/birgit-itse.com\/"},{"@type":"ListItem","position":2,"name":"\u00d5petlik m\u00e4rts"}]},{"@type":"WebSite","@id":"https:\/\/birgit-itse.com\/#website","url":"https:\/\/birgit-itse.com\/","name":"Birgit Itse - Be Inspired","description":"Ghostwriter, Author, Keynote Speaker","publisher":{"@id":"https:\/\/birgit-itse.com\/#organization"},"potentialAction":[{"@type":"SearchAction","target":{"@type":"EntryPoint","urlTemplate":"https:\/\/birgit-itse.com\/?s={search_term_string}"},"query-input":{"@type":"PropertyValueSpecification","valueRequired":true,"valueName":"search_term_string"}}],"inLanguage":"et"},{"@type":"Organization","@id":"https:\/\/birgit-itse.com\/#organization","name":"Birgit Itse - Be Inspired","url":"https:\/\/birgit-itse.com\/","logo":{"@type":"ImageObject","inLanguage":"et","@id":"https:\/\/birgit-itse.com\/#\/schema\/logo\/image\/","url":"https:\/\/www.birgit-itse.com\/wp-content\/uploads\/2020\/10\/cropped-Birgit-name-logo-orange.png","contentUrl":"https:\/\/www.birgit-itse.com\/wp-content\/uploads\/2020\/10\/cropped-Birgit-name-logo-orange.png","width":1326,"height":841,"caption":"Birgit Itse - Be Inspired"},"image":{"@id":"https:\/\/birgit-itse.com\/#\/schema\/logo\/image\/"}},{"@type":"Person","@id":"https:\/\/birgit-itse.com\/#\/schema\/person\/d4377a976a69a7b75098928a7dc1ccfb","name":"admin","image":{"@type":"ImageObject","inLanguage":"et","@id":"https:\/\/secure.gravatar.com\/avatar\/b690ca6edbdcb36cd0ff2450e9fe650058e5c610506bc269ec71c725a841855e?s=96&d=mm&r=g","url":"https:\/\/secure.gravatar.com\/avatar\/b690ca6edbdcb36cd0ff2450e9fe650058e5c610506bc269ec71c725a841855e?s=96&d=mm&r=g","contentUrl":"https:\/\/secure.gravatar.com\/avatar\/b690ca6edbdcb36cd0ff2450e9fe650058e5c610506bc269ec71c725a841855e?s=96&d=mm&r=g","caption":"admin"},"sameAs":["https:\/\/birgit-itse.com"],"url":"https:\/\/www.birgit-itse.com\/et\/author\/admin\/"}]}},"_links":{"self":[{"href":"https:\/\/www.birgit-itse.com\/et\/wp-json\/wp\/v2\/posts\/1321","targetHints":{"allow":["GET"]}}],"collection":[{"href":"https:\/\/www.birgit-itse.com\/et\/wp-json\/wp\/v2\/posts"}],"about":[{"href":"https:\/\/www.birgit-itse.com\/et\/wp-json\/wp\/v2\/types\/post"}],"author":[{"embeddable":true,"href":"https:\/\/www.birgit-itse.com\/et\/wp-json\/wp\/v2\/users\/1"}],"replies":[{"embeddable":true,"href":"https:\/\/www.birgit-itse.com\/et\/wp-json\/wp\/v2\/comments?post=1321"}],"version-history":[{"count":1,"href":"https:\/\/www.birgit-itse.com\/et\/wp-json\/wp\/v2\/posts\/1321\/revisions"}],"predecessor-version":[{"id":1344,"href":"https:\/\/www.birgit-itse.com\/et\/wp-json\/wp\/v2\/posts\/1321\/revisions\/1344"}],"wp:featuredmedia":[{"embeddable":true,"href":"https:\/\/www.birgit-itse.com\/et\/wp-json\/wp\/v2\/media\/1340"}],"wp:attachment":[{"href":"https:\/\/www.birgit-itse.com\/et\/wp-json\/wp\/v2\/media?parent=1321"}],"wp:term":[{"taxonomy":"category","embeddable":true,"href":"https:\/\/www.birgit-itse.com\/et\/wp-json\/wp\/v2\/categories?post=1321"},{"taxonomy":"post_tag","embeddable":true,"href":"https:\/\/www.birgit-itse.com\/et\/wp-json\/wp\/v2\/tags?post=1321"}],"curies":[{"name":"wp","href":"https:\/\/api.w.org\/{rel}","templated":true}]}}