{"id":1328,"date":"2021-09-02T15:49:00","date_gmt":"2021-09-02T15:49:00","guid":{"rendered":""},"modified":"2022-11-10T17:37:18","modified_gmt":"2022-11-10T17:37:18","slug":"teine-september","status":"publish","type":"post","link":"https:\/\/www.birgit-itse.com\/et\/teine-september\/","title":{"rendered":"Teine september"},"content":{"rendered":"<\/p>\n<div style=\"clear: both; text-align: center;\"><a href=\"https:\/\/birgit-itse.com\/wp-content\/uploads\/2021\/09\/20210830_082201.jpg\" style=\"clear: right; float: right; margin-bottom: 1em; margin-left: 1em;\"><img fetchpriority=\"high\" decoding=\"async\" border=\"0\" data-original-height=\"2048\" data-original-width=\"2048\" height=\"320\" src=\"https:\/\/birgit-itse.com\/wp-content\/uploads\/2021\/09\/20210830_082201-300x300.jpg\" width=\"320\" \/><\/a><\/div>\n<p>&nbsp;On teine september. Millal siis veel kirjutada teisest alanud septembrist, kui teisel septembril? \ud83d\ude09<\/p>\n<p>Avapildiks pani seekord kollaa\u017ei, kus kanname Kutiga samu dresse. Selle vahega, et tema kandis neid aprillis, mina septembris. Selga sai ta neid vast paar-kolm korda. N\u00fc\u00fcdseks l\u00fchikesed ja pusa \u00f5last kitsas. Minust on ta silmn\u00e4htavalt pikem, \u00f5lgade laiusest r\u00e4\u00e4kimata. Nii et &#8211; suvega kasvas \u00fcle pea. Seega, on mul n\u00fc\u00fcd soojad dressid, millega p\u00e4ikeset\u00f5usul jalutamas k\u00e4ia. \ud83d\ude00<\/p>\n<p>Ja p\u00e4ikeset\u00f5usul ma nendega jalutamas k\u00e4isin ka. Kes sotsiaalmeediat on j\u00e4lginud, siis eilegi hommikul postitasin pilte. \u00dcle pika aja oli kaunis p\u00e4ikeset\u00f5us, muidu on ikka haar-hall olnud p\u00e4eva esimene pool. P\u00e4rastl\u00f5unal tuleb j\u00e4lle p\u00e4ike v\u00e4lja, hommikuks on haar P\u00f5hjamerelt tagasi.&nbsp;<\/p>\n<p>Kui Inglismaa poolel vist polegi veel lapsed kooli l\u00e4inud, siis \u0160otimaal algas kool 17. augustil. V\u00e4hemalt Kuti jaoks, osa koole alustas paar p\u00e4eva hiljem. See-eest on neil oktoobris juba 2 n\u00e4dalat vaheaega. 11. oktoobril peaks hakkama vaheaeg. Tarkusep\u00e4evast suurem t\u00e4helepanu oli asjaolul, et algas s\u00fcgiskuu, ehk et suvi justkui l\u00e4bi. Samas, temperatuurid on suvised juba teist n\u00e4dalat. Kohati isegi 20-24 kraadi, meil veidi jahedam, aga laup\u00e4eval flashmobil k\u00e4ies oli ikka t\u00e4ielik suvi &#8211; vaat, et p\u00e4ikesepistet ei saa! Olime k\u00fcll mere \u00e4\u00e4res, aga isegi \u00f5hukese suvepluusiga oli palav.&nbsp;<\/p>\n<p>Praeguste ilmaennustuste kohaselt suvesoe j\u00e4tkub nii sel kui ka j\u00e4rgmisel n\u00e4dalal. Temperatuuri 20+, mis t\u00e4hendab sellist ilma, et v\u00f5ib veel ujumaski k\u00e4ia. Seda enam, et n\u00fc\u00fcd on merevesi ka soojem. Suvi otsa ikkagi p\u00e4ike k\u00fctnud. \ud83d\ude02 M\u00e4letan, et kui Eestisse tulles Narva-J\u00f5esuusse ujuma l\u00e4ksime p\u00e4ikeseloojangul, oli selline tunne, nagu oleks suppi astunud. Siin olime 12kraadise mereveega \u00e4ra harjunud ja siis 18-20 kraadine vesi tundus ikka v\u00e4ga soe.&nbsp;<\/p>\n<table align=\"center\" cellpadding=\"0\" cellspacing=\"0\" style=\"margin-left: auto; margin-right: auto;\">\n<tbody>\n<tr>\n<td style=\"text-align: center;\"><a href=\"https:\/\/birgit-itse.com\/wp-content\/uploads\/2021\/09\/20210901_065652.jpg\" style=\"margin-left: auto; margin-right: auto;\"><img decoding=\"async\" border=\"0\" data-original-height=\"2048\" data-original-width=\"2048\" height=\"640\" src=\"https:\/\/birgit-itse.com\/wp-content\/uploads\/2021\/09\/20210901_065652-300x300.jpg\" width=\"640\" \/><\/a><\/td>\n<\/tr>\n<tr>\n<td style=\"text-align: center;\">P\u00e4ikeset\u00f5us 1.09.2021 Aberdeenis, Doni j\u00f5e suudmes.&nbsp;<\/p>\n<\/td>\n<\/tr>\n<\/tbody>\n<\/table>\n<p>Augusti l\u00f5pus m\u00f6\u00f6dus kolimisest 20 kuud. Paljud siinsed tegijad \u00fctlevad, et neile tundub, nagu oleksin palju-palju kauem siin olnud. Endale ka tundub aeg-ajalt nii. Kutt isegi \u00fctles, et selline tunne, nagu oleks kolmel suvel Eestis k\u00fclas k\u00e4inud. Tegelikult on alles teine s\u00fcgis alanud. Praegust asjade kulgu vaadates sel aastal ilmselt Eestisse enam ei tule. Kel aga soov \u0160otimaad avastada, siis novembrist alates taastab Ryanair otselennud Edinburghi ja \u0160otimaa vahel. Variant on lennata ka \u00fcle Riia Air Balticuga, kuid sellega on nii, et minna on k\u00fcll tore &#8211; siis on l\u00fchike aeg Riia lennujaamas, kuid siiapoole tulles tuleb oodata lendu \u00fcle kuue tunni.&nbsp;<\/p>\n<\/p>\n<div style=\"clear: both; text-align: center;\"><a href=\"https:\/\/birgit-itse.com\/wp-content\/uploads\/2021\/09\/20210829_172529.jpg\" style=\"clear: left; float: left; margin-bottom: 1em; margin-right: 1em;\"><img decoding=\"async\" border=\"0\" data-original-height=\"2609\" data-original-width=\"1205\" height=\"200\" src=\"https:\/\/birgit-itse.com\/wp-content\/uploads\/2021\/09\/20210829_172529-139x300.jpg\" width=\"93\" \/><\/a><\/div>\n<p>Need seenelaadungid, mis sotsiaalmeediast s\u00f5prade lugudest ja postitustest silma j\u00e4id, ajasid meid ka metsa, kuid siin on nii kuiv, et leidnud oleme vaid kukeseeni ning needki \u00fcsna pisikesed ja \u00fcksikutes kohtades. Sisemaal on rohkem, sh tunnise autos\u00f5idu kaugusel, aga seda, et 2x20l kuuseriisikaid v\u00e4lja tuua &#8211; seda v\u00f5in vaid unistada. Ja r\u00f5\u00f5mustada teiste \u00fcle.&nbsp;<\/p>\n<p>Pildil olev isend on ca 2-4 sentimeetri k\u00f5rgune ja v\u00e4limuselt meenutab isegi veidi samblikku. See seen pole s\u00f6\u00f6dav, aga v\u00e4limus on t\u00f5esti silmatorkav. Ka seene rahvap\u00e4rane nimetus &#8211; <i>staghorn <\/i>ehk siis t\u00f5lkes t\u00e4kupasun- on \u00fcsna meeldej\u00e4\u00e4v. Kasvabki okasmetsas, \u00fcldjuhul sellises puntras, tavaliselt kas teeraja k\u00f5rval samblas, m\u00f5ne k\u00e4nnu peal v\u00f5i l\u00e4hedal.&nbsp;<\/p>\n<div style=\"clear: both; text-align: center;\"><a href=\"https:\/\/birgit-itse.com\/wp-content\/uploads\/2021\/09\/20210826_091331.jpg\" style=\"clear: right; float: right; margin-bottom: 1em; margin-left: 1em;\"><img loading=\"lazy\" decoding=\"async\" border=\"0\" data-original-height=\"2609\" data-original-width=\"1205\" height=\"200\" src=\"https:\/\/birgit-itse.com\/wp-content\/uploads\/2021\/09\/20210826_091331-139x300.jpg\" title=\"Amethyst deceiver\" width=\"93\" \/><\/a><\/div>\n<\/p>\n<p>\u00dcks tore seen on siin veel, mida pole Eestis mina n\u00e4inud, samas &#8211; see on ka nii v\u00e4ike, et v\u00f5ibki j\u00e4\u00e4da m\u00e4rkamatuks. K\u00fcbara l\u00e4bim\u00f5\u00f5t seenel 2-4 sentimeetrit ainult, ja seen ise ka pisike. V\u00e4rv lavendlililla, \u00fcleni. Nii jalg, k\u00fcbar kui ka eoslehekesed. Amet\u00fcst-petja ehk amethyst-deceiver. Kasvab seal, kus kukeseenedki, paaris kohas kasvasid suisa k\u00f5rvuti.&nbsp;<\/p>\n<p>Elus esimest korda puutusin kokku ka nn valekukeseentega. N\u00e4evad t\u00e4pselt samasugused v\u00e4lja, nagu p\u00e4ris kukeseened, ainult see vahe, et pole katsudes tihked, vaid pehmed, k\u00fcbar on kergelt painduv. Ja kui l\u00e4bi l\u00f5ikad, siis sisu pole mitte valge, vaid \u00fcleni oran\u017e. Kasvab tavaliselt k\u00f5du peal, enamasti okaspuude all, aga ka nt n\u00f5mmel, kanarbiku sees. \u00dche seene leidsime veel, mida ei suutnudki \u00e4ra tuvastada. Ma olen \u00fcsna kindel, et tegemist oli mingi riisikalisega. Kasvas lehtpuude all. Haavad, kased. V\u00e4rvus hallikas-rohekas-pruunikas. Nooremad pigem rohekamad, vanemad hallikasvalged. Piim valge. Ja kasvas k\u00f5dunevate lehtede sees. Kuna kindel ei olnud, j\u00e4tsime nad sinna, kus kasvasid. Pildil on neli isendit ja taamal ka kasvukoht. Kui keegi oskab \u00f6elda, millega tegu, oleme v\u00e4ga t\u00e4nulikud.&nbsp;<\/p>\n<table align=\"center\" cellpadding=\"0\" cellspacing=\"0\" style=\"margin-left: auto; margin-right: auto;\">\n<tbody>\n<tr>\n<td style=\"text-align: center;\"><a href=\"https:\/\/birgit-itse.com\/wp-content\/uploads\/2021\/09\/20210829_161800.jpg\" style=\"margin-left: auto; margin-right: auto;\"><img loading=\"lazy\" decoding=\"async\" border=\"0\" data-original-height=\"1205\" data-original-width=\"2609\" height=\"296\" src=\"https:\/\/birgit-itse.com\/wp-content\/uploads\/2021\/09\/20210829_161800-300x139.jpg\" width=\"640\" \/><\/a><\/td>\n<\/tr>\n<tr>\n<td style=\"text-align: center;\">Mis seen see on?&nbsp;<\/td>\n<\/tr>\n<\/tbody>\n<\/table>\n<div style=\"clear: both; text-align: center;\"><\/div>\n<\/p>\n<p>Kutil on j\u00e4rgmisel neljap\u00e4eval matemaatikas miski riiklik hindamine. Et kas saab riikliku kolmanda taseme k\u00e4tte v\u00f5i ei saa. \u00dctleb, et vaja lihtsalt harjutada. Kui &#8220;meie ajal&#8221; t\u00e4hendas harjutamine seda, et v\u00f5tad pliiatsi k\u00e4tte ja teed tehteid, siis n\u00fc\u00fcd s\u00f5idetakse SumDog&#8217;is rallit, ja vastatakse vahepeatustes k\u00fcsimustele, ning eesm\u00e4rk on klassikaaslastest parem tulemus saada.&nbsp;<\/p>\n<\/p>\n<div style=\"clear: both; text-align: center;\"><a href=\"https:\/\/birgit-itse.com\/wp-content\/uploads\/2021\/09\/20210620_041319.jpg\" style=\"clear: left; float: left; margin-bottom: 1em; margin-right: 1em;\"><img loading=\"lazy\" decoding=\"async\" border=\"0\" data-original-height=\"2610\" data-original-width=\"1205\" height=\"640\" src=\"https:\/\/birgit-itse.com\/wp-content\/uploads\/2021\/09\/20210620_041319-139x300.jpg\" width=\"296\" \/><\/a><\/div>\n<p>Koolipinki r\u00fchime justkui m\u00f5lemad, sest septembriks v\u00f5tsin endale kaks kirjutamiskoolitust. \u00dcks neist on selline ise\u00f5ppimine, ja rohkem sellise tuleproovi moodi, kus iga p\u00e4ev saad \u00fclesande, ja siis ise teed. Teine ongi koos kahe juhendajaga, \u00fcks neist mu kirjutamisjuhendaja, ja teine on see, kes teisip\u00e4evaseid Dark Angelite kirjutamiskohtumisi veab.&nbsp;<\/p>\n<p>Sellest n\u00e4dalast taastasime oma hommikuklubi tegevuse ka, mis juuli alguses peatus. Ma ise juba eelmisel n\u00e4dalal taastasin kella 5.44 \u00e4rkamise, kuid sellest n\u00e4dalast siis 5.20, et ekraani taga kell 5.30 kohtuda. Kella kuuest sportima, ja selleks ajaks, kui Kutt \u00e4rkab, olen p\u00e4evaks valmis. Kui tema kooli, siis algab minu t\u00f6\u00f6p\u00e4ev. Olen aru saanud, et organiseeritus, kindel p\u00e4evakava, aitab mul oma loomingulist potentsiaali paremini rakendada. Ilma p\u00e4eva l\u00e4bi m\u00f5tlemata sebid k\u00fcll, \u00f5htuks oled v\u00e4sinud, sest midagi on tehtud, aga saavutuse tunnet ikka pole.&nbsp;<\/p>\n<p>J\u00e4rgmisest n\u00e4dalast peaks taastuma ka meie rahvusvaheline mastermind ehk ajur\u00fcnnakute kohtumine, samuti \u00f5htused kirjutamisklubid. Blogipostitus on siiski igasse n\u00e4dalasse kavandatud, kas see on teisip\u00e4eval, kolmap\u00e4eval v\u00f5i neljap\u00e4eval, s\u00f5ltub sellest, kuidas kliendikohtumised paigutuvad.&nbsp;<\/p>\n<p>Eelmise n\u00e4dala l\u00f5pus oli kaks intervjuud v\u00f5imalik uute koost\u00f6\u00f6projektide osas &#8211; \u00fcks Eestis elava ameeriklannaga, \u00fcks siinse tarkvaraettev\u00f5ttega, j\u00e4rgmisest n\u00e4dalast algab aga koost\u00f6\u00f6 memuaari kirjutamiseks USAs elava kliendiga. Lisaks sellele V\u00e4rska Vesi AS raamatu kirjutamiseks intervjuud ja materjalide l\u00e4bi t\u00f6\u00f6tamine ning turundustekstide kliendid. Need viimased v\u00f5tavad k\u00fcll korraga v\u00e4hem aega, kuid moodustavad siiski olulise osa n\u00e4dalast. Aeg-ajalt tuleb ka m\u00f5ni luuletus kirjutada. Ma olen v\u00e4ga r\u00f5\u00f5mus ja t\u00e4nulik, et saan seda mitmek\u00fclgsust kirjutamises hoida.&nbsp;<\/p>\n<p><\/p>\n<div strategyname=\"Blogger\"><\/div>","protected":false},"excerpt":{"rendered":"<p>&nbsp;On teine september. Millal siis veel kirjutada teisest alanud septembrist, kui teisel septembril? \ud83d\ude09 Avapildiks pani seekord kollaa\u017ei, kus kanname Kutiga samu dresse. Selle vahega, et tema kandis neid aprillis, mina septembris. Selga sai ta neid vast paar-kolm korda. N\u00fc\u00fcdseks l\u00fchikesed ja pusa \u00f5last kitsas. Minust on ta silmn\u00e4htavalt pikem, \u00f5lgade laiusest r\u00e4\u00e4kimata. Nii et [&hellip;]<\/p>\n","protected":false},"author":1,"featured_media":1357,"comment_status":"open","ping_status":"open","sticky":false,"template":"","format":"standard","meta":{"footnotes":""},"categories":[23,21,228,26,139,265,266,264,263,267],"tags":[],"class_list":["post-1328","post","type-post","status-publish","format-standard","has-post-thumbnail","hentry","category-birgit-itse","category-eestlane-sotimaal","category-kirjutamiskoolitus","category-kutt-ja-kirjanik","category-paikesetous","category-raamatute-kirjutamine","category-seened","category-sisulooja","category-tekstiloome","category-turundustekstid","entry","has-media","owp-thumbs-layout-horizontal","owp-btn-normal","owp-tabs-layout-horizontal","has-no-thumbnails","has-product-nav"],"yoast_head":"<!-- This site is optimized with the Yoast SEO plugin v27.4 - https:\/\/yoast.com\/product\/yoast-seo-wordpress\/ -->\n<title>Teine september - Birgit Itse - Be Inspired<\/title>\n<meta name=\"robots\" content=\"index, follow, max-snippet:-1, max-image-preview:large, max-video-preview:-1\" \/>\n<link rel=\"canonical\" href=\"https:\/\/birgit-itse.com\/et\/teine-september\/\" \/>\n<meta property=\"og:locale\" content=\"et_EE\" \/>\n<meta property=\"og:type\" content=\"article\" \/>\n<meta property=\"og:title\" content=\"Teine september - Birgit Itse - Be Inspired\" \/>\n<meta property=\"og:description\" content=\"&nbsp;On teine september. Millal siis veel kirjutada teisest alanud septembrist, kui teisel septembril? \ud83d\ude09 Avapildiks pani seekord kollaa\u017ei, kus kanname Kutiga samu dresse. Selle vahega, et tema kandis neid aprillis, mina septembris. Selga sai ta neid vast paar-kolm korda. N\u00fc\u00fcdseks l\u00fchikesed ja pusa \u00f5last kitsas. Minust on ta silmn\u00e4htavalt pikem, \u00f5lgade laiusest r\u00e4\u00e4kimata. Nii et [&hellip;]\" \/>\n<meta property=\"og:url\" content=\"https:\/\/birgit-itse.com\/et\/teine-september\/\" \/>\n<meta property=\"og:site_name\" content=\"Birgit Itse - Be Inspired\" \/>\n<meta property=\"article:published_time\" content=\"2021-09-02T15:49:00+00:00\" \/>\n<meta property=\"article:modified_time\" content=\"2022-11-10T17:37:18+00:00\" \/>\n<meta property=\"og:image\" content=\"https:\/\/www.birgit-itse.com\/wp-content\/uploads\/2021\/09\/20210830_082201.jpg\" \/>\n\t<meta property=\"og:image:width\" content=\"1024\" \/>\n\t<meta property=\"og:image:height\" content=\"1024\" \/>\n\t<meta property=\"og:image:type\" content=\"image\/jpeg\" \/>\n<meta name=\"author\" content=\"admin\" \/>\n<meta name=\"twitter:card\" content=\"summary_large_image\" \/>\n<meta name=\"twitter:label1\" content=\"Written by\" \/>\n\t<meta name=\"twitter:data1\" content=\"admin\" \/>\n\t<meta name=\"twitter:label2\" content=\"Est. reading time\" \/>\n\t<meta name=\"twitter:data2\" content=\"6 minutit\" \/>\n<script type=\"application\/ld+json\" class=\"yoast-schema-graph\">{\"@context\":\"https:\\\/\\\/schema.org\",\"@graph\":[{\"@type\":\"Article\",\"@id\":\"https:\\\/\\\/birgit-itse.com\\\/et\\\/teine-september\\\/#article\",\"isPartOf\":{\"@id\":\"https:\\\/\\\/birgit-itse.com\\\/et\\\/teine-september\\\/\"},\"author\":{\"name\":\"admin\",\"@id\":\"https:\\\/\\\/www.birgit-itse.com\\\/#\\\/schema\\\/person\\\/d4377a976a69a7b75098928a7dc1ccfb\"},\"headline\":\"Teine september\",\"datePublished\":\"2021-09-02T15:49:00+00:00\",\"dateModified\":\"2022-11-10T17:37:18+00:00\",\"mainEntityOfPage\":{\"@id\":\"https:\\\/\\\/birgit-itse.com\\\/et\\\/teine-september\\\/\"},\"wordCount\":1112,\"commentCount\":0,\"publisher\":{\"@id\":\"https:\\\/\\\/www.birgit-itse.com\\\/#organization\"},\"image\":{\"@id\":\"https:\\\/\\\/birgit-itse.com\\\/et\\\/teine-september\\\/#primaryimage\"},\"thumbnailUrl\":\"https:\\\/\\\/www.birgit-itse.com\\\/wp-content\\\/uploads\\\/2021\\\/09\\\/20210830_082201.jpg\",\"articleSection\":[\"birgit itse\",\"eestlane \u0161otimaal\",\"kirjutamiskoolitus\",\"kutt ja kirjanik\",\"p\u00e4ikeset\u00f5us\",\"raamatute kirjutamine\",\"seened\",\"sisulooja\",\"tekstiloome\",\"turundustekstid\"],\"inLanguage\":\"et\"},{\"@type\":\"WebPage\",\"@id\":\"https:\\\/\\\/birgit-itse.com\\\/et\\\/teine-september\\\/\",\"url\":\"https:\\\/\\\/birgit-itse.com\\\/et\\\/teine-september\\\/\",\"name\":\"Teine september - Birgit Itse - Be Inspired\",\"isPartOf\":{\"@id\":\"https:\\\/\\\/www.birgit-itse.com\\\/#website\"},\"primaryImageOfPage\":{\"@id\":\"https:\\\/\\\/birgit-itse.com\\\/et\\\/teine-september\\\/#primaryimage\"},\"image\":{\"@id\":\"https:\\\/\\\/birgit-itse.com\\\/et\\\/teine-september\\\/#primaryimage\"},\"thumbnailUrl\":\"https:\\\/\\\/www.birgit-itse.com\\\/wp-content\\\/uploads\\\/2021\\\/09\\\/20210830_082201.jpg\",\"datePublished\":\"2021-09-02T15:49:00+00:00\",\"dateModified\":\"2022-11-10T17:37:18+00:00\",\"breadcrumb\":{\"@id\":\"https:\\\/\\\/birgit-itse.com\\\/et\\\/teine-september\\\/#breadcrumb\"},\"inLanguage\":\"et\",\"potentialAction\":[{\"@type\":\"ReadAction\",\"target\":[\"https:\\\/\\\/birgit-itse.com\\\/et\\\/teine-september\\\/\"]}]},{\"@type\":\"ImageObject\",\"inLanguage\":\"et\",\"@id\":\"https:\\\/\\\/birgit-itse.com\\\/et\\\/teine-september\\\/#primaryimage\",\"url\":\"https:\\\/\\\/www.birgit-itse.com\\\/wp-content\\\/uploads\\\/2021\\\/09\\\/20210830_082201.jpg\",\"contentUrl\":\"https:\\\/\\\/www.birgit-itse.com\\\/wp-content\\\/uploads\\\/2021\\\/09\\\/20210830_082201.jpg\",\"width\":1024,\"height\":1024},{\"@type\":\"BreadcrumbList\",\"@id\":\"https:\\\/\\\/birgit-itse.com\\\/et\\\/teine-september\\\/#breadcrumb\",\"itemListElement\":[{\"@type\":\"ListItem\",\"position\":1,\"name\":\"Home\",\"item\":\"https:\\\/\\\/birgit-itse.com\\\/et\\\/\"},{\"@type\":\"ListItem\",\"position\":2,\"name\":\"Teine september\"}]},{\"@type\":\"WebSite\",\"@id\":\"https:\\\/\\\/www.birgit-itse.com\\\/#website\",\"url\":\"https:\\\/\\\/www.birgit-itse.com\\\/\",\"name\":\"Birgit Itse - Be Inspired\",\"description\":\"Ghostwriter, Author, Keynote Speaker\",\"publisher\":{\"@id\":\"https:\\\/\\\/www.birgit-itse.com\\\/#organization\"},\"potentialAction\":[{\"@type\":\"SearchAction\",\"target\":{\"@type\":\"EntryPoint\",\"urlTemplate\":\"https:\\\/\\\/www.birgit-itse.com\\\/?s={search_term_string}\"},\"query-input\":{\"@type\":\"PropertyValueSpecification\",\"valueRequired\":true,\"valueName\":\"search_term_string\"}}],\"inLanguage\":\"et\"},{\"@type\":\"Organization\",\"@id\":\"https:\\\/\\\/www.birgit-itse.com\\\/#organization\",\"name\":\"Birgit Itse - Be Inspired\",\"url\":\"https:\\\/\\\/www.birgit-itse.com\\\/\",\"logo\":{\"@type\":\"ImageObject\",\"inLanguage\":\"et\",\"@id\":\"https:\\\/\\\/www.birgit-itse.com\\\/#\\\/schema\\\/logo\\\/image\\\/\",\"url\":\"https:\\\/\\\/www.birgit-itse.com\\\/wp-content\\\/uploads\\\/2020\\\/10\\\/cropped-Birgit-name-logo-orange.png\",\"contentUrl\":\"https:\\\/\\\/www.birgit-itse.com\\\/wp-content\\\/uploads\\\/2020\\\/10\\\/cropped-Birgit-name-logo-orange.png\",\"width\":1326,\"height\":841,\"caption\":\"Birgit Itse - Be Inspired\"},\"image\":{\"@id\":\"https:\\\/\\\/www.birgit-itse.com\\\/#\\\/schema\\\/logo\\\/image\\\/\"}},{\"@type\":\"Person\",\"@id\":\"https:\\\/\\\/www.birgit-itse.com\\\/#\\\/schema\\\/person\\\/d4377a976a69a7b75098928a7dc1ccfb\",\"name\":\"admin\",\"image\":{\"@type\":\"ImageObject\",\"inLanguage\":\"et\",\"@id\":\"https:\\\/\\\/secure.gravatar.com\\\/avatar\\\/b690ca6edbdcb36cd0ff2450e9fe650058e5c610506bc269ec71c725a841855e?s=96&d=mm&r=g\",\"url\":\"https:\\\/\\\/secure.gravatar.com\\\/avatar\\\/b690ca6edbdcb36cd0ff2450e9fe650058e5c610506bc269ec71c725a841855e?s=96&d=mm&r=g\",\"contentUrl\":\"https:\\\/\\\/secure.gravatar.com\\\/avatar\\\/b690ca6edbdcb36cd0ff2450e9fe650058e5c610506bc269ec71c725a841855e?s=96&d=mm&r=g\",\"caption\":\"admin\"},\"sameAs\":[\"https:\\\/\\\/birgit-itse.com\"],\"url\":\"https:\\\/\\\/www.birgit-itse.com\\\/et\\\/author\\\/admin\\\/\"}]}<\/script>\n<!-- \/ Yoast SEO plugin. -->","yoast_head_json":{"title":"Teine september - Birgit Itse - Be Inspired","robots":{"index":"index","follow":"follow","max-snippet":"max-snippet:-1","max-image-preview":"max-image-preview:large","max-video-preview":"max-video-preview:-1"},"canonical":"https:\/\/birgit-itse.com\/et\/teine-september\/","og_locale":"et_EE","og_type":"article","og_title":"Teine september - Birgit Itse - Be Inspired","og_description":"&nbsp;On teine september. Millal siis veel kirjutada teisest alanud septembrist, kui teisel septembril? \ud83d\ude09 Avapildiks pani seekord kollaa\u017ei, kus kanname Kutiga samu dresse. Selle vahega, et tema kandis neid aprillis, mina septembris. Selga sai ta neid vast paar-kolm korda. N\u00fc\u00fcdseks l\u00fchikesed ja pusa \u00f5last kitsas. Minust on ta silmn\u00e4htavalt pikem, \u00f5lgade laiusest r\u00e4\u00e4kimata. Nii et [&hellip;]","og_url":"https:\/\/birgit-itse.com\/et\/teine-september\/","og_site_name":"Birgit Itse - Be Inspired","article_published_time":"2021-09-02T15:49:00+00:00","article_modified_time":"2022-11-10T17:37:18+00:00","og_image":[{"width":1024,"height":1024,"url":"https:\/\/www.birgit-itse.com\/wp-content\/uploads\/2021\/09\/20210830_082201.jpg","type":"image\/jpeg"}],"author":"admin","twitter_card":"summary_large_image","twitter_misc":{"Written by":"admin","Est. reading time":"6 minutit"},"schema":{"@context":"https:\/\/schema.org","@graph":[{"@type":"Article","@id":"https:\/\/birgit-itse.com\/et\/teine-september\/#article","isPartOf":{"@id":"https:\/\/birgit-itse.com\/et\/teine-september\/"},"author":{"name":"admin","@id":"https:\/\/www.birgit-itse.com\/#\/schema\/person\/d4377a976a69a7b75098928a7dc1ccfb"},"headline":"Teine september","datePublished":"2021-09-02T15:49:00+00:00","dateModified":"2022-11-10T17:37:18+00:00","mainEntityOfPage":{"@id":"https:\/\/birgit-itse.com\/et\/teine-september\/"},"wordCount":1112,"commentCount":0,"publisher":{"@id":"https:\/\/www.birgit-itse.com\/#organization"},"image":{"@id":"https:\/\/birgit-itse.com\/et\/teine-september\/#primaryimage"},"thumbnailUrl":"https:\/\/www.birgit-itse.com\/wp-content\/uploads\/2021\/09\/20210830_082201.jpg","articleSection":["birgit itse","eestlane \u0161otimaal","kirjutamiskoolitus","kutt ja kirjanik","p\u00e4ikeset\u00f5us","raamatute kirjutamine","seened","sisulooja","tekstiloome","turundustekstid"],"inLanguage":"et"},{"@type":"WebPage","@id":"https:\/\/birgit-itse.com\/et\/teine-september\/","url":"https:\/\/birgit-itse.com\/et\/teine-september\/","name":"Teine september - Birgit Itse - Be Inspired","isPartOf":{"@id":"https:\/\/www.birgit-itse.com\/#website"},"primaryImageOfPage":{"@id":"https:\/\/birgit-itse.com\/et\/teine-september\/#primaryimage"},"image":{"@id":"https:\/\/birgit-itse.com\/et\/teine-september\/#primaryimage"},"thumbnailUrl":"https:\/\/www.birgit-itse.com\/wp-content\/uploads\/2021\/09\/20210830_082201.jpg","datePublished":"2021-09-02T15:49:00+00:00","dateModified":"2022-11-10T17:37:18+00:00","breadcrumb":{"@id":"https:\/\/birgit-itse.com\/et\/teine-september\/#breadcrumb"},"inLanguage":"et","potentialAction":[{"@type":"ReadAction","target":["https:\/\/birgit-itse.com\/et\/teine-september\/"]}]},{"@type":"ImageObject","inLanguage":"et","@id":"https:\/\/birgit-itse.com\/et\/teine-september\/#primaryimage","url":"https:\/\/www.birgit-itse.com\/wp-content\/uploads\/2021\/09\/20210830_082201.jpg","contentUrl":"https:\/\/www.birgit-itse.com\/wp-content\/uploads\/2021\/09\/20210830_082201.jpg","width":1024,"height":1024},{"@type":"BreadcrumbList","@id":"https:\/\/birgit-itse.com\/et\/teine-september\/#breadcrumb","itemListElement":[{"@type":"ListItem","position":1,"name":"Home","item":"https:\/\/birgit-itse.com\/et\/"},{"@type":"ListItem","position":2,"name":"Teine september"}]},{"@type":"WebSite","@id":"https:\/\/www.birgit-itse.com\/#website","url":"https:\/\/www.birgit-itse.com\/","name":"Birgit Itse - Be Inspired","description":"Ghostwriter, Author, Keynote Speaker","publisher":{"@id":"https:\/\/www.birgit-itse.com\/#organization"},"potentialAction":[{"@type":"SearchAction","target":{"@type":"EntryPoint","urlTemplate":"https:\/\/www.birgit-itse.com\/?s={search_term_string}"},"query-input":{"@type":"PropertyValueSpecification","valueRequired":true,"valueName":"search_term_string"}}],"inLanguage":"et"},{"@type":"Organization","@id":"https:\/\/www.birgit-itse.com\/#organization","name":"Birgit Itse - Be Inspired","url":"https:\/\/www.birgit-itse.com\/","logo":{"@type":"ImageObject","inLanguage":"et","@id":"https:\/\/www.birgit-itse.com\/#\/schema\/logo\/image\/","url":"https:\/\/www.birgit-itse.com\/wp-content\/uploads\/2020\/10\/cropped-Birgit-name-logo-orange.png","contentUrl":"https:\/\/www.birgit-itse.com\/wp-content\/uploads\/2020\/10\/cropped-Birgit-name-logo-orange.png","width":1326,"height":841,"caption":"Birgit Itse - Be Inspired"},"image":{"@id":"https:\/\/www.birgit-itse.com\/#\/schema\/logo\/image\/"}},{"@type":"Person","@id":"https:\/\/www.birgit-itse.com\/#\/schema\/person\/d4377a976a69a7b75098928a7dc1ccfb","name":"admin","image":{"@type":"ImageObject","inLanguage":"et","@id":"https:\/\/secure.gravatar.com\/avatar\/b690ca6edbdcb36cd0ff2450e9fe650058e5c610506bc269ec71c725a841855e?s=96&d=mm&r=g","url":"https:\/\/secure.gravatar.com\/avatar\/b690ca6edbdcb36cd0ff2450e9fe650058e5c610506bc269ec71c725a841855e?s=96&d=mm&r=g","contentUrl":"https:\/\/secure.gravatar.com\/avatar\/b690ca6edbdcb36cd0ff2450e9fe650058e5c610506bc269ec71c725a841855e?s=96&d=mm&r=g","caption":"admin"},"sameAs":["https:\/\/birgit-itse.com"],"url":"https:\/\/www.birgit-itse.com\/et\/author\/admin\/"}]}},"_links":{"self":[{"href":"https:\/\/www.birgit-itse.com\/et\/wp-json\/wp\/v2\/posts\/1328","targetHints":{"allow":["GET"]}}],"collection":[{"href":"https:\/\/www.birgit-itse.com\/et\/wp-json\/wp\/v2\/posts"}],"about":[{"href":"https:\/\/www.birgit-itse.com\/et\/wp-json\/wp\/v2\/types\/post"}],"author":[{"embeddable":true,"href":"https:\/\/www.birgit-itse.com\/et\/wp-json\/wp\/v2\/users\/1"}],"replies":[{"embeddable":true,"href":"https:\/\/www.birgit-itse.com\/et\/wp-json\/wp\/v2\/comments?post=1328"}],"version-history":[{"count":1,"href":"https:\/\/www.birgit-itse.com\/et\/wp-json\/wp\/v2\/posts\/1328\/revisions"}],"predecessor-version":[{"id":1363,"href":"https:\/\/www.birgit-itse.com\/et\/wp-json\/wp\/v2\/posts\/1328\/revisions\/1363"}],"wp:featuredmedia":[{"embeddable":true,"href":"https:\/\/www.birgit-itse.com\/et\/wp-json\/wp\/v2\/media\/1357"}],"wp:attachment":[{"href":"https:\/\/www.birgit-itse.com\/et\/wp-json\/wp\/v2\/media?parent=1328"}],"wp:term":[{"taxonomy":"category","embeddable":true,"href":"https:\/\/www.birgit-itse.com\/et\/wp-json\/wp\/v2\/categories?post=1328"},{"taxonomy":"post_tag","embeddable":true,"href":"https:\/\/www.birgit-itse.com\/et\/wp-json\/wp\/v2\/tags?post=1328"}],"curies":[{"name":"wp","href":"https:\/\/api.w.org\/{rel}","templated":true}]}}