{"id":945,"date":"2021-08-18T11:50:00","date_gmt":"2021-08-18T11:50:00","guid":{"rendered":""},"modified":"2022-11-10T17:37:26","modified_gmt":"2022-11-10T17:37:26","slug":"kuti-uus-kooliaasta","status":"publish","type":"post","link":"https:\/\/www.birgit-itse.com\/et\/kuti-uus-kooliaasta\/","title":{"rendered":"Uus hooaeg"},"content":{"rendered":"<p><a style=\"clear: right; float: right; margin-bottom: 1em; margin-left: 1em; text-align: center;\" href=\"https:\/\/blogger.googleusercontent.com\/img\/a\/AVvXsEi6kggdhEJdB3DMEQq7MtC8LxBnHVGmfBqFMRzh_znNi0t4pTMtZl66dwp2-FLv5hTPKLKWyZdWPyPfheBGWEnysHdXJlt8KsA9nLI08BL8LLJadclwN_ctaqB3rJYK2gs3a9-DXLYSeWcofPO8hKuYRmfeLtEz7HR-Pb0WSNHDfrn8t9f3hetp-XIXnA=s2609\"><img decoding=\"async\" src=\"https:\/\/blogger.googleusercontent.com\/img\/a\/AVvXsEi6kggdhEJdB3DMEQq7MtC8LxBnHVGmfBqFMRzh_znNi0t4pTMtZl66dwp2-FLv5hTPKLKWyZdWPyPfheBGWEnysHdXJlt8KsA9nLI08BL8LLJadclwN_ctaqB3rJYK2gs3a9-DXLYSeWcofPO8hKuYRmfeLtEz7HR-Pb0WSNHDfrn8t9f3hetp-XIXnA=s320\" width=\"148\" height=\"320\" border=\"0\" data-original-height=\"2609\" data-original-width=\"1205\" \/><\/a>\u00a0Kutt l\u00e4ks kooli. Eile oli esimene koolip\u00e4ev. J\u00e4lle. \ud83d\ude01 \u00d5htuste muljete ja meeleolu j\u00e4rgi l\u00e4ks h\u00e4sti.\u00a0&#8220;Normaalne, pold k\u00f5ige hullem,&#8221; oli Kuti enda kommentaar. Nojah siis. Kehaline kasvatus j\u00e4tkuvalt neli p\u00e4eva n\u00e4dalas, nagu Kutt endale ise kevadel valis, mis t\u00e4hendab, et koolivormip\u00e4ev on ainult kolmap\u00e4ev. Selle \u00fcle on tal hea meel. Saab dressides ja tossudes k\u00e4ia.\u00a0 Traditsioonilist pilti enne koolip\u00e4eva algust sel korral teha ei lubatud. &#8220;Teeme \u00f5htul, sobib?&#8221; Ju siis peab sobima. T\u00e4na hommikul kamandasin Kuti seina \u00e4\u00e4rde, ei vaielnud vastu.<\/p>\n<p>K\u00fcsimusi ennetades, siis kinganumber on 44. Pikkust sinna 172-173 cm kanti, seega minust selgelt pikem. Talvejope j\u00e4tsin k\u00fcll praegu ostmata. Ilmselgelt j\u00f5uab ta sellest kahe-kolme kuuga v\u00e4lja kasvada. Vesti pani ta t\u00e4na hommikul selga mitte seep\u00e4rast, et meil oleks k\u00fclm olnud, vaid et see vest meeldis talle. \ud83d\ude0e Oli selline spontaanne leid. Kingadega oli rohkem jama, aga kui l\u00f5puks suure survestamise peale jalga proovis, t\u00f5des ise ka, et \u00fclimugavad on. Kuna siin pannakse enamus poode kinni juba kell 18, vaid kaubanduskeskustes on osa poode kella 20ni lahti, tuli teha kiire ostutiir &#8211; kahe tunniga saime enam-v\u00e4hem k\u00f5ik ostetud. Kooliaasta algust ning edukat ostutuuri t\u00e4histasime v\u00e4likohvikus burgeri ja \u00fclisuure hot dog&#8217;iga. Kutt arvas, et see hapukapsaga hot dog, mis ta Aberdeenis 2019 aasta viimasel p\u00e4eval s\u00f5i, oli parem, kui see, mis eile. &#8220;Mugavam oli s\u00fc\u00fca ja parem maitse ka.&#8221;<\/p>\n<p>Minu jaoks on ikka veel h\u00e4mmastav, kui palju s\u00fc\u00fcakse siin erinevaid burgereid. On m\u00f5ned toidukohad,<\/p>\n<div style=\"clear: both; text-align: center;\"><a style=\"clear: left; float: left; margin-bottom: 1em; margin-right: 1em;\" href=\"https:\/\/blogger.googleusercontent.com\/img\/a\/AVvXsEgu-tJieBXTQgZP5YrV8xPBUVZS1yZCynN_ynvhP-FiNxBVRrJy2lXE8ui7dVOkzx5qXigtTUsjApfKUofiP63k3taVAtr0Gfi1OevJoUNpkEKVX0rVwDljoLXUvcg2JCsh63ynTpWOVytQixc2OssyTov6DMn9vfgI6d7mD9fWuHUcj1jJesAvValzXA=s2609\"><img decoding=\"async\" src=\"https:\/\/blogger.googleusercontent.com\/img\/a\/AVvXsEgu-tJieBXTQgZP5YrV8xPBUVZS1yZCynN_ynvhP-FiNxBVRrJy2lXE8ui7dVOkzx5qXigtTUsjApfKUofiP63k3taVAtr0Gfi1OevJoUNpkEKVX0rVwDljoLXUvcg2JCsh63ynTpWOVytQixc2OssyTov6DMn9vfgI6d7mD9fWuHUcj1jJesAvValzXA=s320\" width=\"320\" height=\"148\" border=\"0\" data-original-height=\"1205\" data-original-width=\"2609\" \/><\/a><\/div>\n<p>mis pakuvad n-\u00f6 traditsioonilist toitu nt kartuli-kaalikapuder, kus salatiosa t\u00e4idavad enamasti s\u00fcgavk\u00fclmast v\u00f5etud ja keedetud rohelised herned ning siis on midagi lihalaadset ka k\u00f5rval. V\u00f5i siis p\u00e4ris grill-toidud. Need variandid on ka olemas, kuid ikkagi pigem \u00f5htus\u00f6\u00f6gina. L\u00f5una on siin kerge &#8211; v\u00f5iku v\u00f5i midagi vahepealset. Traditsiooniliselt on muidugi \u0161oti hommikus\u00f6\u00f6k tugev, ja kui selle \u00e4ra s\u00f6\u00f6d, siis enne \u00f5htut ei tahagi midagi, aga no kui palju on neid, kes iga p\u00e4ev t\u00e4is-hommikus\u00f6\u00f6ki vaaritavad ja ka s\u00f6\u00f6vad? Pildil olev hommikus\u00f6\u00f6k on kodul\u00e4hedasest kohvikust, kus hinna-ja kvaliteedisuhe paigas. Selline taldrikut\u00e4is, lisaks 2 viilu r\u00f6stsaia moosi ja v\u00f5iga, maksab \u00a37.<\/p>\n<p>Eestist tagasi tulles ongi l\u00e4inud suur aur nii mul endal kui ka Kutil r\u00fctmi kujundamisele. Vastamata v\u00f5i poolikult vastatud (vastan alates 10. augustist) kirjad, s\u00f5numid, suulised kokkulepped, mis olid vaja \u00fcle r\u00e4\u00e4kida. Selgus ka, et osa paberimajandust oli mingil p\u00f5hjusel kuskile toppama j\u00e4\u00e4nud, tuli hakata uurima, kuhu ja kellele kirjutada. Korralik mugavustsoonist v\u00e4ljas olek minu jaoks. Otsida see r\u00fctm, mis toimib n\u00fc\u00fcd, kui ettev\u00f5ttes on uued teenused (sh \u00fcks-\u00fchele kirjutamistunnid), uued kliendid. Ma ei saa \u00f6elda, et k\u00f5ik on paigas. Pigem on praegu k\u00e4igus ajutine t\u00f6\u00f6korraldus, mis septembris, kui lisandub veel \u00fcks pikaajaline klient, kindlasti tuleb \u00fcmber vaadata.<\/p>\n<p>Kuna Eestimaa suve\u00f6\u00f6d polnud magamiseks, oli kiusatus ka saabumisn\u00e4dalavahetusele j\u00e4rgnenud t\u00f6\u00f6n\u00e4dal maha magada ja molutada. Seda enam, et Kutil oli vabadus, aga minul tuli eneseisolatsioonis olla ja r\u00f5\u00f5msalt Suurbritannia valitsuselt PCR teste oodata. Mida aga 10 p\u00e4eva jooksul ei tulnud, olid testid. Seega on see &#8220;testi\u00e4ri&#8221; m\u00f5nusalt k\u00e4ima l\u00e4inud ning mitmes v\u00e4ljaandes kajastatud probleem, et osa ettev\u00f5tteid m\u00fc\u00fcb lihtsalt testide broneerimiskoode, kuid teste ei postita\/anal\u00fc\u00fcsi, leidis praeguse seisuga ka meie puhul kinnitust, sest n\u00fc\u00fcdseks ligi kaks n\u00e4dalat m\u00f6\u00f6das.\u00a0 Tellisime siis NHSi lehelt endale need tasuta testid, et noh, juhuks, kui keegi k\u00fcsib, siis v\u00f5ime puhta s\u00fcdamega kinnitada, et oleme j\u00e4tkuvalt negatiivsed inimesed.<\/p>\n<div style=\"clear: both; text-align: center;\"><a style=\"clear: left; float: left; margin-bottom: 1em; margin-right: 1em;\" href=\"https:\/\/blogger.googleusercontent.com\/img\/a\/AVvXsEgpuZfHkC07N27rWrsMKGDgYWpzFSXsXoJQXUQGJqTr1GhHBDcjOkf35pCCle2bxzygwbHFhPJsAK_whUmyGFLukKMTpICm7nhjd4FuEC7Own6kqhd-YWVaG9pO7caGNXiyc-0K3Smu0DWwMvQA5BZz2RUsPRFvEXlPQ-8Qgax-JC2215pwsn9e5ZRtsA=s2609\"><img decoding=\"async\" src=\"https:\/\/blogger.googleusercontent.com\/img\/a\/AVvXsEgpuZfHkC07N27rWrsMKGDgYWpzFSXsXoJQXUQGJqTr1GhHBDcjOkf35pCCle2bxzygwbHFhPJsAK_whUmyGFLukKMTpICm7nhjd4FuEC7Own6kqhd-YWVaG9pO7caGNXiyc-0K3Smu0DWwMvQA5BZz2RUsPRFvEXlPQ-8Qgax-JC2215pwsn9e5ZRtsA=s320\" width=\"148\" height=\"320\" border=\"0\" data-original-height=\"2609\" data-original-width=\"1205\" \/><\/a><\/div>\n<p>Kuti koolist ka leebelt soovitatakse 2x n\u00e4dalas seda s\u00fcljetesti teha ja siis andmed kuskile ametlikule kodukale panna, aga ma olen sellest suurep\u00e4rasest v\u00f5imalusest loobunud. Mitte seep\u00e4rast, et mind ei huvitaks v\u00f5i ma ei hooli, vaid seep\u00e4rast, et ma ei ole kindel, kuidas minu ja mu lapse andmeid edasi kasutatakse. Lisaks, kui sa sellega alustad, siis on ka kohustus seda kindlatel p\u00e4evadel teha. Tervishoiuspetsialistilt sain ka kooli alguse puhul kirja, kus informeeriti, et distantsi hoidmine \u00f5pilaste vahel pole vajalik, kuid v\u00e4hemalt esimestel n\u00e4dalatel tuleb siseruumides n\u00e4omaski kanda. \u00d5petajad peavad hoidma 1m vahet nii \u00f5pilastega kui ka omavahel.<\/p>\n<p>Loomulikult kuulub kohustuslike koolitarvete hulka ka k\u00e4te desinfitseerimise vahend (ostsin Kutile loodusliku, sest need alkoholiga l\u00f5hkusid ta k\u00e4ed v\u00e4ga \u00e4ra). Sissep\u00e4\u00e4s koolimajja on igal vanuseastmel eraldi. Majast lahkumine k\u00e4ib l\u00e4hima ukse kaudu.<\/p>\n<p>Seda, kas laulmistunnid on taastunud, ma ei tea. Eelmisel aastal m\u00e4ngisid nad mingeid pille, aga laulda muusikatunnis ei tohtinud. Sel aastal tal mu meelest muusikat pole. See, kuidas ta r\u00e4\u00e4gib koolis toimuvast, mis on h\u00e4sti (pr\u00fcgikaste pandi juurde kooli\u00f5ue) ja mis on n\u00f5me (need nooremad loobivad pudeleid k\u00f5rgest astangust alla, ja need l\u00e4hevad kildudeks), on h\u00e4sti huvitav. Suvi Eestis on kindlasti k\u00fcpsust lisanud, seega t\u00e4iesti v\u00f5imalik, et need k\u00f5ikumised, mis teismeeale iseloomulikud, v\u00f5ivad olla suured. Samas, v\u00f5ib ju ka vabalt olla, et ongi toimunud mingi rahunemine, emotsionaalne k\u00fcpsemine &#8211; nii temal kui ka minul.<\/p>\n<p>Eile oli ka esimene kord, kus saime tagasi tantsusaali. V\u00f5i noh, mina sain. Teised on vahepeal kogu aeg tantsinud. N\u00fc\u00fcd on reeglid sellised, et enam ei pea \u00fche partneriga tantsima, vaid saab tantsutunni ajal partnereid vahetada. Rueda puhul on see eriti oluline &#8211; see lisab m\u00e4ngulisust. V\u00e4ga-v\u00e4ga m\u00f5nus oli tantsukingad tolmust puhtaks p\u00fchkida ning puitparketil libiseda. See emotsioon inimestel, et ma olen tagasi &#8211; m\u00f5nes m\u00f5ttes uskumatu. \u00dcle saali joosti vastu, et kallistada, \u00f6eldi \u00fcksteisele, et n\u00fc\u00fcd on minu kord. V\u00e4ga-v\u00e4ga armas hetk oli. Laup\u00e4eval on suur havai-stiilis pidu. Ootan v\u00e4ga &#8211; palju on uusi n\u00e4gusid tulnud ning k\u00f5iki vanu olijaidki pole veel n\u00e4inud. Kuti n\u00f5usolekul panin tema kirja online-koolitusele koodikirjutamisest, matemaatikast ja f\u00fc\u00fcsikast. P\u00fchap\u00e4eval on tasuta avavebinar, kursust reklaamitakse NASA endise astronaudi Scott Kelly nimega. No n\u00e4is, kas ikka on astronaut ise 12-14 aastastega v\u00f5i \u00f5petab neile rakendusi, m\u00e4nge jms looma ikka keegi teine.<\/p>\n<div style=\"clear: both; text-align: center;\"><a style=\"clear: left; float: left; margin-bottom: 1em; margin-right: 1em;\" href=\"https:\/\/blogger.googleusercontent.com\/img\/a\/AVvXsEiKq5azaGVDBrKOPvH7NRdUS5BWWHviYlh7nDRObaplZooDa2Pa5XPwQAAvfz7FbBeSl7iAWF0QpR76YvoSaaGUi4B9wuA09ypag865Dx05JbVt_aZDTZkmaa4WHsEGdA4amyCW53ZS4QYF3mFBrIUaofi9e3-OJ8xDii4rBEpk-XcUZrQxGkY6f1rrYg=s2048\"><img loading=\"lazy\" decoding=\"async\" src=\"https:\/\/blogger.googleusercontent.com\/img\/a\/AVvXsEiKq5azaGVDBrKOPvH7NRdUS5BWWHviYlh7nDRObaplZooDa2Pa5XPwQAAvfz7FbBeSl7iAWF0QpR76YvoSaaGUi4B9wuA09ypag865Dx05JbVt_aZDTZkmaa4WHsEGdA4amyCW53ZS4QYF3mFBrIUaofi9e3-OJ8xDii4rBEpk-XcUZrQxGkY6f1rrYg=w151-h200\" width=\"151\" height=\"200\" border=\"0\" data-original-height=\"2048\" data-original-width=\"1551\" \/><\/a><\/div>\n<p>T\u00e4nagi veel m\u00f5tlesin, et meie Eestist \u00e4ra tuleku viimased 48h olid kuidagi v\u00e4ga kiired. Ei j\u00f5udnud kaasa osta neid toiduasjugi, mida oleks tahtnud &#8211; kohutavalt palju aega kulus igasugusele paberimajandusele ja sellega end kurssi viimisele. M\u00f5ned oma raamatud ja Anneliisiga tehtud m\u00e4rkmikud said siiski kaasa. \u00dchte m\u00e4rkmikku k\u00fcsis Kutt ka endale &#8211; tal olevat ka vaja kohta, kuhu oma leiutisi kirja panna.<\/p>\n<p>Ma tean, et paljud m\u00e4rkmikute autorid annavad ette ka m\u00f5tteid v\u00f5i suuniseid, millest kirjutada, aga mulle meeldivad just valged lehed. Piirangutevabadus. Just selline, mis hullult \u00e4gedatele ideedele meeldib. T\u00e4na tegin ka ise sinna kaks esimest sissekannet. M\u00f5lemad ideed raamatuteks. Uitm\u00f5tete noppimise uus hooaeg on k\u00e4ima l\u00e4inud.<\/p>\n<div style=\"clear: both; text-align: center;\"><a style=\"margin-left: 1em; margin-right: 1em;\" href=\"https:\/\/blogger.googleusercontent.com\/img\/a\/AVvXsEiDVsF9qtFI0yEbWZY_kqb1KSctcLo2qEb5XN6ahKkBXm53C2MaYK67ILOkRO5a-64Xe6dCBh9LlqhBYdCBFwIAzyD2lcaEfPhnipcHktSWnN72aBletRzg2gMOCXr1izr3ZpYNRmKLqCcJVe1aw1RebJdmXz0YOtWXOxTmM7VBDk7Px2swH1-kYE7spA=s2609\"><img loading=\"lazy\" decoding=\"async\" src=\"https:\/\/blogger.googleusercontent.com\/img\/a\/AVvXsEiDVsF9qtFI0yEbWZY_kqb1KSctcLo2qEb5XN6ahKkBXm53C2MaYK67ILOkRO5a-64Xe6dCBh9LlqhBYdCBFwIAzyD2lcaEfPhnipcHktSWnN72aBletRzg2gMOCXr1izr3ZpYNRmKLqCcJVe1aw1RebJdmXz0YOtWXOxTmM7VBDk7Px2swH1-kYE7spA=w640-h296\" width=\"640\" height=\"296\" border=\"0\" data-original-height=\"1205\" data-original-width=\"2609\" \/><\/a><\/div>\n<div style=\"clear: both; text-align: center;\"><\/div>","protected":false},"excerpt":{"rendered":"<p>\u00a0Kutt l\u00e4ks kooli. Eile oli esimene koolip\u00e4ev. J\u00e4lle. \ud83d\ude01 \u00d5htuste muljete ja meeleolu j\u00e4rgi l\u00e4ks h\u00e4sti.\u00a0&#8220;Normaalne, pold k\u00f5ige hullem,&#8221; oli Kuti enda kommentaar. Nojah siis. Kehaline kasvatus j\u00e4tkuvalt neli p\u00e4eva n\u00e4dalas, nagu Kutt endale ise kevadel valis, mis t\u00e4hendab, et koolivormip\u00e4ev on ainult kolmap\u00e4ev. Selle \u00fcle on tal hea meel. Saab dressides ja tossudes k\u00e4ia.\u00a0 [&hellip;]<\/p>\n","protected":false},"author":2,"featured_media":0,"comment_status":"open","ping_status":"open","sticky":false,"template":"","format":"standard","meta":{"footnotes":""},"categories":[21,15,20,16,18,22,17,19],"tags":[],"class_list":["post-945","post","type-post","status-publish","format-standard","hentry","category-eestlane-sotimaal","category-inspiratsioonimarkmik","category-latin-dance-aberdeen","category-mis-oleks-kui","category-soti-hommikusook","category-sotimaa-koolid","category-toidukohad-aberdeenis","category-uus-kooliaasta","entry","owp-thumbs-layout-horizontal","owp-btn-normal","owp-tabs-layout-horizontal","has-no-thumbnails","has-product-nav"],"yoast_head":"<!-- This site is optimized with the Yoast SEO plugin v27.4 - https:\/\/yoast.com\/product\/yoast-seo-wordpress\/ -->\n<title>Uus hooaeg - Birgit Itse - Be Inspired<\/title>\n<meta name=\"description\" content=\"\u00a0Kutt l\u00e4ks kooli. Eile oli esimene koolip\u00e4ev. J\u00e4lle. \ud83d\ude01 \u00d5htuste muljete ja meeleolu j\u00e4rgi l\u00e4ks h\u00e4sti. &quot;Normaalne, pold k\u00f5ige hullem,&quot; oli Kuti enda kommentaar.\" \/>\n<meta name=\"robots\" content=\"index, follow, max-snippet:-1, max-image-preview:large, max-video-preview:-1\" \/>\n<link rel=\"canonical\" href=\"https:\/\/birgit-itse.com\/kuti-uus-kooliaasta\/\" \/>\n<meta property=\"og:locale\" content=\"et_EE\" \/>\n<meta property=\"og:type\" content=\"article\" \/>\n<meta property=\"og:title\" content=\"Uus hooaeg - Birgit Itse - Be Inspired\" \/>\n<meta property=\"og:description\" content=\"\u00a0Kutt l\u00e4ks kooli. Eile oli esimene koolip\u00e4ev. J\u00e4lle. \ud83d\ude01 \u00d5htuste muljete ja meeleolu j\u00e4rgi l\u00e4ks h\u00e4sti. &quot;Normaalne, pold k\u00f5ige hullem,&quot; oli Kuti enda kommentaar.\" \/>\n<meta property=\"og:url\" content=\"https:\/\/birgit-itse.com\/kuti-uus-kooliaasta\/\" \/>\n<meta property=\"og:site_name\" content=\"Birgit Itse - Be Inspired\" \/>\n<meta property=\"article:published_time\" content=\"2021-08-18T11:50:00+00:00\" \/>\n<meta property=\"article:modified_time\" content=\"2022-11-10T17:37:26+00:00\" \/>\n<meta property=\"og:image\" content=\"https:\/\/blogger.googleusercontent.com\/img\/a\/AVvXsEi6kggdhEJdB3DMEQq7MtC8LxBnHVGmfBqFMRzh_znNi0t4pTMtZl66dwp2-FLv5hTPKLKWyZdWPyPfheBGWEnysHdXJlt8KsA9nLI08BL8LLJadclwN_ctaqB3rJYK2gs3a9-DXLYSeWcofPO8hKuYRmfeLtEz7HR-Pb0WSNHDfrn8t9f3hetp-XIXnA=s320\" \/>\n<meta name=\"author\" content=\"Birgit\" \/>\n<meta name=\"twitter:card\" content=\"summary_large_image\" \/>\n<meta name=\"twitter:label1\" content=\"Written by\" \/>\n\t<meta name=\"twitter:data1\" content=\"Birgit\" \/>\n\t<meta name=\"twitter:label2\" content=\"Est. reading time\" \/>\n\t<meta name=\"twitter:data2\" content=\"6 minutit\" \/>\n<script type=\"application\/ld+json\" class=\"yoast-schema-graph\">{\"@context\":\"https:\\\/\\\/schema.org\",\"@graph\":[{\"@type\":\"Article\",\"@id\":\"https:\\\/\\\/birgit-itse.com\\\/kuti-uus-kooliaasta\\\/#article\",\"isPartOf\":{\"@id\":\"https:\\\/\\\/birgit-itse.com\\\/kuti-uus-kooliaasta\\\/\"},\"author\":{\"name\":\"Birgit\",\"@id\":\"https:\\\/\\\/birgit-itse.com\\\/#\\\/schema\\\/person\\\/3f7c1c34cf70c1ed6f580544f8ae6b7b\"},\"headline\":\"Uus hooaeg\",\"datePublished\":\"2021-08-18T11:50:00+00:00\",\"dateModified\":\"2022-11-10T17:37:26+00:00\",\"mainEntityOfPage\":{\"@id\":\"https:\\\/\\\/birgit-itse.com\\\/kuti-uus-kooliaasta\\\/\"},\"wordCount\":1172,\"commentCount\":0,\"publisher\":{\"@id\":\"https:\\\/\\\/birgit-itse.com\\\/#organization\"},\"image\":{\"@id\":\"https:\\\/\\\/birgit-itse.com\\\/kuti-uus-kooliaasta\\\/#primaryimage\"},\"thumbnailUrl\":\"https:\\\/\\\/blogger.googleusercontent.com\\\/img\\\/a\\\/AVvXsEi6kggdhEJdB3DMEQq7MtC8LxBnHVGmfBqFMRzh_znNi0t4pTMtZl66dwp2-FLv5hTPKLKWyZdWPyPfheBGWEnysHdXJlt8KsA9nLI08BL8LLJadclwN_ctaqB3rJYK2gs3a9-DXLYSeWcofPO8hKuYRmfeLtEz7HR-Pb0WSNHDfrn8t9f3hetp-XIXnA=s320\",\"articleSection\":[\"eestlane \u0161otimaal\",\"inspiratsioonim\u00e4rkmik\",\"latin dance aberdeen\",\"mis oleks kui\",\"\u0161oti hommikus\u00f6\u00f6k\",\"\u0161otimaa koolid\",\"toidukohad aberdeenis\",\"uus kooliaasta\"],\"inLanguage\":\"et\"},{\"@type\":\"WebPage\",\"@id\":\"https:\\\/\\\/birgit-itse.com\\\/kuti-uus-kooliaasta\\\/\",\"url\":\"https:\\\/\\\/birgit-itse.com\\\/kuti-uus-kooliaasta\\\/\",\"name\":\"Uus hooaeg - Birgit Itse - Be Inspired\",\"isPartOf\":{\"@id\":\"https:\\\/\\\/birgit-itse.com\\\/#website\"},\"primaryImageOfPage\":{\"@id\":\"https:\\\/\\\/birgit-itse.com\\\/kuti-uus-kooliaasta\\\/#primaryimage\"},\"image\":{\"@id\":\"https:\\\/\\\/birgit-itse.com\\\/kuti-uus-kooliaasta\\\/#primaryimage\"},\"thumbnailUrl\":\"https:\\\/\\\/blogger.googleusercontent.com\\\/img\\\/a\\\/AVvXsEi6kggdhEJdB3DMEQq7MtC8LxBnHVGmfBqFMRzh_znNi0t4pTMtZl66dwp2-FLv5hTPKLKWyZdWPyPfheBGWEnysHdXJlt8KsA9nLI08BL8LLJadclwN_ctaqB3rJYK2gs3a9-DXLYSeWcofPO8hKuYRmfeLtEz7HR-Pb0WSNHDfrn8t9f3hetp-XIXnA=s320\",\"datePublished\":\"2021-08-18T11:50:00+00:00\",\"dateModified\":\"2022-11-10T17:37:26+00:00\",\"description\":\"\u00a0Kutt l\u00e4ks kooli. Eile oli esimene koolip\u00e4ev. J\u00e4lle. \ud83d\ude01 \u00d5htuste muljete ja meeleolu j\u00e4rgi l\u00e4ks h\u00e4sti. \\\"Normaalne, pold k\u00f5ige hullem,\\\" oli Kuti enda kommentaar.\",\"breadcrumb\":{\"@id\":\"https:\\\/\\\/birgit-itse.com\\\/kuti-uus-kooliaasta\\\/#breadcrumb\"},\"inLanguage\":\"et\",\"potentialAction\":[{\"@type\":\"ReadAction\",\"target\":[\"https:\\\/\\\/birgit-itse.com\\\/kuti-uus-kooliaasta\\\/\"]}]},{\"@type\":\"ImageObject\",\"inLanguage\":\"et\",\"@id\":\"https:\\\/\\\/birgit-itse.com\\\/kuti-uus-kooliaasta\\\/#primaryimage\",\"url\":\"https:\\\/\\\/blogger.googleusercontent.com\\\/img\\\/a\\\/AVvXsEi6kggdhEJdB3DMEQq7MtC8LxBnHVGmfBqFMRzh_znNi0t4pTMtZl66dwp2-FLv5hTPKLKWyZdWPyPfheBGWEnysHdXJlt8KsA9nLI08BL8LLJadclwN_ctaqB3rJYK2gs3a9-DXLYSeWcofPO8hKuYRmfeLtEz7HR-Pb0WSNHDfrn8t9f3hetp-XIXnA=s320\",\"contentUrl\":\"https:\\\/\\\/blogger.googleusercontent.com\\\/img\\\/a\\\/AVvXsEi6kggdhEJdB3DMEQq7MtC8LxBnHVGmfBqFMRzh_znNi0t4pTMtZl66dwp2-FLv5hTPKLKWyZdWPyPfheBGWEnysHdXJlt8KsA9nLI08BL8LLJadclwN_ctaqB3rJYK2gs3a9-DXLYSeWcofPO8hKuYRmfeLtEz7HR-Pb0WSNHDfrn8t9f3hetp-XIXnA=s320\"},{\"@type\":\"BreadcrumbList\",\"@id\":\"https:\\\/\\\/birgit-itse.com\\\/kuti-uus-kooliaasta\\\/#breadcrumb\",\"itemListElement\":[{\"@type\":\"ListItem\",\"position\":1,\"name\":\"Home\",\"item\":\"https:\\\/\\\/birgit-itse.com\\\/\"},{\"@type\":\"ListItem\",\"position\":2,\"name\":\"Uus hooaeg\"}]},{\"@type\":\"WebSite\",\"@id\":\"https:\\\/\\\/birgit-itse.com\\\/#website\",\"url\":\"https:\\\/\\\/birgit-itse.com\\\/\",\"name\":\"Birgit Itse - Be Inspired\",\"description\":\"Ghostwriter, Author, Keynote Speaker\",\"publisher\":{\"@id\":\"https:\\\/\\\/birgit-itse.com\\\/#organization\"},\"potentialAction\":[{\"@type\":\"SearchAction\",\"target\":{\"@type\":\"EntryPoint\",\"urlTemplate\":\"https:\\\/\\\/birgit-itse.com\\\/?s={search_term_string}\"},\"query-input\":{\"@type\":\"PropertyValueSpecification\",\"valueRequired\":true,\"valueName\":\"search_term_string\"}}],\"inLanguage\":\"et\"},{\"@type\":\"Organization\",\"@id\":\"https:\\\/\\\/birgit-itse.com\\\/#organization\",\"name\":\"Birgit Itse - Be Inspired\",\"url\":\"https:\\\/\\\/birgit-itse.com\\\/\",\"logo\":{\"@type\":\"ImageObject\",\"inLanguage\":\"et\",\"@id\":\"https:\\\/\\\/birgit-itse.com\\\/#\\\/schema\\\/logo\\\/image\\\/\",\"url\":\"https:\\\/\\\/www.birgit-itse.com\\\/wp-content\\\/uploads\\\/2020\\\/10\\\/cropped-Birgit-name-logo-orange.png\",\"contentUrl\":\"https:\\\/\\\/www.birgit-itse.com\\\/wp-content\\\/uploads\\\/2020\\\/10\\\/cropped-Birgit-name-logo-orange.png\",\"width\":1326,\"height\":841,\"caption\":\"Birgit Itse - Be Inspired\"},\"image\":{\"@id\":\"https:\\\/\\\/birgit-itse.com\\\/#\\\/schema\\\/logo\\\/image\\\/\"}},{\"@type\":\"Person\",\"@id\":\"https:\\\/\\\/birgit-itse.com\\\/#\\\/schema\\\/person\\\/3f7c1c34cf70c1ed6f580544f8ae6b7b\",\"name\":\"Birgit\",\"image\":{\"@type\":\"ImageObject\",\"inLanguage\":\"et\",\"@id\":\"https:\\\/\\\/secure.gravatar.com\\\/avatar\\\/?s=96&d=mm&r=g\",\"url\":\"https:\\\/\\\/secure.gravatar.com\\\/avatar\\\/?s=96&d=mm&r=g\",\"contentUrl\":\"https:\\\/\\\/secure.gravatar.com\\\/avatar\\\/?s=96&d=mm&r=g\",\"caption\":\"Birgit\"},\"url\":\"https:\\\/\\\/www.birgit-itse.com\\\/et\\\/author\\\/birgit\\\/\"}]}<\/script>\n<!-- \/ Yoast SEO plugin. -->","yoast_head_json":{"title":"Uus hooaeg - Birgit Itse - Be Inspired","description":"\u00a0Kutt l\u00e4ks kooli. Eile oli esimene koolip\u00e4ev. J\u00e4lle. \ud83d\ude01 \u00d5htuste muljete ja meeleolu j\u00e4rgi l\u00e4ks h\u00e4sti. \"Normaalne, pold k\u00f5ige hullem,\" oli Kuti enda kommentaar.","robots":{"index":"index","follow":"follow","max-snippet":"max-snippet:-1","max-image-preview":"max-image-preview:large","max-video-preview":"max-video-preview:-1"},"canonical":"https:\/\/birgit-itse.com\/kuti-uus-kooliaasta\/","og_locale":"et_EE","og_type":"article","og_title":"Uus hooaeg - Birgit Itse - Be Inspired","og_description":"\u00a0Kutt l\u00e4ks kooli. Eile oli esimene koolip\u00e4ev. J\u00e4lle. \ud83d\ude01 \u00d5htuste muljete ja meeleolu j\u00e4rgi l\u00e4ks h\u00e4sti. \"Normaalne, pold k\u00f5ige hullem,\" oli Kuti enda kommentaar.","og_url":"https:\/\/birgit-itse.com\/kuti-uus-kooliaasta\/","og_site_name":"Birgit Itse - Be Inspired","article_published_time":"2021-08-18T11:50:00+00:00","article_modified_time":"2022-11-10T17:37:26+00:00","og_image":[{"url":"https:\/\/blogger.googleusercontent.com\/img\/a\/AVvXsEi6kggdhEJdB3DMEQq7MtC8LxBnHVGmfBqFMRzh_znNi0t4pTMtZl66dwp2-FLv5hTPKLKWyZdWPyPfheBGWEnysHdXJlt8KsA9nLI08BL8LLJadclwN_ctaqB3rJYK2gs3a9-DXLYSeWcofPO8hKuYRmfeLtEz7HR-Pb0WSNHDfrn8t9f3hetp-XIXnA=s320","type":"","width":"","height":""}],"author":"Birgit","twitter_card":"summary_large_image","twitter_misc":{"Written by":"Birgit","Est. reading time":"6 minutit"},"schema":{"@context":"https:\/\/schema.org","@graph":[{"@type":"Article","@id":"https:\/\/birgit-itse.com\/kuti-uus-kooliaasta\/#article","isPartOf":{"@id":"https:\/\/birgit-itse.com\/kuti-uus-kooliaasta\/"},"author":{"name":"Birgit","@id":"https:\/\/birgit-itse.com\/#\/schema\/person\/3f7c1c34cf70c1ed6f580544f8ae6b7b"},"headline":"Uus hooaeg","datePublished":"2021-08-18T11:50:00+00:00","dateModified":"2022-11-10T17:37:26+00:00","mainEntityOfPage":{"@id":"https:\/\/birgit-itse.com\/kuti-uus-kooliaasta\/"},"wordCount":1172,"commentCount":0,"publisher":{"@id":"https:\/\/birgit-itse.com\/#organization"},"image":{"@id":"https:\/\/birgit-itse.com\/kuti-uus-kooliaasta\/#primaryimage"},"thumbnailUrl":"https:\/\/blogger.googleusercontent.com\/img\/a\/AVvXsEi6kggdhEJdB3DMEQq7MtC8LxBnHVGmfBqFMRzh_znNi0t4pTMtZl66dwp2-FLv5hTPKLKWyZdWPyPfheBGWEnysHdXJlt8KsA9nLI08BL8LLJadclwN_ctaqB3rJYK2gs3a9-DXLYSeWcofPO8hKuYRmfeLtEz7HR-Pb0WSNHDfrn8t9f3hetp-XIXnA=s320","articleSection":["eestlane \u0161otimaal","inspiratsioonim\u00e4rkmik","latin dance aberdeen","mis oleks kui","\u0161oti hommikus\u00f6\u00f6k","\u0161otimaa koolid","toidukohad aberdeenis","uus kooliaasta"],"inLanguage":"et"},{"@type":"WebPage","@id":"https:\/\/birgit-itse.com\/kuti-uus-kooliaasta\/","url":"https:\/\/birgit-itse.com\/kuti-uus-kooliaasta\/","name":"Uus hooaeg - Birgit Itse - Be Inspired","isPartOf":{"@id":"https:\/\/birgit-itse.com\/#website"},"primaryImageOfPage":{"@id":"https:\/\/birgit-itse.com\/kuti-uus-kooliaasta\/#primaryimage"},"image":{"@id":"https:\/\/birgit-itse.com\/kuti-uus-kooliaasta\/#primaryimage"},"thumbnailUrl":"https:\/\/blogger.googleusercontent.com\/img\/a\/AVvXsEi6kggdhEJdB3DMEQq7MtC8LxBnHVGmfBqFMRzh_znNi0t4pTMtZl66dwp2-FLv5hTPKLKWyZdWPyPfheBGWEnysHdXJlt8KsA9nLI08BL8LLJadclwN_ctaqB3rJYK2gs3a9-DXLYSeWcofPO8hKuYRmfeLtEz7HR-Pb0WSNHDfrn8t9f3hetp-XIXnA=s320","datePublished":"2021-08-18T11:50:00+00:00","dateModified":"2022-11-10T17:37:26+00:00","description":"\u00a0Kutt l\u00e4ks kooli. Eile oli esimene koolip\u00e4ev. J\u00e4lle. \ud83d\ude01 \u00d5htuste muljete ja meeleolu j\u00e4rgi l\u00e4ks h\u00e4sti. \"Normaalne, pold k\u00f5ige hullem,\" oli Kuti enda kommentaar.","breadcrumb":{"@id":"https:\/\/birgit-itse.com\/kuti-uus-kooliaasta\/#breadcrumb"},"inLanguage":"et","potentialAction":[{"@type":"ReadAction","target":["https:\/\/birgit-itse.com\/kuti-uus-kooliaasta\/"]}]},{"@type":"ImageObject","inLanguage":"et","@id":"https:\/\/birgit-itse.com\/kuti-uus-kooliaasta\/#primaryimage","url":"https:\/\/blogger.googleusercontent.com\/img\/a\/AVvXsEi6kggdhEJdB3DMEQq7MtC8LxBnHVGmfBqFMRzh_znNi0t4pTMtZl66dwp2-FLv5hTPKLKWyZdWPyPfheBGWEnysHdXJlt8KsA9nLI08BL8LLJadclwN_ctaqB3rJYK2gs3a9-DXLYSeWcofPO8hKuYRmfeLtEz7HR-Pb0WSNHDfrn8t9f3hetp-XIXnA=s320","contentUrl":"https:\/\/blogger.googleusercontent.com\/img\/a\/AVvXsEi6kggdhEJdB3DMEQq7MtC8LxBnHVGmfBqFMRzh_znNi0t4pTMtZl66dwp2-FLv5hTPKLKWyZdWPyPfheBGWEnysHdXJlt8KsA9nLI08BL8LLJadclwN_ctaqB3rJYK2gs3a9-DXLYSeWcofPO8hKuYRmfeLtEz7HR-Pb0WSNHDfrn8t9f3hetp-XIXnA=s320"},{"@type":"BreadcrumbList","@id":"https:\/\/birgit-itse.com\/kuti-uus-kooliaasta\/#breadcrumb","itemListElement":[{"@type":"ListItem","position":1,"name":"Home","item":"https:\/\/birgit-itse.com\/"},{"@type":"ListItem","position":2,"name":"Uus hooaeg"}]},{"@type":"WebSite","@id":"https:\/\/birgit-itse.com\/#website","url":"https:\/\/birgit-itse.com\/","name":"Birgit Itse - Be Inspired","description":"Ghostwriter, Author, Keynote Speaker","publisher":{"@id":"https:\/\/birgit-itse.com\/#organization"},"potentialAction":[{"@type":"SearchAction","target":{"@type":"EntryPoint","urlTemplate":"https:\/\/birgit-itse.com\/?s={search_term_string}"},"query-input":{"@type":"PropertyValueSpecification","valueRequired":true,"valueName":"search_term_string"}}],"inLanguage":"et"},{"@type":"Organization","@id":"https:\/\/birgit-itse.com\/#organization","name":"Birgit Itse - Be Inspired","url":"https:\/\/birgit-itse.com\/","logo":{"@type":"ImageObject","inLanguage":"et","@id":"https:\/\/birgit-itse.com\/#\/schema\/logo\/image\/","url":"https:\/\/www.birgit-itse.com\/wp-content\/uploads\/2020\/10\/cropped-Birgit-name-logo-orange.png","contentUrl":"https:\/\/www.birgit-itse.com\/wp-content\/uploads\/2020\/10\/cropped-Birgit-name-logo-orange.png","width":1326,"height":841,"caption":"Birgit Itse - Be Inspired"},"image":{"@id":"https:\/\/birgit-itse.com\/#\/schema\/logo\/image\/"}},{"@type":"Person","@id":"https:\/\/birgit-itse.com\/#\/schema\/person\/3f7c1c34cf70c1ed6f580544f8ae6b7b","name":"Birgit","image":{"@type":"ImageObject","inLanguage":"et","@id":"https:\/\/secure.gravatar.com\/avatar\/?s=96&d=mm&r=g","url":"https:\/\/secure.gravatar.com\/avatar\/?s=96&d=mm&r=g","contentUrl":"https:\/\/secure.gravatar.com\/avatar\/?s=96&d=mm&r=g","caption":"Birgit"},"url":"https:\/\/www.birgit-itse.com\/et\/author\/birgit\/"}]}},"_links":{"self":[{"href":"https:\/\/www.birgit-itse.com\/et\/wp-json\/wp\/v2\/posts\/945","targetHints":{"allow":["GET"]}}],"collection":[{"href":"https:\/\/www.birgit-itse.com\/et\/wp-json\/wp\/v2\/posts"}],"about":[{"href":"https:\/\/www.birgit-itse.com\/et\/wp-json\/wp\/v2\/types\/post"}],"author":[{"embeddable":true,"href":"https:\/\/www.birgit-itse.com\/et\/wp-json\/wp\/v2\/users\/2"}],"replies":[{"embeddable":true,"href":"https:\/\/www.birgit-itse.com\/et\/wp-json\/wp\/v2\/comments?post=945"}],"version-history":[{"count":2,"href":"https:\/\/www.birgit-itse.com\/et\/wp-json\/wp\/v2\/posts\/945\/revisions"}],"predecessor-version":[{"id":1224,"href":"https:\/\/www.birgit-itse.com\/et\/wp-json\/wp\/v2\/posts\/945\/revisions\/1224"}],"wp:attachment":[{"href":"https:\/\/www.birgit-itse.com\/et\/wp-json\/wp\/v2\/media?parent=945"}],"wp:term":[{"taxonomy":"category","embeddable":true,"href":"https:\/\/www.birgit-itse.com\/et\/wp-json\/wp\/v2\/categories?post=945"},{"taxonomy":"post_tag","embeddable":true,"href":"https:\/\/www.birgit-itse.com\/et\/wp-json\/wp\/v2\/tags?post=945"}],"curies":[{"name":"wp","href":"https:\/\/api.w.org\/{rel}","templated":true}]}}