{"id":948,"date":"2021-04-20T15:21:00","date_gmt":"2021-04-20T15:21:00","guid":{"rendered":""},"modified":"2022-11-10T17:37:26","modified_gmt":"2022-11-10T17:37:26","slug":"ei-mingeid-vabandusi","status":"publish","type":"post","link":"https:\/\/www.birgit-itse.com\/et\/ei-mingeid-vabandusi\/","title":{"rendered":"Ei mingeid vabandusi!"},"content":{"rendered":"<p>Uups, ma m\u00f5tlesin, et ma m\u00e4rtsis ikka kerge postituse tegin, aga tundub, et mitte. \ud83d\ude0d&nbsp;<\/p>\n<div style=\"clear: both; text-align: center;\"><a href=\"https:\/\/birgit-itse.com\/wp-content\/uploads\/2021\/04\/20210118-GMB_3214.jpg\" style=\"clear: right; float: right; margin-bottom: 1em; margin-left: 1em;\"><img decoding=\"async\" border=\"0\" data-original-height=\"1125\" data-original-width=\"1500\" src=\"https:\/\/birgit-itse.com\/wp-content\/uploads\/2021\/04\/20210118-GMB_3214-300x225.jpg\" width=\"320\" \/><\/a><\/div>\n<p>Ilmselgelt on muud asjad t\u00e4htsamad olnud. Irooniaga v\u00f5i ilma. Nii ongi. See blogi on hobi. Natuke selleks, et ise j\u00e4rge hoida. Natuke ka neile, kes kaugel.&nbsp;<\/p>\n<p>\u00d5nneks, et ei ole ma end siiski t\u00f6\u00f6sse uputanud ning ka tervistega on k\u00f5ik h\u00e4sti. Olen endale lihtsalt seadnud rutiini, et n\u00e4dalavahetused oleks v\u00f5imalikult ekraanivabad. N\u00e4dala sees on aga t\u00f5esti t\u00f6iseid tegemisi ja ka \u00f5ppimisi sedav\u00f5rd palju olnud, et olen eelistanud raamatu lugemist siin kirjutamisele. Isegi Lood ja Maalid on v\u00e4iksel pausil praegu. 6. maiks, mil m\u00f6\u00f6dub projekist aasta, on eesm\u00e4rk siiski 100 lugu juurde kirjutada. Maalid on \u00dcllelt olemas, n\u00fc\u00fcd on lihtsalt k\u00e4ttev\u00f5tmise asi, et luuletused kirjutada ja sisse lugeda.&nbsp;<\/p>\n<p>K\u00f5ige v\u00e4rskemad uudised on need, et koolivennad Marko ja Ranno avaldasid ka oma taskuh\u00e4\u00e4lingu. Esimesel hooajal on 5 osa ning mul on au olla hooaja avak\u00fclaline. J\u00e4rgmisel teisip\u00e4eval saab osa avalikuks ning see on kuulatav nii Spotify&#8217;st, Amazon Musicust kui ka <a href=\"https:\/\/storytellersunleashed.buzzsprout.com\/\" target=\"_blank\" rel=\"noopener\">Buzzsproutist<\/a>. Eile avaldati proloog. Taskuh\u00e4\u00e4ling ise on inglisekeelne.&nbsp;<\/p>\n<p>Raamatu musta materjali panin ka kokku &#8211; sai 200 teksti, aga n\u00fc\u00fcd v\u00f5tsin endale m\u00f5tlemisaega. Tean ju praeguseks, missugused on v\u00e4rvifotodega raamatu tr\u00fckikulud. Ka siis, kui selle annaks v\u00e4lja siinne kirjastus, on 250 lehek\u00fclge maht, mis paneb m\u00f5tlema, kas ikka&#8230;. Teine asi on hind. Kahtlustan, et see on kindlasti \u00fcle \u00a330 ehk sinna 35 euro kanti ning see on summa, mida paljud ei ole valmis raamatu eest maksma. Pigem ostavad kaks v\u00f5i kolm \u00f5hemat. Seega on variante, kuidas materjaliga edasi toimetada, mitu. Jah, ka kassett-t\u00fc\u00fcpi v\u00e4ljaanne on m\u00f5ttes m\u00f5lkunud, kus nt 2 v\u00f5i 3 raamatut jagatuna kas teema v\u00f5i asukohtade kaupa.&nbsp;<\/p>\n<\/p>\n<div style=\"clear: both; text-align: center;\"><a href=\"https:\/\/birgit-itse.com\/wp-content\/uploads\/2021\/04\/20201230_092012.jpg\" style=\"clear: left; float: left; margin-bottom: 1em; margin-right: 1em;\"><img decoding=\"async\" border=\"0\" data-original-height=\"2048\" data-original-width=\"1536\" height=\"320\" src=\"https:\/\/birgit-itse.com\/wp-content\/uploads\/2021\/04\/20201230_092012-225x300.jpg\" \/><\/a><\/div>\n<p>Samuti avastasin, et terve raamatu jagu on pilte ainult Aberdeenist. Sellega seoses on ka \u00fcks m\u00f5te, mille siinsetele niidit\u00f5mbajatele edastasin. P\u00f6idlad pihku! \ud83d\ude0e<\/p>\n<p><i>Variautor <\/i>ehk siis variautorlusega seonduvalt on kaks suurt projekti l\u00f5pule j\u00f5udmas. Tore on n\u00e4ha klientide n\u00e4ol elevust. \u00dche suure projektiga ka alustasin, teistega tuleb j\u00e4rjekord paika panna. H\u00e4sti p\u00f5nev on see, kuidas Eesti kliendid on mind leidnud. Reklaamiagentuur Must Muna kirjutas mulle, lisaks veel paar suurt br\u00e4ndi, kellega koost\u00f6\u00f6d tegime.&nbsp;<\/p>\n<p>Jah, mul on oma hinnakiri paigas ning Eesti klientidele on hind v\u00f5rreldes siinse turuga ca 25% soodsam. Jah, muidugi v\u00f5iksin ka suuremat soodustust teha, kuid see t\u00e4hendaks veelgi pikemaid ootej\u00e4rjekordi. Asjad, mis v\u00f5tavad 1-2 tundi, mahutan \u00fcldiselt k\u00e4imasolevasse (v\u00f5i j\u00e4rgnevasse n\u00e4dalasse), aga kui t\u00f6\u00f6maht on 5-6 tundi v\u00f5i rohkem, siis peab arvestama, et alla 2 n\u00e4dala ei m\u00e4ngi v\u00e4lja kuidagi. Raamatu kirjutamisel on kindlasti kuu-kaks vaja ette teada. Nagu \u00fcks mu koost\u00f6\u00f6partner \u00fctles &#8211; kui t\u00f6\u00f6d on nii palju, et j\u00e4rjekord on mitu kuud, oled hinnat\u00f5usuga hiljaks j\u00e4\u00e4nud.&nbsp; \ud83d\ude0e See koost\u00f6\u00f6partner, kes nii \u00fctles, on Iain McMichael. Meie koost\u00f6\u00f6 algas m\u00e4rtsis, kui saime aru, et t\u00e4iendame \u00fcksteist t\u00f6\u00f6alaselt. Tema loob selguse majja <i>copywritingu <\/i>struktuuri osas<i>,<\/i> minu poolt on loomingulisus, praktilised harjutused loovuse suurendamiseks, sisuliste seoste loomine jms. M\u00e4rtsi l\u00f5pus oli meil esimene \u00fchine koolitus, sel reedel on j\u00e4rjekorras teine ning suvekuudesse oleme kavandanud viien\u00e4dalase programmi, mis katab nii loovuse kui ka struktuuri ja annab enesekindluse tekstiloomeks.&nbsp;<\/p>\n<p>Ma ei ole p\u00e4ris kindel, mida Eestis <i>copywritingu <\/i>all m\u00f5eldakse, aga siin on see kogu kirjalik sisuloome, olgu tegemist uudiskirjade, blogipostituste, sotsiaalmeedia v\u00f5i kodulehek\u00fclje tekstidega. Ehk et ei ole ainult reklaamtekstid.&nbsp;<\/p>\n<p>Siinne majandusaasta on 6. aprillist 5. aprillini. Minul saab sel neljap\u00e4eval aasta ettev\u00f5tjana tegutsemisest, aastane raamatupidamine on \u00fcle antud aastaaruande koostamiseks. Selle p\u00f5hjal arvestatakse siis maksud jms. Tagantj\u00e4rele tarkus on ainult see, et oleks v\u00f5inud varem alustada,&nbsp; \ud83d\ude02 mitte oodata aprilli l\u00f5puni. Aga nii on. Alati v\u00f5ib ka m\u00f5elda, et numbrid oleks v\u00f5inud suuremad-paremad olla. Teisalt j\u00e4lle, kui kohalikega v\u00f5rreldes tagasihoidlikumalt oma tegemistest r\u00e4\u00e4gin, siis inimesed arvavad, et v\u00f5tan oma edusamme liiga enesestm\u00f5istetavalt. Et ma v\u00f5tan oma rahvusvahelist klientuuri ensesesm\u00f5istetavalt ning ka oma panust sellesse. Ma ei oska seda kommenteerida. Ma lihtsalt teen seda, mis meeldib. Jah, m\u00f5nikord on t\u00f6\u00f6p\u00e4evad liiga pikad, aga \u00f5nneks on kodused ja s\u00f5brad, kes meenutavad vajadust aeg maha v\u00f5tta. Laup\u00e4eviti on ka salsatrennid, piirangute t\u00f5ttu pargis st saab veelgi v\u00e4rsket \u00f5hku.&nbsp;<\/p>\n<p>Huvitav on veel seelgi, et just viimastel kuudel on mitmed inimesed mulle kirjutanud ja tunnustanud, et Eestis \u00e4ra l\u00e4ksin, sest nemad olid m\u00e4rganud, kuidas Eesti oli mulle v\u00e4ike. V\u00f5imalik, et nad \u00fctlesid mulle juba seda siis, kui Eestis elasin. Kuigi erinevate ajav\u00f6\u00f6ndite vahel tegemiste sobitamine on paras nuputamine, sest ka unetunnid on vaja \u00e4ra magada, kaalub v\u00f5imalus suhelda ja \u00f5ppida, t\u00f6\u00f6tada inimestega \u00fcle maailma selle k\u00f5ik \u00fcle. Teisip\u00e4evad on tavaliselt megapikad. Selleks, et \u00fchineda grupiga, mis kohtub Eesti aja j\u00e4rgi kell 6, \u00e4rkan ma kell 3.44, ja \u00f5htuti on kirjutamiskoolitus, mis l\u00f5peb kell 20. Kuna t\u00e4na hakkab mul videokohtumine \u00fche kirjandusagendiga kell 22 meie aja j\u00e4rgi, otsustasin t\u00e4na hommikul kauem magada &#8211; \u00e4rkasin 5.44. \ud83d\ude01<\/p>\n<div style=\"clear: both; text-align: center;\"><a href=\"https:\/\/birgit-itse.com\/wp-content\/uploads\/2021\/04\/18.04.2021.jpg\" style=\"clear: left; float: left; margin-bottom: 1em; margin-right: 1em;\"><img decoding=\"async\" border=\"0\" data-original-height=\"360\" data-original-width=\"480\" src=\"https:\/\/birgit-itse.com\/wp-content\/uploads\/2021\/04\/18.04.2021-300x225.jpg\" width=\"320\" \/><\/a><\/div>\n<\/p>\n<p>Kutiga leppisime kokku, et ta esmasp\u00e4evast reedeni tuletab mulle meelde, et kell 17 on mu t\u00f6\u00f6p\u00e4ev l\u00e4bi. Piinlikkusega tunnistan, et viimase kuu jooksul on olnud p\u00e4ris tihti 60, isegi 70tunniseid t\u00f6\u00f6n\u00e4dalaid. \u00d5nneks on t\u00f6\u00f6vabad n\u00e4dalavahetused aidanud seda tasakaalustada.&nbsp;<\/p>\n<p>Rendiautoga oleme saanud linnast v\u00e4lja s\u00f5ita ning avastada paiku, kuhu \u00fchistranspordiga ei p\u00e4\u00e4se. Ka m\u00f6\u00f6dunud s\u00fcnnip\u00e4eva n\u00e4dalavahetuse veetsime ringi uidates. Pildil oleme Burn O&#8217;Vati juures. Tegemist on vana j\u00f5es\u00e4ngina. <i>Burn <\/i>on eesti keelde t\u00f5lgituna oja, v\u00e4ike j\u00f5gi. <i>Vat <\/i>aga t\u00e4hendab v\u00e4ravat, l\u00e4bip\u00e4\u00e4su. Suured kaljum\u00fcrakad moodustavad korraliku k\u00f5lakoja. Piltidelt pole \u00fcldse aru saada, kui v\u00f5imas see k\u00f5ik on. Umbes nagu Bullers of Buchani juures, mis on kah vana kaljukoobas, mille lagi on sisse kukkunud, ja mis n\u00fc\u00fcd nagu katla moodustab.&nbsp;<\/p>\n<p>Piirangud on siin leevenenud tasapisi m\u00e4rtsi algusest, mis ongi andnud v\u00f5imaluse rohkem ringi r\u00e4nnata. Avastada metsi, m\u00e4gesid ja lahesoppe, j\u00e4rvesid ja j\u00f5gesid. Eelmisest reedest tohib ka maakonnast v\u00e4lja minna st \u0160otimaa piires reisida. Majutusasutused tehakse alles 26ndast lahti, aga meie saime l\u00f5ppeval n\u00e4dalavahetusel \u00f6\u00f6bida Dufftownis, sest teen \u00fche sealse majutusasutusega koost\u00f6\u00f6d &#8211; kirjutan nende kodulehek\u00fcljele tekste ja blogipostitused, mida Cairngormi rahvuspargis vaadata. Rahvusvahelised lennud taastuvad 17. maist.&nbsp;<\/p>\n<p>Toitlustusasutused on enamasti kinni &#8211; ainult kaasam\u00fc\u00fck. Mingil m\u00e4\u00e4ral l\u00e4hevad need lahti ka 26. aprillist, aga nt siseruumides r\u00fchmatreeninguid enne 17. maid teha ei tohi. Nakatumise numbrid on Eestist v\u00e4iksemad, aga rahvaarv 5x suurem. \ud83d\ude01&nbsp;<\/p>\n<\/p>\n<div style=\"clear: both; text-align: center;\"><a href=\"https:\/\/birgit-itse.com\/wp-content\/uploads\/2021\/04\/166035745_435474877517187_8291660475459123250_n.jpg\" style=\"clear: left; float: left; margin-bottom: 1em; margin-right: 1em;\"><img decoding=\"async\" border=\"0\" data-original-height=\"1728\" data-original-width=\"784\" height=\"320\" src=\"https:\/\/birgit-itse.com\/wp-content\/uploads\/2021\/04\/166035745_435474877517187_8291660475459123250_n-136x300.jpg\" \/><\/a><\/div>\n<p>Kutt sai kooli tagasi eelmisest n\u00e4dalast. St eelmised neli kuud oli kodu\u00f5ppel. See oli r\u00e4nk. Kuigi eelmise kevadega v\u00f5rreldes oli neil sel korral nt videotunde, siis mott oli \u00fcsna maas. Kuulsin, kuidas ta tunnistas (vist) inglise keele \u00f5petajale, et p\u00e4ev otsa arvutis \u00f5ppida on v\u00e4ga t\u00fc\u00fctu. Koolis peavad nad siseruumides n\u00e4okatet kandma (koolist on antud ka mustad maskid), aga distantseerumise n\u00f5uet omavahel pole. K\u00e4te desinfitseerimine on kohustuslik nii koolimajja sisenemisel kui ka igasse klassiruumi sisenemisel. \u00dchtegi t\u00f6\u00f6vahendit kelleltki laenata ei tohi, seega kui sul pastakas koju j\u00e4\u00e4b, siis on oma viga, leebelt \u00f6eldes.&nbsp;<\/p>\n<p>Nendel p\u00e4evadel, kui on kehaline, v\u00f5ib kooli minna dressides, aga muidu ikka koolivorm: mustad p\u00fcksid (mitte teksad), lips, must v\u00f5i tunmesinine kampsun, valge triiks\u00e4rk, mustad jalan\u00f5ud. Kuna nelja kuuga on ta praktiliselt k\u00f5ikidest asjadest v\u00e4lja kasvanud, siis kooli minekuks riiete ja jalan\u00f5ude leidmine oli paras p\u00e4hkel, sest praegu on lahti ainult esmatarbekaupade poed st r\u00f5iva-ja jalan\u00f5ude poed on ka kinni! 26. aprillil tehakse lahti. Nii et on kaks varianti &#8211; kas supermarketi r\u00f5ivaosakond (umbes nagu Prismas, Selveris v\u00f5i Rimis on nt) v\u00f5i siis tellida internetist. K\u00f5iki asju tuleb osta silma v\u00f5i m\u00f5\u00f5tude j\u00e4rgi. Ostsingi endale koju m\u00f5\u00f5dulindi, et olla kindel, kui suur see M, S v\u00f5i L ikkagi on. Kutiga oleme praeguseks \u00fchepikkused ning minu jaksab ta ilusti s\u00fclle v\u00f5tta ning paark\u00fcmmend meetrit ka s\u00fcles (seljas rohkem) kanda. \ud83d\ude01<\/p>\n<p>Merekadettides k\u00e4ib ta ka edasi, naabrimees on \u00f5petanud teda jalgratast parandama ning oma parima s\u00f5braga k\u00e4ivad nad k\u00fcll t\u00f5uksidega rulapargis trikitamas, k\u00fcll ehitavad onni ja turnivad puude otsas. Inglise keeles r\u00e4\u00e4gib nii ladusalt, et kui siin \u00fchel \u00f5htul talle eesti keeles teksti dikteerisin, mida kirjutada, siis ta pani selle omas peas inglise keelde ja kirjutas inglise keeles. Nii olevat lihtsam. Kuna ta ikkagi tahab ametit \u00f5ppida Eestis, siis leppisime kokku, et ta iga n\u00e4dal kirjutab vanaemale kirja. Nii saab hoida eestikeelset kirjutamist ka alal. Kutt ootab ka, et raamatukogud uuesti lahti tehakse. Juba on nimekirjas 14 raamatut, mida laenutada. Loeb p\u00e4evi 26. aprillini. \ud83d\ude03<\/p>\n<p>Koolist saan ma iga n\u00e4dal kirjaliku kokkuv\u00f5tte nii \u00fcldise olukorra kohta, aga ka Kuti \u00f5ppimise kohta &#8211; missugused kodut\u00f6\u00f6d on millal vaja esitada jms.&nbsp;<\/p>\n<p>Aeg-ajalt k\u00fcsib ta ka, et tahaks ise s\u00fc\u00fca teha. See video on p\u00fchap\u00e4evast, kus ta pannkooke tegi.&nbsp;<\/p>\n<\/p>\n<blockquote style=\"border: none; margin: 0 0 0 40px; padding: 0px;\">\n<div style=\"clear: both; text-align: center;\">\n<blockquote style=\"border: none; margin: 0 0 0 40px; padding: 0px;\">\n<div style=\"clear: both; text-align: center;\"><object contentid=\"3edd92dfd9b669af\" height=\"266\" width=\"320\"><\/object><\/div>\n<\/blockquote>\n<\/div>\n<\/blockquote>\n<p>&#8220;Sa \u00fctled kohe uhkusega, et oled 40,&#8221; imestasid m\u00f5ned. Muidugi! Ei n\u00e4e p\u00f5hjust elukogemust h\u00e4beneda. Ja nagu mu kirjutamis\u00f5petaja Jamie Jauncey \u00fctles, et paljudel naistel on 40ndad viljaka loometee k\u00e4ivitamise aeg. Eelmisel n\u00e4dalal just panin kirja end \u00fchele tema koolitusele, ja siis ta \u00fctles ka, et &#8220;ma juba eelmisel aastal m\u00f5tlesin, et sa oled nagu loodusj\u00f5ud liikumas oma eesm\u00e4rgi poole!&#8221; \ud83d\ude0e Ootan v\u00e4ga, et saaks neile k\u00fclla minna ja maailma asjade \u00fcle arutleda!&nbsp;<\/p>\n<p><a href=\"https:\/\/birgit-itse.com\/wp-content\/uploads\/2021\/04\/175305084_1229520374173059_991360038847049155_n.jpg\" style=\"clear: left; float: left; margin-bottom: 1em; margin-right: 1em; text-align: center;\"><img fetchpriority=\"high\" decoding=\"async\" border=\"0\" data-original-height=\"2048\" data-original-width=\"943\" height=\"640\" src=\"https:\/\/birgit-itse.com\/wp-content\/uploads\/2021\/04\/175305084_1229520374173059_991360038847049155_n-138x300.jpg\" width=\"294\" \/><\/a>Facebooki l\u00f5in ka oma nn testlugejate grupid, eestikeelse ja inglisekeelse eraldi. Testlugejad on nn tavalugejad, mitte toimetajad ega korrektorid. Kes kutset soovib, andke m\u00e4rku! Kirjutage s\u00f5numitesse v\u00f5i saatke kiri.&nbsp;<\/p>\n<p>S\u00fcnnip\u00e4ev oli tulvil toredaid s\u00f5numeid, k\u00f5nesid, \u00fcllatusi ning looduses viibimist. Armsad postitused, palju sinilillepilte. Naabrid ja majaomanikud pidasid ka meeles. \u00dcks headest s\u00f5pradest, koolitaja Anu T\u00e4hemaa saatis mulle audiofaili, mis on tore paroodia Vikerraadio igahommikustele \u00f5nnesoovidele. Mina lisasin sellele pildid s\u00fcnnip\u00e4eva n\u00e4dalavahetusest. Videot n\u00e4eb <a href=\"https:\/\/www.facebook.com\/100003745517296\/videos\/2343732795761548\/\" target=\"_blank\" rel=\"noopener\">SIIT&nbsp;<\/a><\/p>\n<p>Pildil olev j\u00e4rv on Loch Muick, k\u00f5ndisime \u00fcmber selle, ja k\u00e4isime ka \u00fclal kose juures. V\u00f5imsad vaated. Kokku \u00fcle nelja tunni. Siis Pitlorchy ning Kuninganna vaade Trummondi j\u00e4rvele. \u00d5htuks Dufftowni. S\u00fcnnip\u00e4eva puhul ootas mind \u00f6\u00f6bimispaigas k\u00fclmikus viskij\u00e4\u00e4tis. Kohalik toodang. Siis s\u00f5itsime Balmorali, mis on inglise kuningapere suveresidents, aga mis aprillist juulini on avatud ka avalikkusele. Praegu muidugi mitte, aga 26. aprillist j\u00e4lle. Meie tegime tiiru Balmorali metsades, vaatasime \u00fcle p\u00fcramiidid &#8211; neid on sinna ehitatud nt m\u00e4lestuseks, pulmade ja pulma-aastap\u00e4evade puhul. Kui laup\u00e4eval oli 14 kraadi sooja, siis p\u00fchap\u00e4eval ainult +6. Hea oli, et talvejoped kaasas! Esmasp\u00e4eval j\u00e4lle 11 soojakraadi. Samas, kevad on k\u00f5vasti hilisem. Eelmisel aastal samal ajal toomingad \u00f5itsesid, n\u00fc\u00fcd on kased hiirek\u00f5rvul alles.&nbsp;<\/p>\n<p>Rendifirma tegi mulle ka toreda kingituse. Broneerisin Ford Fiesta (v\u00e4ikeauto), aga anti meile Peugeot 5008, mis on suur. Seitse inimest mahub sisse. \u00d6konoomne, ruumikas. M\u00f5nus. Paar n\u00e4dalat varem oli sama teema. V\u00e4ikse auto asemel saime Peugeot 3008, ja no ma pole elus varem istunud autos, kus on juhiistmel massaa\u017ei funktsioon. Pikkadel autos\u00f5itudel imeline!&nbsp;<\/p>\n<p>Kui esmasp\u00e4eval rendiautot tagastasin, tuli bussipeatusest teist teed pidi koju, vaatasin mere poole voolavat Doni j\u00f5ge ja m\u00f5tlesin, et mis siis n\u00fc\u00fcd teistmoodi on minu elus? N\u00fc\u00fcd, kui olen 40. Ja andsin endale m\u00f5ned lubadused. 1. jaanuaril ei anna ma uusaastalubadusi, vaid sean m\u00f5\u00f5detavaid eesm\u00e4rke, aga s\u00fcnnip\u00e4eval, kui algab uus eluaasta, on k\u00fcll hea enesele lubada midagi, mis on p\u00e4riselt t\u00e4htis. Lasta minna sellel, mis mind tagasi hoiab ning hoida silme ees seda, mis hoogu annab.&nbsp;<\/p>\n<p><\/p>\n<p><\/p>","protected":false},"excerpt":{"rendered":"<p>Uups, ma m\u00f5tlesin, et ma m\u00e4rtsis ikka kerge postituse tegin, aga tundub, et mitte. \ud83d\ude0d&nbsp; Ilmselgelt on muud asjad t\u00e4htsamad olnud. Irooniaga v\u00f5i ilma. Nii ongi. See blogi on hobi. Natuke selleks, et ise j\u00e4rge hoida. Natuke ka neile, kes kaugel.&nbsp; \u00d5nneks, et ei ole ma end siiski t\u00f6\u00f6sse uputanud ning ka tervistega on k\u00f5ik [&hellip;]<\/p>\n","protected":false},"author":2,"featured_media":1043,"comment_status":"open","ping_status":"open","sticky":false,"template":"","format":"standard","meta":{"footnotes":""},"categories":[32,26,33,34,22],"tags":[],"class_list":["post-948","post","type-post","status-publish","format-standard","has-post-thumbnail","hentry","category-cairngorms","category-kutt-ja-kirjanik","category-minu-sotimaa","category-onnelik-teekond","category-sotimaa-koolid","entry","has-media","owp-thumbs-layout-horizontal","owp-btn-normal","owp-tabs-layout-horizontal","has-no-thumbnails","has-product-nav"],"yoast_head":"<!-- This site is optimized with the Yoast SEO plugin v27.4 - https:\/\/yoast.com\/product\/yoast-seo-wordpress\/ -->\n<title>Ei mingeid vabandusi! - Birgit Itse - Be Inspired<\/title>\n<meta name=\"robots\" content=\"index, follow, max-snippet:-1, max-image-preview:large, max-video-preview:-1\" \/>\n<link rel=\"canonical\" href=\"http:\/\/birgit-itse.com\/et\/ei-mingeid-vabandusi\/\" \/>\n<meta property=\"og:locale\" content=\"et_EE\" \/>\n<meta property=\"og:type\" content=\"article\" \/>\n<meta property=\"og:title\" content=\"Ei mingeid vabandusi! - Birgit Itse - Be Inspired\" \/>\n<meta property=\"og:description\" content=\"Uups, ma m\u00f5tlesin, et ma m\u00e4rtsis ikka kerge postituse tegin, aga tundub, et mitte. \ud83d\ude0d&nbsp; Ilmselgelt on muud asjad t\u00e4htsamad olnud. Irooniaga v\u00f5i ilma. Nii ongi. See blogi on hobi. Natuke selleks, et ise j\u00e4rge hoida. Natuke ka neile, kes kaugel.&nbsp; \u00d5nneks, et ei ole ma end siiski t\u00f6\u00f6sse uputanud ning ka tervistega on k\u00f5ik [&hellip;]\" \/>\n<meta property=\"og:url\" content=\"http:\/\/birgit-itse.com\/et\/ei-mingeid-vabandusi\/\" \/>\n<meta property=\"og:site_name\" content=\"Birgit Itse - Be Inspired\" \/>\n<meta property=\"article:published_time\" content=\"2021-04-20T15:21:00+00:00\" \/>\n<meta property=\"article:modified_time\" content=\"2022-11-10T17:37:26+00:00\" \/>\n<meta property=\"og:image\" content=\"https:\/\/www.birgit-itse.com\/wp-content\/uploads\/2021\/04\/20210118-GMB_3214.jpg\" \/>\n\t<meta property=\"og:image:width\" content=\"1024\" \/>\n\t<meta property=\"og:image:height\" content=\"768\" \/>\n\t<meta property=\"og:image:type\" content=\"image\/jpeg\" \/>\n<meta name=\"author\" content=\"Birgit\" \/>\n<meta name=\"twitter:card\" content=\"summary_large_image\" \/>\n<meta name=\"twitter:label1\" content=\"Written by\" \/>\n\t<meta name=\"twitter:data1\" content=\"Birgit\" \/>\n\t<meta name=\"twitter:label2\" content=\"Est. reading time\" \/>\n\t<meta name=\"twitter:data2\" content=\"10 minutit\" \/>\n<script type=\"application\/ld+json\" class=\"yoast-schema-graph\">{\"@context\":\"https:\\\/\\\/schema.org\",\"@graph\":[{\"@type\":\"Article\",\"@id\":\"http:\\\/\\\/birgit-itse.com\\\/et\\\/ei-mingeid-vabandusi\\\/#article\",\"isPartOf\":{\"@id\":\"http:\\\/\\\/birgit-itse.com\\\/et\\\/ei-mingeid-vabandusi\\\/\"},\"author\":{\"name\":\"Birgit\",\"@id\":\"https:\\\/\\\/www.birgit-itse.com\\\/#\\\/schema\\\/person\\\/3f7c1c34cf70c1ed6f580544f8ae6b7b\"},\"headline\":\"Ei mingeid vabandusi!\",\"datePublished\":\"2021-04-20T15:21:00+00:00\",\"dateModified\":\"2022-11-10T17:37:26+00:00\",\"mainEntityOfPage\":{\"@id\":\"http:\\\/\\\/birgit-itse.com\\\/et\\\/ei-mingeid-vabandusi\\\/\"},\"wordCount\":2025,\"commentCount\":0,\"publisher\":{\"@id\":\"https:\\\/\\\/www.birgit-itse.com\\\/#organization\"},\"image\":{\"@id\":\"http:\\\/\\\/birgit-itse.com\\\/et\\\/ei-mingeid-vabandusi\\\/#primaryimage\"},\"thumbnailUrl\":\"https:\\\/\\\/www.birgit-itse.com\\\/wp-content\\\/uploads\\\/2021\\\/04\\\/20210118-GMB_3214.jpg\",\"articleSection\":[\"cairngorms\",\"kutt ja kirjanik\",\"minu \u0161otimaa\",\"\u00f5nnelik teekond\",\"\u0161otimaa koolid\"],\"inLanguage\":\"et\"},{\"@type\":\"WebPage\",\"@id\":\"http:\\\/\\\/birgit-itse.com\\\/et\\\/ei-mingeid-vabandusi\\\/\",\"url\":\"http:\\\/\\\/birgit-itse.com\\\/et\\\/ei-mingeid-vabandusi\\\/\",\"name\":\"Ei mingeid vabandusi! - Birgit Itse - Be Inspired\",\"isPartOf\":{\"@id\":\"https:\\\/\\\/www.birgit-itse.com\\\/#website\"},\"primaryImageOfPage\":{\"@id\":\"http:\\\/\\\/birgit-itse.com\\\/et\\\/ei-mingeid-vabandusi\\\/#primaryimage\"},\"image\":{\"@id\":\"http:\\\/\\\/birgit-itse.com\\\/et\\\/ei-mingeid-vabandusi\\\/#primaryimage\"},\"thumbnailUrl\":\"https:\\\/\\\/www.birgit-itse.com\\\/wp-content\\\/uploads\\\/2021\\\/04\\\/20210118-GMB_3214.jpg\",\"datePublished\":\"2021-04-20T15:21:00+00:00\",\"dateModified\":\"2022-11-10T17:37:26+00:00\",\"breadcrumb\":{\"@id\":\"http:\\\/\\\/birgit-itse.com\\\/et\\\/ei-mingeid-vabandusi\\\/#breadcrumb\"},\"inLanguage\":\"et\",\"potentialAction\":[{\"@type\":\"ReadAction\",\"target\":[\"http:\\\/\\\/birgit-itse.com\\\/et\\\/ei-mingeid-vabandusi\\\/\"]}]},{\"@type\":\"ImageObject\",\"inLanguage\":\"et\",\"@id\":\"http:\\\/\\\/birgit-itse.com\\\/et\\\/ei-mingeid-vabandusi\\\/#primaryimage\",\"url\":\"https:\\\/\\\/www.birgit-itse.com\\\/wp-content\\\/uploads\\\/2021\\\/04\\\/20210118-GMB_3214.jpg\",\"contentUrl\":\"https:\\\/\\\/www.birgit-itse.com\\\/wp-content\\\/uploads\\\/2021\\\/04\\\/20210118-GMB_3214.jpg\",\"width\":1024,\"height\":768},{\"@type\":\"BreadcrumbList\",\"@id\":\"http:\\\/\\\/birgit-itse.com\\\/et\\\/ei-mingeid-vabandusi\\\/#breadcrumb\",\"itemListElement\":[{\"@type\":\"ListItem\",\"position\":1,\"name\":\"Home\",\"item\":\"https:\\\/\\\/birgit-itse.com\\\/et\\\/\"},{\"@type\":\"ListItem\",\"position\":2,\"name\":\"Ei mingeid vabandusi!\"}]},{\"@type\":\"WebSite\",\"@id\":\"https:\\\/\\\/www.birgit-itse.com\\\/#website\",\"url\":\"https:\\\/\\\/www.birgit-itse.com\\\/\",\"name\":\"Birgit Itse - Be Inspired\",\"description\":\"Ghostwriter, Author, Keynote Speaker\",\"publisher\":{\"@id\":\"https:\\\/\\\/www.birgit-itse.com\\\/#organization\"},\"potentialAction\":[{\"@type\":\"SearchAction\",\"target\":{\"@type\":\"EntryPoint\",\"urlTemplate\":\"https:\\\/\\\/www.birgit-itse.com\\\/?s={search_term_string}\"},\"query-input\":{\"@type\":\"PropertyValueSpecification\",\"valueRequired\":true,\"valueName\":\"search_term_string\"}}],\"inLanguage\":\"et\"},{\"@type\":\"Organization\",\"@id\":\"https:\\\/\\\/www.birgit-itse.com\\\/#organization\",\"name\":\"Birgit Itse - Be Inspired\",\"url\":\"https:\\\/\\\/www.birgit-itse.com\\\/\",\"logo\":{\"@type\":\"ImageObject\",\"inLanguage\":\"et\",\"@id\":\"https:\\\/\\\/www.birgit-itse.com\\\/#\\\/schema\\\/logo\\\/image\\\/\",\"url\":\"https:\\\/\\\/www.birgit-itse.com\\\/wp-content\\\/uploads\\\/2020\\\/10\\\/cropped-Birgit-name-logo-orange.png\",\"contentUrl\":\"https:\\\/\\\/www.birgit-itse.com\\\/wp-content\\\/uploads\\\/2020\\\/10\\\/cropped-Birgit-name-logo-orange.png\",\"width\":1326,\"height\":841,\"caption\":\"Birgit Itse - Be Inspired\"},\"image\":{\"@id\":\"https:\\\/\\\/www.birgit-itse.com\\\/#\\\/schema\\\/logo\\\/image\\\/\"}},{\"@type\":\"Person\",\"@id\":\"https:\\\/\\\/www.birgit-itse.com\\\/#\\\/schema\\\/person\\\/3f7c1c34cf70c1ed6f580544f8ae6b7b\",\"name\":\"Birgit\",\"image\":{\"@type\":\"ImageObject\",\"inLanguage\":\"et\",\"@id\":\"https:\\\/\\\/secure.gravatar.com\\\/avatar\\\/?s=96&d=mm&r=g\",\"url\":\"https:\\\/\\\/secure.gravatar.com\\\/avatar\\\/?s=96&d=mm&r=g\",\"contentUrl\":\"https:\\\/\\\/secure.gravatar.com\\\/avatar\\\/?s=96&d=mm&r=g\",\"caption\":\"Birgit\"},\"url\":\"https:\\\/\\\/www.birgit-itse.com\\\/et\\\/author\\\/birgit\\\/\"}]}<\/script>\n<!-- \/ Yoast SEO plugin. -->","yoast_head_json":{"title":"Ei mingeid vabandusi! - Birgit Itse - Be Inspired","robots":{"index":"index","follow":"follow","max-snippet":"max-snippet:-1","max-image-preview":"max-image-preview:large","max-video-preview":"max-video-preview:-1"},"canonical":"http:\/\/birgit-itse.com\/et\/ei-mingeid-vabandusi\/","og_locale":"et_EE","og_type":"article","og_title":"Ei mingeid vabandusi! - Birgit Itse - Be Inspired","og_description":"Uups, ma m\u00f5tlesin, et ma m\u00e4rtsis ikka kerge postituse tegin, aga tundub, et mitte. \ud83d\ude0d&nbsp; Ilmselgelt on muud asjad t\u00e4htsamad olnud. Irooniaga v\u00f5i ilma. Nii ongi. See blogi on hobi. Natuke selleks, et ise j\u00e4rge hoida. Natuke ka neile, kes kaugel.&nbsp; \u00d5nneks, et ei ole ma end siiski t\u00f6\u00f6sse uputanud ning ka tervistega on k\u00f5ik [&hellip;]","og_url":"http:\/\/birgit-itse.com\/et\/ei-mingeid-vabandusi\/","og_site_name":"Birgit Itse - Be Inspired","article_published_time":"2021-04-20T15:21:00+00:00","article_modified_time":"2022-11-10T17:37:26+00:00","og_image":[{"width":1024,"height":768,"url":"https:\/\/www.birgit-itse.com\/wp-content\/uploads\/2021\/04\/20210118-GMB_3214.jpg","type":"image\/jpeg"}],"author":"Birgit","twitter_card":"summary_large_image","twitter_misc":{"Written by":"Birgit","Est. reading time":"10 minutit"},"schema":{"@context":"https:\/\/schema.org","@graph":[{"@type":"Article","@id":"http:\/\/birgit-itse.com\/et\/ei-mingeid-vabandusi\/#article","isPartOf":{"@id":"http:\/\/birgit-itse.com\/et\/ei-mingeid-vabandusi\/"},"author":{"name":"Birgit","@id":"https:\/\/www.birgit-itse.com\/#\/schema\/person\/3f7c1c34cf70c1ed6f580544f8ae6b7b"},"headline":"Ei mingeid vabandusi!","datePublished":"2021-04-20T15:21:00+00:00","dateModified":"2022-11-10T17:37:26+00:00","mainEntityOfPage":{"@id":"http:\/\/birgit-itse.com\/et\/ei-mingeid-vabandusi\/"},"wordCount":2025,"commentCount":0,"publisher":{"@id":"https:\/\/www.birgit-itse.com\/#organization"},"image":{"@id":"http:\/\/birgit-itse.com\/et\/ei-mingeid-vabandusi\/#primaryimage"},"thumbnailUrl":"https:\/\/www.birgit-itse.com\/wp-content\/uploads\/2021\/04\/20210118-GMB_3214.jpg","articleSection":["cairngorms","kutt ja kirjanik","minu \u0161otimaa","\u00f5nnelik teekond","\u0161otimaa koolid"],"inLanguage":"et"},{"@type":"WebPage","@id":"http:\/\/birgit-itse.com\/et\/ei-mingeid-vabandusi\/","url":"http:\/\/birgit-itse.com\/et\/ei-mingeid-vabandusi\/","name":"Ei mingeid vabandusi! - Birgit Itse - Be Inspired","isPartOf":{"@id":"https:\/\/www.birgit-itse.com\/#website"},"primaryImageOfPage":{"@id":"http:\/\/birgit-itse.com\/et\/ei-mingeid-vabandusi\/#primaryimage"},"image":{"@id":"http:\/\/birgit-itse.com\/et\/ei-mingeid-vabandusi\/#primaryimage"},"thumbnailUrl":"https:\/\/www.birgit-itse.com\/wp-content\/uploads\/2021\/04\/20210118-GMB_3214.jpg","datePublished":"2021-04-20T15:21:00+00:00","dateModified":"2022-11-10T17:37:26+00:00","breadcrumb":{"@id":"http:\/\/birgit-itse.com\/et\/ei-mingeid-vabandusi\/#breadcrumb"},"inLanguage":"et","potentialAction":[{"@type":"ReadAction","target":["http:\/\/birgit-itse.com\/et\/ei-mingeid-vabandusi\/"]}]},{"@type":"ImageObject","inLanguage":"et","@id":"http:\/\/birgit-itse.com\/et\/ei-mingeid-vabandusi\/#primaryimage","url":"https:\/\/www.birgit-itse.com\/wp-content\/uploads\/2021\/04\/20210118-GMB_3214.jpg","contentUrl":"https:\/\/www.birgit-itse.com\/wp-content\/uploads\/2021\/04\/20210118-GMB_3214.jpg","width":1024,"height":768},{"@type":"BreadcrumbList","@id":"http:\/\/birgit-itse.com\/et\/ei-mingeid-vabandusi\/#breadcrumb","itemListElement":[{"@type":"ListItem","position":1,"name":"Home","item":"https:\/\/birgit-itse.com\/et\/"},{"@type":"ListItem","position":2,"name":"Ei mingeid vabandusi!"}]},{"@type":"WebSite","@id":"https:\/\/www.birgit-itse.com\/#website","url":"https:\/\/www.birgit-itse.com\/","name":"Birgit Itse - Be Inspired","description":"Ghostwriter, Author, Keynote Speaker","publisher":{"@id":"https:\/\/www.birgit-itse.com\/#organization"},"potentialAction":[{"@type":"SearchAction","target":{"@type":"EntryPoint","urlTemplate":"https:\/\/www.birgit-itse.com\/?s={search_term_string}"},"query-input":{"@type":"PropertyValueSpecification","valueRequired":true,"valueName":"search_term_string"}}],"inLanguage":"et"},{"@type":"Organization","@id":"https:\/\/www.birgit-itse.com\/#organization","name":"Birgit Itse - Be Inspired","url":"https:\/\/www.birgit-itse.com\/","logo":{"@type":"ImageObject","inLanguage":"et","@id":"https:\/\/www.birgit-itse.com\/#\/schema\/logo\/image\/","url":"https:\/\/www.birgit-itse.com\/wp-content\/uploads\/2020\/10\/cropped-Birgit-name-logo-orange.png","contentUrl":"https:\/\/www.birgit-itse.com\/wp-content\/uploads\/2020\/10\/cropped-Birgit-name-logo-orange.png","width":1326,"height":841,"caption":"Birgit Itse - Be Inspired"},"image":{"@id":"https:\/\/www.birgit-itse.com\/#\/schema\/logo\/image\/"}},{"@type":"Person","@id":"https:\/\/www.birgit-itse.com\/#\/schema\/person\/3f7c1c34cf70c1ed6f580544f8ae6b7b","name":"Birgit","image":{"@type":"ImageObject","inLanguage":"et","@id":"https:\/\/secure.gravatar.com\/avatar\/?s=96&d=mm&r=g","url":"https:\/\/secure.gravatar.com\/avatar\/?s=96&d=mm&r=g","contentUrl":"https:\/\/secure.gravatar.com\/avatar\/?s=96&d=mm&r=g","caption":"Birgit"},"url":"https:\/\/www.birgit-itse.com\/et\/author\/birgit\/"}]}},"_links":{"self":[{"href":"https:\/\/www.birgit-itse.com\/et\/wp-json\/wp\/v2\/posts\/948","targetHints":{"allow":["GET"]}}],"collection":[{"href":"https:\/\/www.birgit-itse.com\/et\/wp-json\/wp\/v2\/posts"}],"about":[{"href":"https:\/\/www.birgit-itse.com\/et\/wp-json\/wp\/v2\/types\/post"}],"author":[{"embeddable":true,"href":"https:\/\/www.birgit-itse.com\/et\/wp-json\/wp\/v2\/users\/2"}],"replies":[{"embeddable":true,"href":"https:\/\/www.birgit-itse.com\/et\/wp-json\/wp\/v2\/comments?post=948"}],"version-history":[{"count":2,"href":"https:\/\/www.birgit-itse.com\/et\/wp-json\/wp\/v2\/posts\/948\/revisions"}],"predecessor-version":[{"id":1372,"href":"https:\/\/www.birgit-itse.com\/et\/wp-json\/wp\/v2\/posts\/948\/revisions\/1372"}],"wp:featuredmedia":[{"embeddable":true,"href":"https:\/\/www.birgit-itse.com\/et\/wp-json\/wp\/v2\/media\/1043"}],"wp:attachment":[{"href":"https:\/\/www.birgit-itse.com\/et\/wp-json\/wp\/v2\/media?parent=948"}],"wp:term":[{"taxonomy":"category","embeddable":true,"href":"https:\/\/www.birgit-itse.com\/et\/wp-json\/wp\/v2\/categories?post=948"},{"taxonomy":"post_tag","embeddable":true,"href":"https:\/\/www.birgit-itse.com\/et\/wp-json\/wp\/v2\/tags?post=948"}],"curies":[{"name":"wp","href":"https:\/\/api.w.org\/{rel}","templated":true}]}}