{"id":952,"date":"2021-01-11T09:54:00","date_gmt":"2021-01-11T09:54:00","guid":{"rendered":""},"modified":"2022-11-10T17:37:27","modified_gmt":"2022-11-10T17:37:27","slug":"hell-teema-%f0%9f%99%8a","status":"publish","type":"post","link":"https:\/\/www.birgit-itse.com\/et\/hell-teema-%f0%9f%99%8a\/","title":{"rendered":"Hell teema \ud83d\ude4a"},"content":{"rendered":"<div style=\"clear: both; text-align: center;\"><a href=\"https:\/\/birgit-itse.com\/wp-content\/uploads\/2021\/01\/20200111_121541.jpg\" style=\"clear: left; float: left; margin-bottom: 1em; margin-right: 1em;\"><img decoding=\"async\" border=\"0\" data-original-height=\"1205\" data-original-width=\"2609\" src=\"https:\/\/birgit-itse.com\/wp-content\/uploads\/2021\/01\/20200111_121541-300x139.jpg\" width=\"320\" \/><\/a><\/div>\n<p>Kui erinevad on aastad! Eestis elades ei m\u00f5elnud ma sellele kordagi, kuid n\u00fc\u00fcd on hea v\u00f5rrelda. See pilt on tehtud Huskyhavenis t\u00e4pselt aasta tagasi.&nbsp;<\/p>\n<div>Aastatagust postitust aga saate lugeda <a href=\"https:\/\/www.birgit-itse.com\/et\/2020\/01\/11\/kas-nuud-ostad-endale-auto-%f0%9f%9a%98%f0%9f%9a%97\/\" target=\"_blank\" rel=\"noopener\">siit<\/a>. Lasin ise ka silmadega \u00fcle. P\u00e4ris muhe. K\u00fclmakraade pole praegu nii palju ei toas ega \u00f5ues, kuid tegemised on k\u00fcll kardinaalselt teised.&nbsp;<\/div>\n<div>Kutil hakkas siis t\u00e4nasest j\u00e4lle distants\u00f5pe. N\u00e4dala jagu pikendati neil koolivaheaega, aga t\u00e4nasest k\u00f5ik taas t\u00e4iskohaga \u00f5ppimas. V\u00e4hemalt 1. veebruarini \u00f5pivad kodus. Ainult eluliselt olulistel ametikohtadel t\u00f6\u00f6tavate vanemate (meditsiinisektor, toidukauplused jms) lapsed saavad koolis kohal k\u00e4ia. Reedel saabus meilile ka kogu \u00f5ppekava kuu l\u00f5puni. Kusjuures saadeti k\u00f5ikide klasside omad korraga ja k\u00f5ik ained \u00fches kirjas. V\u00e4ga mugav. Sain ka teada, mida mu laps koolis \u00f5pib. \ud83d\ude01 Tegelikult muidugi olin varem ka kursis, sest igal reedel j\u00f5uab meilile n\u00e4dala kokkuv\u00f5te lapse edasij\u00f5udmisest, sh kodut\u00f6\u00f6dest ning materjalist, mida nad klassis \u00f5ppisid. Mulle sobib see variant oluliselt rohkem kui igap\u00e4evaselt k\u00e4ia kuskil ekoolis kontrollimas, uurimas.&nbsp;<\/div>\n<div>&nbsp;<\/div>\n<div>\n<div style=\"clear: both; text-align: left;\">\n<div style=\"clear: both; text-align: justify;\"><span style=\"text-align: left;\"><\/p>\n<div style=\"clear: both; text-align: center;\"><object contentid=\"be6997f676e79106\" height=\"266\" width=\"320\"><\/object><\/div>\n<p><\/span><\/div>\n<div style=\"clear: both; text-align: justify;\"><span style=\"text-align: left;\">Kui eelmisele n\u00e4dalale tagasi vaatan, siis Kuti jaoks number \u00fcks oli muidugi lumi, mis neljap\u00e4eva \u00f5htul&nbsp;<\/span><span style=\"text-align: left;\">taas maha sadas. &#8220;Ma olen lumemagnet!&#8221; h\u00f5iskas ta. Kutt igatseb v\u00e4ga lund ning need Eestist saabuvad lumepildid on talle v\u00e4ga hell teema. Lubasin, et hiljemalt s\u00fcnnip\u00e4eva ajal teeme reisi m\u00e4gedesse, seal on lund rohkem. Kui piirangud muidugi lubavad&#8230;&nbsp;<\/span><\/div>\n<div style=\"clear: both; text-align: justify;\"><span style=\"text-align: left;\">J\u00f5ulude ajal oli ka kaks p\u00e4eva lund, ning ta oli juba neljap\u00e4eva \u00f5htul v\u00e4ga elevil, kui teatas lumesajust. Aga kui ta reede hommikul \u00e4rkas ning seda paari-sentimeetrist lumekihti n\u00e4gi, siis ta oli ikka v\u00e4ga-v\u00e4ga elevil. Ma ei m\u00e4letagi, millal ta viimati nii kiiresti riidesse sai ja juba pimedas tahtis \u00f5ue minna. Mul polnud tolleks hetkeks k\u00fcll veel kohvi joodud ning hommikus\u00f6\u00f6kki oli s\u00f6\u00f6mata, kuid otsustasin kaasa minna. Tema elevus nakatas. &#8220;Kahju, et meil kelku pole!&#8221; kurtis Kutt. Meenutasin talle, et kilekotiga saab ka m\u00e4est alla lasta. Ta vaatas mind nagu kevadine vasikas vastset aiav\u00e4ravat. &#8220;Sa tahad \u00f6elda, et sa pole kunagi kilekotiga kelgutanud?&#8221; Ta v\u00e4itis, et ei ole. Noh, see viga tuli parandada. Panin kah endale lumep\u00fcksid jalga ning l\u00e4ksime l\u00e4himasse parki. Imeilus hommik ning vahva oli, kuidas sai esimesi j\u00e4lgi teha. \u00d5ues muidugi Kutt kohe lumes\u00f5da m\u00e4ngima. Naabrimees Mike ka nakatus ning viskas teise korruse aknasse kallile abikaasale lumepalli. Esimene kord ei tabanud.&nbsp;<\/span><\/div>\n<\/div>\n<\/div>\n<div>\n<div style=\"clear: both; text-align: left;\">\n<div><\/div>\n<div><a href=\"https:\/\/birgit-itse.com\/wp-content\/uploads\/2021\/01\/136377744_321832982391143_5737625171978733671_n.jpg\" style=\"clear: left; float: left; margin-bottom: 1em; margin-right: 1em; text-align: center;\"><img decoding=\"async\" border=\"0\" data-original-height=\"1728\" data-original-width=\"1296\" height=\"320\" src=\"https:\/\/birgit-itse.com\/wp-content\/uploads\/2021\/01\/136377744_321832982391143_5737625171978733671_n-225x300.jpg\" \/><\/a>Praegu meenus seda kirjutades, et mul oli ju \u00f6\u00f6 vastu reedet peaaegu magamata. Nimelt hakkas mul teisip\u00e4eva \u00f5htul hammas valutama. Ja mitte lihtsalt tuikama, vaid nagu oleks keegi noaga igemesse l\u00f6\u00f6nud. R\u00e4\u00e4kida oli ka valus. Paistes midagi polnud, aga pool n\u00e4gu oli tuim. Enne seda oli see hammas olnud lihtsalt aeg-ajalt tundlik temperatuurile. V\u00f5ib-olla ka veidi hell. Aga ei mingit n\u00e4rivat valu vms. Tegin miskit, mida \u00fcldjuhul ei soovitata, st v\u00f5tsin tunniajase vahega kaks ibukat (200mg)&nbsp; ja kaks paratsetamooli (500mg). Sain magada. M\u00f5nev\u00f5rra. Kolmap\u00e4eva hommikul \u00e4rkasin ja hammas tuikas tugevalt. N\u00e4gu tuim. Siis meenus, et ma vist ei ole end hambaarsti juurde registreerinud&#8230;. Perearsti juurde k\u00fcll, aga siin tuleb ka end hambakliinukus n-\u00f6 arvele v\u00f5tta. Ma kuidagi olin arvanud, et meie tervisekeskuses on ka hambaarst. Kolmap\u00e4eva hommikul selgus, et ei ole. Kella 9ks oli ka selge, et hambakliinikud n-\u00f6 uusi riikliku s\u00fcsteemi patsiente arvele ei v\u00f5ta ka, sest kuna tegeletakse vaid esmaabi andmisega, siis neil on raskusi ka olemasolevate teenindamisega. Sain soovituse helistada \u00fcleriigilisse hambaarsti abisse. Et teevad telefonikonsultatsiooni. J\u00e4tsin seal siis numbri ning ca 30 minuti p\u00e4rast helistasid tagasi, kirjutasid mu andmed ja kaebused \u00fcles ning et ca 11 paiku hambaarst helistavat mulle ise. Vahepeal suhtlesin hambaarst \u00dcllega, kes minu hambaid viimased aastad ravinud oli, ja uurisin, kas tal on selle hamba kohta infot. Ei olnud, seega oli see hammas plommi ja juureravi saanud t\u00f5en\u00e4oliselt ajal, kui Kutti ootasin. Tollele hambaarstile polnud mul m\u00f5tet helistada, sest olin juba enne \u00dclle juurde minekut teada saanud, et kuna ma polnud poolteist aastat ennast n\u00e4ole andnud, siis ta oli mu kaardi \u00e4ra h\u00e4vitanud. Mul oli sellest nii kahju, ja tegelikult kripeldab see natuke siiani, sest seal oli <b>kogu <\/b>mu hammaste ajalugu. Kogu see v\u00e4rk, mis lapsena esihammastega tehti, see, mis hiljem Tallinnas jne. Olen elus p\u00e4ris mitme hambaarsti juures k\u00e4inud, ja iga kord on arstid olnud t\u00e4nulikud, et saavad varasemat vaadata &#8211; palju mina neid termineid ja daatumeid m\u00e4letan! Mis teha, enam seda pole. \u00d5nneks on mul siin kaasas muud terviseandmed, mis Eestis olnud perearst Sire kokku pani. Nii minu kui ka Kuti kohta. Ait\u00e4h! Ait\u00e4h ka \u00dcllele, kes mulle Messengeri kaudu tegi pildid minu hammaste digitaalsest ajaloost! Siinsed arstid on v\u00e4ga t\u00e4nulikud ja mina ka. \ud83d\ude4f Keegi ei ole arvanud, et ma &#8220;reageerin \u00fcle&#8221;.&nbsp;<\/div>\n<div><\/div>\n<div>Niisiis, kella 11ni oli mu aeg justkui sisustatud. Suhtlesin ka majaomanikuga, kes soovitas ka m\u00f5ningaid, aga hoiatas, et ega peale antibiootikumide suurt midagi nad teha ei saa, sest kuna &#8220;ajad on sellised&#8221;, siis n\u00e4iteks juureravi nad praegu ei see, sest see ei kvalifitseeru esmaabi ega eluliselt vajaliku teenuse alla. Et tema t\u00fctar on viimase poole aasta jooksul neli korda antibiootikume s\u00f6\u00f6nud, sest vaja oleks teha juureravi, aga seda ei tehta.&nbsp; Hambaarst helistas ca 10.45 paiku. Meesterahvas oli. \u00dctles nime ka, aga meelde see mulle k\u00fcll ei j\u00e4\u00e4nud. \ud83d\ude14Esitas veel t\u00e4psustavaid k\u00fcsimusi ning \u00fctles, et tema ikkagi tahaks n\u00e4ha seda hammast. Arvestades minu meditsiinilist ajalugu, s\u00fcmptomite ning valutava hamba kirjeldust ei taha ta mulle telefoni teel lihtsalt antibiootikume kirjutada, sest see v\u00f5ib kasu asemel suurema kahju tekitada. Selleks hetkeks olin ma juba j\u00e4rele uurinud v\u00f5imaliku protseduuri maksumuse, aga ka selle, et mulle t\u00f5en\u00e4oliselt ei maksa see l\u00e4htuvalt minu maksuerisustest midagi.&nbsp;<\/div>\n<div style=\"clear: both; text-align: center;\"><\/div>\n<div style=\"clear: both; text-align: center;\"><a href=\"https:\/\/birgit-itse.com\/wp-content\/uploads\/2021\/01\/136455202_785136262070174_7292828608035282959_n.jpg\" style=\"clear: right; float: right; margin-bottom: 1em; margin-left: 1em;\"><img decoding=\"async\" border=\"0\" data-original-height=\"1236\" data-original-width=\"1648\" src=\"https:\/\/birgit-itse.com\/wp-content\/uploads\/2021\/01\/136455202_785136262070174_7292828608035282959_n-300x225.jpg\" width=\"320\" \/><\/a><\/div>\n<p>Nii, aega pakuti kas kella 14ks v\u00f5i 13.30ks. Valisin varasema, sest me k\u00f5ik teame, et tugeva valu puhul on iga valuvaba minut kulla hinnaga. \ud83d\ude0e Seega oli mul ca kaks tundi, et teha \u00e4ra m\u00f5ned t\u00f6\u00f6asjad, mille olin planeerinud sh Facebookis otse\u00fclekandes luuletuste lugemise, mida olen n\u00fc\u00fcd paar kuud kolmap\u00e4eviti teinud. (Ma loodan, et see valu v\u00e4ga v\u00e4lja ei paista). \ud83d\ude48Jah, see on erinev sellest, mis ma Lood ja Maalid lehel teen, sest see on mu Word Accordi lehel ning inglisekeelne. Esialgu kavas olnud kliendikohtumine oli kliendi soovil nagunii reedele l\u00fckkunud, seega k\u00f5ik klappis.&nbsp; Keskp\u00e4eva paiku veel s\u00f5in hommikust omletti ja v\u00f5tsin uue doosi paratsetamooli sisse. Valu j\u00e4i, aga v\u00e4hemalt ei p\u00f6\u00f6ranud keegi seda &#8220;nuga&#8221; selles haavas.&nbsp;<\/p><\/div>\n<div style=\"clear: both; text-align: left;\"><\/div>\n<div style=\"clear: both; text-align: left;\">Olin takso kutsunud kella 13ks, sest kliinik asus lennujaama l\u00e4histel, seega eeldatav s\u00f5iduaeg oli ca 20 minutit. Tegelikkuses oli 15, ja sain kahe ukse vahel oodata, sest kliinikusse sisse lasti t\u00e4pselt 13.30 ja siis kohe kabinetti. Selgitas mulle s\u00fcsteemi ning siis mask eest ja suu lahti. Vaatas mu suu \u00fcle ja teatas. &#8220;N\u00fc\u00fcd ma saan aru, mis sa m\u00f5tlesid, kui sa \u00fctlesid, et selle asend on s\u00fcgaval igemes.&#8221; Sealt hamba tagant (kahe hamba vahelt), igeme servast ta leidis ka v\u00e4ikse augu. Hambad on minu hell teema. Hambaarste ma ei karda, see pole teema. Pole kunagi kartnud. Ilmselt seep\u00e4rast, et ma olen nii palju oma elu jooksul nende juures k\u00e4inud. N\u00e4iteks lapsena (algklassides), kui l\u00f5in oma \u00fclemised esihambad vastu voodiserva \u00e4ra, tekkis mul nende igemetesse p\u00f5letik ning igeme lahtil\u00f5ikamine arvati lapsele liiga traumeerivaks. Seega puuriti k\u00fcljelt lahti m\u00f5lemad esihambad ja v\u00f5eti seda m\u00e4da nende kaudu v\u00e4lja. N\u00f5el vatiga sisse ja niiviisi surgiti. Iga p\u00e4ev k\u00e4isin koolip\u00e4eval p\u00e4rast s\u00f6\u00f6givahetundi hambaarsti juures. See aeg tundis kohutavalt pikk. Kaks n\u00e4dalat kindlasti, aga p\u00f5letik p\u00fcsis. L\u00f5puks pandi mulle Tartusse hambakliinikusse aeg kirja, aga enne l\u00f5igati ikkagi \u00fclalt ige puruks. S\u00fcsti asemel kasutati mingit tuimestavat spreid. Valu ma ei m\u00e4leta, k\u00fcll aga terminit <i>&#8220;supilusikat\u00e4is m\u00e4da&#8221;<\/i>. \ud83d\ude36<\/div>\n<div style=\"clear: both; text-align: left;\">\n<table cellpadding=\"0\" cellspacing=\"0\" style=\"float: left;\">\n<tbody>\n<tr>\n<td style=\"text-align: center;\"><a href=\"https:\/\/birgit-itse.com\/wp-content\/uploads\/2021\/01\/20200111_102646.jpg\" style=\"clear: left; margin-bottom: 1em; margin-left: auto; margin-right: auto;\"><img fetchpriority=\"high\" decoding=\"async\" border=\"0\" data-original-height=\"1205\" data-original-width=\"2609\" height=\"185\" src=\"https:\/\/birgit-itse.com\/wp-content\/uploads\/2021\/01\/20200111_102646-300x139.jpg\" width=\"400\" \/><\/a><\/td>\n<\/tr>\n<tr>\n<td style=\"text-align: center;\">Dunnottari lossi juures 11.01.2020 ehk aasta tagasi.&nbsp;<\/td>\n<\/tr>\n<\/tbody>\n<\/table>\n<p>Tartus kiideti tehtu heaks ning mu esihambad said plommid. Need kippusid iga paari aasta tagant \u00e4ra kukkuma. See t\u00e4hendas uut puurimist. Uusi plomme. Iga puurimisega suurenes plommi osakaal. Kuniks ca 22-aastasena sattusin hambaarsti juurde, kes mu esihambad peaaegu nullist \u00fcles ehitas ja tema tehtu kestab siiani. Selle hambaarsti juurde sattusin aga seet\u00f5ttu, et ma varasemasse hambapolikliinikusse ja eelmise arsti juurde enam minna ei tahtnud, sest tema oli teatanud, et mu esihambaid &#8220;pole m\u00f5tet parandada&#8221; ning soovitas need v\u00e4lja t\u00f5mmata. Eelnevalt oli ta juba v\u00e4lja t\u00f5mmanud sama p\u00f5hjusega 5 purihammast. Ma olin oma vanuse t\u00f5ttu napilt veel tasuta hambaravi saajate hulgas. Kas 18 v\u00f5i 19, igal juhul \u00fclikooli esimesel kursusel. Ei m\u00e4leta, kuidas see seadus tol hetkel oli, aga m\u00e4letan, et omast arust &#8220;kasutasin juhust tasuta hambad korda teha&#8221;. Ega ma ju tea, aga oletan, et olnuks ma tasulise kategooria patsient, oleks need hambad \u00fcles ehitatud. Nii nagu tehti paar aastat hiljem. P\u00e4rast seda on iga hamba v\u00e4lja t\u00f5mbamine olnud minu jaoks emotsionaalselt alati r\u00e4ngem kui f\u00fc\u00fcsiliselt. \ud83d\ude22<\/div>\n<div style=\"clear: both; text-align: left;\">Kuigi, olgem ausad, et see hammas, mis mille juur mul pikkupidi l\u00f5hki oli, ja paar aastat tagasi eemaldada tuli, t\u00f5mmati mul ilma tuimestuseta just minu &#8220;meditsiinilise ajaloo t\u00f5ttu&#8221;. Mul on see hetk v\u00e4ga meeles, kuidas ma istusin ja v\u00e4risesin \u0161okist ja k\u00fcsisin \u00dcllelt, kas t\u00f5esti mingit muud v\u00f5imalusti pole&#8230; \ud83d\ude13 Hakkama saime.&nbsp;<\/div>\n<div style=\"clear: both; text-align: left;\"><\/div>\n<div style=\"clear: both; text-align: left;\">Nii, nutikamad, on n\u00fc\u00fcdseks juba aru saanud, kuhu see jutt t\u00fc\u00fcrib. Jah, ka see tore, keskealine, leebe olemisega hambaarst teatas mulle, et &#8220;arvestades olukorda&#8221; ja seda, et tegemist on &#8220;sureva hambaga&#8221;, mis juba loksub, on kaks varianti:&nbsp;<\/div>\n<div style=\"clear: both; text-align: left;\">1) ta kirjutab mulle antibiootikumid ja ma j\u00e4\u00e4n ootama aega, millal k\u00f5ik hambaravi teenused taastuvad ning see hammas lahti v\u00f5etakse. Kui ka teenused l\u00e4hema kolme kuu jooksul taastuvad, siis tuleb minul kindlasti oodata v\u00e4hemalt pool aastat, sest ma pole kuskil kliinikus nimekirjas, seega pakkus ta mulle minimaalseks ooteajaks pool aastat. &#8220;Pigem uuel aastal, aga ka siis v\u00f5ib selguda, et see tuleb v\u00e4lja t\u00f5mmata.&#8221;&nbsp;<\/div>\n<div style=\"clear: both; text-align: left;\">2) ta t\u00f5mbab hamba v\u00e4lja.&nbsp;<\/div>\n<div style=\"clear: both; text-align: left;\"><\/div>\n<div style=\"clear: both; text-align: left;\">\n<div style=\"clear: both; text-align: center;\"><a href=\"https:\/\/birgit-itse.com\/wp-content\/uploads\/2021\/01\/136357368_451722839331326_1293963523308296104_n.jpg\" style=\"clear: left; float: left; margin-bottom: 1em; margin-right: 1em;\"><img decoding=\"async\" border=\"0\" data-original-height=\"1728\" data-original-width=\"1296\" height=\"320\" src=\"https:\/\/birgit-itse.com\/wp-content\/uploads\/2021\/01\/136357368_451722839331326_1293963523308296104_n-225x300.jpg\" \/><\/a><\/div>\n<p>&#8220;Ma ei usu ise ka, et ma seda \u00fctlen, aga t\u00f5mmake v\u00e4lja.&#8221; Selleks hetkeks teadis see tore arst ka kogu minu eelnevat lugu ning tema empaatia oli tajutav. Pikem lugu l\u00fchidalt, aga kogu see ebameeldiv protseduur oli nii meeldiv kui v\u00e4hegi v\u00f5imalik. Ta r\u00e4\u00e4kis k\u00f5ik sammud h\u00e4sti l\u00e4bi, ja kuigi ma v\u00e4ga t\u00e4pselt ei kuulanud, mida ta r\u00e4\u00e4kis, oli see toon rahustav. &#8220;Kui sa tahad, et ma vait olen, siis ma v\u00f5in ka vait olla,&#8221; pakkus ta v\u00e4lja. Mainisin siis, et r\u00e4\u00e4kigu aga edasi, see viib m\u00f5tted mujale. Iga kord, kui ta tuimestust tegi, ja s\u00fcstiga torkas, siis t\u00e4nas.&nbsp; &#8220;L\u00f5dvesta l\u00f5ug. Ait\u00e4h.&#8221; &#8220;Toeta toolile. Ait\u00e4h.&#8221; &#8220;Mul on v\u00e4ga kahju, suus on ebameeldiv maitse, aga ma ei saa lasta sul praegu suud loputada.&#8221;&nbsp; \ud83d\ude49&nbsp; Kuniks tuimestus m\u00f5jus, viskasime veidi kohalikus toonis nalja. R\u00e4\u00e4kisime teistmelistest poistest ning nende ealistest ise\u00e4rasustest ning arst arvas, et mu inglise keel on parem kui paljudel kohalikel. \ud83d\ude02 Ma kahtlustan, et ta ei pidanud \u0161otlasi silmas. &#8220;Jaa, ma r\u00e4\u00e4kisin inglise keelt ikka enne siia tulekut juba,&#8221; kinnitasin. Sain aru, et see ei ole k\u00f5ikide sisser\u00e4nnanute puhul nii. Kuti inglise keel tuli ka jutuks, samuti see, kuidas ta kohaliku aktsendi nii elegantselt \u00fcles on noppinud, et isegi mina ei saa k\u00f5ikidest s\u00f5nadest aru. Nt s\u00f5na maja, ehk &#8220;house&#8221;, mis \u00fcldjuhul h\u00e4\u00e4ldatakse &#8220;hauss&#8221;, k\u00f5lab kohalike suus &#8220;h\u00fc\u00fcss&#8221;. Kirjapilt ka erineb muidugi. Ehk siis tegemist on inglise-\u0161oti segakeelega. Kutt \u00f5nneks saab aru ka, kui m\u00f5ni s\u00f5na on kohalikus keeles.&nbsp;<\/p><\/div>\n<div style=\"clear: both; text-align: left;\"><\/div>\n<div style=\"clear: both; text-align: left;\">Ma muidugi uurisin, et kas ikka oleks mingi v\u00f5imalus, et ma ennast saaks selle hambaarsti juurde kirja panna, aga selgus, et tema juurde ei saagi kedagi kirja panna, sest ta on arst, kelle juurde saabuvad patsiendid teiste hambaarstide kaudu. &#8220;Neil on kas v\u00e4ga tugev foobia, rasked ravimiallergiad v\u00f5i lapsed, kes on s\u00fcgavalt autistlikud vms&#8221;, selgitas ta. &#8220;Hmm, nii et teie saate patsiendid, kellega teised ei taha tegeleda, ja siin olen mina, kes tahaks teie juures k\u00e4ima hakata, aga ei saa.&#8221; &#8220;Nii on jah, pole ise selle peale tulnudki,&#8221; naeris arst vastu. Sain siis juhised kaasa, n\u00e4itasin oma paberimajanduse nutitelefonist ette ning kogu protseduur oli minu jaoks tasuta.&nbsp;<\/div>\n<div style=\"clear: both; text-align: left;\"><\/div>\n<div style=\"clear: both; text-align: left;\">\n<table cellpadding=\"0\" cellspacing=\"0\" style=\"float: left;\">\n<tbody>\n<tr>\n<td style=\"text-align: center;\"><a href=\"https:\/\/birgit-itse.com\/wp-content\/uploads\/2021\/01\/20201230_120008.jpg\" style=\"clear: left; margin-bottom: 1em; margin-left: auto; margin-right: auto;\"><img decoding=\"async\" alt=\"Thorma hambaharjad\" border=\"0\" data-original-height=\"2048\" data-original-width=\"1536\" height=\"320\" src=\"https:\/\/birgit-itse.com\/wp-content\/uploads\/2021\/01\/20201230_120008-225x300.jpg\" width=\"240\" \/><\/a><\/td>\n<\/tr>\n<tr>\n<td style=\"text-align: center;\">Tellisin Thormalt meie m\u00f5lema <br \/>ettev\u00f5tte nimedega hambaharjad.&nbsp;<\/td>\n<\/tr>\n<\/tbody>\n<\/table>\n<p>Kaasas soovitus sel p\u00e4eval mitte midagi teha, vaid ainult puhata, ma enam-v\u00e4hem nii tegin ka. Kui k\u00f5ne Kanada kliendiga v\u00e4lja arvata. Samal \u00f5htul v\u00f5tsin veel 1000 mg paratsetamooli (see kogus teeb mind uniseks), loputasin suud soolalahusega, meeles arsti s\u00f5nad, et &#8220;kruusi peale <b>tee<\/b>lusikat\u00e4is, mitte supilusikat\u00e4is soola&#8221; ning magasin \u00fcsna h\u00e4sti. Tiivustatuna paremast emotsionaalsest seisundist, tegusaks kujunenud p\u00e4evast, otsustasin neljap\u00e4eva \u00f5htul sama s\u00fcsteemi kasutada. Ainult, et&#8230;. Und ei olnud. Isegi f\u00fc\u00fcsilist v\u00e4simust ei olnud. M\u00f5tted t\u00f6\u00f6tasid kiiremini kui p\u00e4eval. Palav oli. \ud83d\ude15 Vaatasin kella, 15 minuti p\u00e4rast s\u00fcda\u00f6\u00f6. M\u00f5tlesin veel &#8220;natuke&#8221;. Proovisin k\u00f5iki uinumise nippe, mida tean ja mis on alati t\u00f6\u00f6tanud. Kirjutasin m\u00f5ttes m\u00f5ned luuletused. Vaatasin uuesti kella. 1.30. &#8220;Aitab! Kell 5.11 on \u00e4ratus. N\u00fc\u00fcd j\u00e4\u00e4d magama, \u00e4rkad puhanuna ja teed endale tegusa p\u00e4eva!&#8221; andsin ma enda alateadvusele karmi korralduse. T\u00e4pselt nii l\u00e4ks ka. \ud83d\ude01 J\u00e4ingi magama ja kui kell 5.11 helises, olin ootamatult v\u00e4rske. Terve p\u00e4ev oli selline vunk sees, et anna olla. Kuskil p\u00e4rast seda, kui olin \u00f5ues Kutile ette n\u00e4idanud, kuidas kilekotiga kelgutada, meenus mulle, et pakk, millest eelmisel \u00f5htul olin paratsetamooli v\u00f5tnud, erines sellest, mida olin \u00f5htu varem kasutanud. Kui kolmandat korda m\u00e4est kilekotiga alla lastes n\u00e4gu lund t\u00e4is oli, olin juba \u00fcsna kindel, et nende tablettide koostis oli erinev. P\u00e4rast hommikukohvi ja eelmisel \u00f5htul valmistatud pitsa, kaneelirullide ning singi-juustusaiaga maiustamist andsin uudishimule j\u00e4rele. &#8220;Mul oli \u00f5igus!&#8221; Salap\u00e4rane koostisaine, mis mul magada ei lasknud, oli kofeiin. Ehk siis olin v\u00f5tnud kofeiiniga paratsetamooli. See &#8220;vunk&#8221; p\u00fcsis mul ca \u00f5htul 19ni. Siis tundsin, et nii, n\u00fc\u00fcd kustun. Umbes nii oli ka.&nbsp;<\/div>\n<div style=\"clear: both; text-align: left;\"><\/div>\n<div style=\"clear: both; text-align: left;\">\n<div style=\"clear: both; text-align: center;\"><a href=\"https:\/\/birgit-itse.com\/wp-content\/uploads\/2021\/01\/20200214_164601.jpg\" style=\"clear: right; float: right; margin-bottom: 1em; margin-left: 1em;\"><img decoding=\"async\" border=\"0\" data-original-height=\"2609\" data-original-width=\"1205\" height=\"320\" src=\"https:\/\/birgit-itse.com\/wp-content\/uploads\/2021\/01\/20200214_164601-139x300.jpg\" \/><\/a><\/div>\n<p>N\u00e4dalavahetusel ei teinud ma arvutitki lahti. Laup\u00e4eva hommikune pesupesemise plaan l\u00fckkus veidi edasi, sest \u00f6ise k\u00fclma (ja harva kasutamise t\u00f5ttu), oli vist vesi torudes j\u00e4\u00e4tunud. Meenutan, et meil on pesumasin garaa\u017eis. Ootame n\u00fc\u00fcd veidi tugevamaid plusskraade. Koristasime, kokkasime, harjutasime Jacksoniga tantsusamme (\u00fcksi elava ja alaealist last kasvatava t\u00e4iskasvanuna on mul \u00f5igus suhelda \u00fche inimesega, kes moodustab mu &#8220;mulli&#8221; ja tegime teismelistele lumes\u00f5jas tuupi. \ud83d\ude01 Kutt sai temaga j\u00e4lle oma autojutte r\u00e4\u00e4kida &#8220;Eiiiii, emmeee, see ei ole p\u00e4ikesepatarei, vaid sellel on iselaadiv aku. Seal on suur vahe!&#8221; sain ma hommikul loengu osaliseks, kui \u00fcritasin kaasa r\u00e4\u00e4kida. \ud83d\ude06 Ma siis p\u00fc\u00fcdsin selgitada, et mu aju t\u00f6\u00f6tab teisel tasandil ning et tema ei oska ka selgitada, mis vahe on ookril ja bee\u017eil, aga see ei muuda fakti, et m\u00f5lemad on v\u00e4rvitoonid. Samamoodi ei muutu fakt, et ta tahab mingit uut autot disainida (1 kuu ja 7 p\u00e4eva ja siis saab hakata inseneeriat merekadettides \u00f5ppima), mis sest, et mina ei oska seletada sisulisi erinevusi. &#8220;Mis v\u00e4rvi see auto on?&#8221; nokkisin teda n\u00e4dalavahetusel. Nii etteheitvat pilku pole ma ammu n\u00e4inud. V\u00f5i noh&#8230;. vist ikka olen. N\u00e4iteks siis kui teatan, et &#8220;mina tegin s\u00f6\u00f6gi, sina pesed n\u00f5ud!&#8221; \ud83d\ude00<\/p><\/div>\n<div style=\"clear: both; text-align: left;\">Mina aga avastasin, et pean vist hakkama rohkem kontsadel k\u00e4ima, sest kolmetunnise tantsuproovi j\u00e4rgselt on kontsadel liikumisega kaasnevad &#8220;strateegilised lihased&#8221; hellad. Leebelt v\u00e4ljendudes. Otse v\u00e4lja \u00f6eldes ei taha \u00fcht p\u00f5lve \u00fcle teise t\u00f5sta. \ud83d\ude05 Ega&#8217;s midagi, tuleb trenni peale teha ning sellega juba hommikul alustasin.&nbsp;<\/div>\n<div style=\"clear: both; text-align: left;\"><\/div>\n<div style=\"clear: both; text-align: left;\">\u00dcks avastus j\u00e4i veel reede hommikusse &#8211; \u00fctleme nii, et kaheksad, \u00fched, nullid ja kahed ikka rokivad. Veendusime, et see t\u00f5esti on nii, kui j\u00e4\u00e4d millestki ilma, siis mitte seep\u00e4rast, et sa seda ei v\u00e4\u00e4ri, vaid seep\u00e4rast, et v\u00e4\u00e4rid midagi paremat. Ning kuna ma usun sajaprotsendiliselt, et mingeid juhuseid pole olemas, siis on mul kindel siht silme ees sellest unistusest j\u00e4rjekordne tulevikum\u00e4lestus luua. K\u00fcmmekond l\u00e4hedasemat teavad, kirjalik ehk f\u00fc\u00fcsiline vorm on ka sellele antud ning n\u00fc\u00fcd tuleb tegutseda.&nbsp;<\/div>\n<div style=\"clear: both; text-align: left;\"><\/div>\n<div style=\"clear: both; text-align: left;\">\n<div style=\"clear: both; text-align: center;\"><\/div>\n<p><\/p>\n<div style=\"clear: both; text-align: center;\"><\/div>\n<\/div>\n<\/div>","protected":false},"excerpt":{"rendered":"<p>Kui erinevad on aastad! Eestis elades ei m\u00f5elnud ma sellele kordagi, kuid n\u00fc\u00fcd on hea v\u00f5rrelda. See pilt on tehtud Huskyhavenis t\u00e4pselt aasta tagasi.&nbsp; Aastatagust postitust aga saate lugeda siit. Lasin ise ka silmadega \u00fcle. P\u00e4ris muhe. K\u00fclmakraade pole praegu nii palju ei toas ega \u00f5ues, kuid tegemised on k\u00fcll kardinaalselt teised.&nbsp; Kutil hakkas siis [&hellip;]<\/p>\n","protected":false},"author":2,"featured_media":1064,"comment_status":"open","ping_status":"open","sticky":false,"template":"","format":"standard","meta":{"footnotes":""},"categories":[55,56,46,53,50,48,51,52,54],"tags":[],"class_list":["post-952","post","type-post","status-publish","format-standard","has-post-thumbnail","hentry","category-distantsope","category-eestlased-aberdeenis","category-eestlased-sotimaal","category-eestlased-suurbritannias","category-hambaravi-sotimaal","category-lapsega-valismaale-kolimine","category-lumesoda","category-talveroomud-sotimaal","category-thorma","entry","has-media","owp-thumbs-layout-horizontal","owp-btn-normal","owp-tabs-layout-horizontal","has-no-thumbnails","has-product-nav"],"yoast_head":"<!-- This site is optimized with the Yoast SEO plugin v27.4 - https:\/\/yoast.com\/product\/yoast-seo-wordpress\/ -->\n<title>Hell teema \ud83d\ude4a - Birgit Itse - Be Inspired<\/title>\n<meta name=\"robots\" content=\"index, follow, max-snippet:-1, max-image-preview:large, max-video-preview:-1\" \/>\n<link rel=\"canonical\" href=\"https:\/\/www.birgit-itse.com\/et\/hell-teema-\ud83d\ude4a\/\" \/>\n<meta property=\"og:locale\" content=\"et_EE\" \/>\n<meta property=\"og:type\" content=\"article\" \/>\n<meta property=\"og:title\" content=\"Hell teema \ud83d\ude4a - Birgit Itse - Be Inspired\" \/>\n<meta property=\"og:description\" content=\"Kui erinevad on aastad! Eestis elades ei m\u00f5elnud ma sellele kordagi, kuid n\u00fc\u00fcd on hea v\u00f5rrelda. See pilt on tehtud Huskyhavenis t\u00e4pselt aasta tagasi.&nbsp; Aastatagust postitust aga saate lugeda siit. Lasin ise ka silmadega \u00fcle. P\u00e4ris muhe. K\u00fclmakraade pole praegu nii palju ei toas ega \u00f5ues, kuid tegemised on k\u00fcll kardinaalselt teised.&nbsp; Kutil hakkas siis [&hellip;]\" \/>\n<meta property=\"og:url\" content=\"https:\/\/www.birgit-itse.com\/et\/hell-teema-\ud83d\ude4a\/\" \/>\n<meta property=\"og:site_name\" content=\"Birgit Itse - Be Inspired\" \/>\n<meta property=\"article:published_time\" content=\"2021-01-11T09:54:00+00:00\" \/>\n<meta property=\"article:modified_time\" content=\"2022-11-10T17:37:27+00:00\" \/>\n<meta property=\"og:image\" content=\"https:\/\/www.birgit-itse.com\/wp-content\/uploads\/2021\/01\/20200111_121541.jpg\" \/>\n\t<meta property=\"og:image:width\" content=\"1024\" \/>\n\t<meta property=\"og:image:height\" content=\"473\" \/>\n\t<meta property=\"og:image:type\" content=\"image\/jpeg\" \/>\n<meta name=\"author\" content=\"Birgit\" \/>\n<meta name=\"twitter:card\" content=\"summary_large_image\" \/>\n<meta name=\"twitter:label1\" content=\"Written by\" \/>\n\t<meta name=\"twitter:data1\" content=\"Birgit\" \/>\n\t<meta name=\"twitter:label2\" content=\"Est. reading time\" \/>\n\t<meta name=\"twitter:data2\" content=\"14 minutit\" \/>\n<script type=\"application\/ld+json\" class=\"yoast-schema-graph\">{\"@context\":\"https:\\\/\\\/schema.org\",\"@graph\":[{\"@type\":\"Article\",\"@id\":\"https:\\\/\\\/www.birgit-itse.com\\\/et\\\/hell-teema-%f0%9f%99%8a\\\/#article\",\"isPartOf\":{\"@id\":\"https:\\\/\\\/www.birgit-itse.com\\\/et\\\/hell-teema-%f0%9f%99%8a\\\/\"},\"author\":{\"name\":\"Birgit\",\"@id\":\"https:\\\/\\\/birgit-itse.com\\\/#\\\/schema\\\/person\\\/3f7c1c34cf70c1ed6f580544f8ae6b7b\"},\"headline\":\"Hell teema \ud83d\ude4a\",\"datePublished\":\"2021-01-11T09:54:00+00:00\",\"dateModified\":\"2022-11-10T17:37:27+00:00\",\"mainEntityOfPage\":{\"@id\":\"https:\\\/\\\/www.birgit-itse.com\\\/et\\\/hell-teema-%f0%9f%99%8a\\\/\"},\"wordCount\":2777,\"commentCount\":0,\"publisher\":{\"@id\":\"https:\\\/\\\/birgit-itse.com\\\/#organization\"},\"image\":{\"@id\":\"https:\\\/\\\/www.birgit-itse.com\\\/et\\\/hell-teema-%f0%9f%99%8a\\\/#primaryimage\"},\"thumbnailUrl\":\"https:\\\/\\\/www.birgit-itse.com\\\/wp-content\\\/uploads\\\/2021\\\/01\\\/20200111_121541.jpg\",\"articleSection\":[\"distants\u00f5pe\",\"eestlased aberdeenis\",\"eestlased \u0161otimaal\",\"eestlased suurbritannias\",\"hambaravi \u0161otimaal\",\"lapsega v\u00e4lismaale kolimine\",\"lumes\u00f5da\",\"talver\u00f5\u00f5mud \u0161otimaal\",\"thorma\"],\"inLanguage\":\"et\"},{\"@type\":\"WebPage\",\"@id\":\"https:\\\/\\\/www.birgit-itse.com\\\/et\\\/hell-teema-%f0%9f%99%8a\\\/\",\"url\":\"https:\\\/\\\/www.birgit-itse.com\\\/et\\\/hell-teema-%f0%9f%99%8a\\\/\",\"name\":\"Hell teema \ud83d\ude4a - Birgit Itse - Be Inspired\",\"isPartOf\":{\"@id\":\"https:\\\/\\\/birgit-itse.com\\\/#website\"},\"primaryImageOfPage\":{\"@id\":\"https:\\\/\\\/www.birgit-itse.com\\\/et\\\/hell-teema-%f0%9f%99%8a\\\/#primaryimage\"},\"image\":{\"@id\":\"https:\\\/\\\/www.birgit-itse.com\\\/et\\\/hell-teema-%f0%9f%99%8a\\\/#primaryimage\"},\"thumbnailUrl\":\"https:\\\/\\\/www.birgit-itse.com\\\/wp-content\\\/uploads\\\/2021\\\/01\\\/20200111_121541.jpg\",\"datePublished\":\"2021-01-11T09:54:00+00:00\",\"dateModified\":\"2022-11-10T17:37:27+00:00\",\"breadcrumb\":{\"@id\":\"https:\\\/\\\/www.birgit-itse.com\\\/et\\\/hell-teema-%f0%9f%99%8a\\\/#breadcrumb\"},\"inLanguage\":\"et\",\"potentialAction\":[{\"@type\":\"ReadAction\",\"target\":[\"https:\\\/\\\/www.birgit-itse.com\\\/et\\\/hell-teema-%f0%9f%99%8a\\\/\"]}]},{\"@type\":\"ImageObject\",\"inLanguage\":\"et\",\"@id\":\"https:\\\/\\\/www.birgit-itse.com\\\/et\\\/hell-teema-%f0%9f%99%8a\\\/#primaryimage\",\"url\":\"https:\\\/\\\/www.birgit-itse.com\\\/wp-content\\\/uploads\\\/2021\\\/01\\\/20200111_121541.jpg\",\"contentUrl\":\"https:\\\/\\\/www.birgit-itse.com\\\/wp-content\\\/uploads\\\/2021\\\/01\\\/20200111_121541.jpg\",\"width\":1024,\"height\":473},{\"@type\":\"BreadcrumbList\",\"@id\":\"https:\\\/\\\/www.birgit-itse.com\\\/et\\\/hell-teema-%f0%9f%99%8a\\\/#breadcrumb\",\"itemListElement\":[{\"@type\":\"ListItem\",\"position\":1,\"name\":\"Home\",\"item\":\"https:\\\/\\\/birgit-itse.com\\\/\"},{\"@type\":\"ListItem\",\"position\":2,\"name\":\"Hell teema \ud83d\ude4a\"}]},{\"@type\":\"WebSite\",\"@id\":\"https:\\\/\\\/birgit-itse.com\\\/#website\",\"url\":\"https:\\\/\\\/birgit-itse.com\\\/\",\"name\":\"Birgit Itse - Be Inspired\",\"description\":\"Ghostwriter, Author, Keynote Speaker\",\"publisher\":{\"@id\":\"https:\\\/\\\/birgit-itse.com\\\/#organization\"},\"potentialAction\":[{\"@type\":\"SearchAction\",\"target\":{\"@type\":\"EntryPoint\",\"urlTemplate\":\"https:\\\/\\\/birgit-itse.com\\\/?s={search_term_string}\"},\"query-input\":{\"@type\":\"PropertyValueSpecification\",\"valueRequired\":true,\"valueName\":\"search_term_string\"}}],\"inLanguage\":\"et\"},{\"@type\":\"Organization\",\"@id\":\"https:\\\/\\\/birgit-itse.com\\\/#organization\",\"name\":\"Birgit Itse - Be Inspired\",\"url\":\"https:\\\/\\\/birgit-itse.com\\\/\",\"logo\":{\"@type\":\"ImageObject\",\"inLanguage\":\"et\",\"@id\":\"https:\\\/\\\/birgit-itse.com\\\/#\\\/schema\\\/logo\\\/image\\\/\",\"url\":\"https:\\\/\\\/www.birgit-itse.com\\\/wp-content\\\/uploads\\\/2020\\\/10\\\/cropped-Birgit-name-logo-orange.png\",\"contentUrl\":\"https:\\\/\\\/www.birgit-itse.com\\\/wp-content\\\/uploads\\\/2020\\\/10\\\/cropped-Birgit-name-logo-orange.png\",\"width\":1326,\"height\":841,\"caption\":\"Birgit Itse - Be Inspired\"},\"image\":{\"@id\":\"https:\\\/\\\/birgit-itse.com\\\/#\\\/schema\\\/logo\\\/image\\\/\"}},{\"@type\":\"Person\",\"@id\":\"https:\\\/\\\/birgit-itse.com\\\/#\\\/schema\\\/person\\\/3f7c1c34cf70c1ed6f580544f8ae6b7b\",\"name\":\"Birgit\",\"image\":{\"@type\":\"ImageObject\",\"inLanguage\":\"et\",\"@id\":\"https:\\\/\\\/secure.gravatar.com\\\/avatar\\\/?s=96&d=mm&r=g\",\"url\":\"https:\\\/\\\/secure.gravatar.com\\\/avatar\\\/?s=96&d=mm&r=g\",\"contentUrl\":\"https:\\\/\\\/secure.gravatar.com\\\/avatar\\\/?s=96&d=mm&r=g\",\"caption\":\"Birgit\"},\"url\":\"https:\\\/\\\/www.birgit-itse.com\\\/et\\\/author\\\/birgit\\\/\"}]}<\/script>\n<!-- \/ Yoast SEO plugin. -->","yoast_head_json":{"title":"Hell teema \ud83d\ude4a - Birgit Itse - Be Inspired","robots":{"index":"index","follow":"follow","max-snippet":"max-snippet:-1","max-image-preview":"max-image-preview:large","max-video-preview":"max-video-preview:-1"},"canonical":"https:\/\/www.birgit-itse.com\/et\/hell-teema-\ud83d\ude4a\/","og_locale":"et_EE","og_type":"article","og_title":"Hell teema \ud83d\ude4a - Birgit Itse - Be Inspired","og_description":"Kui erinevad on aastad! Eestis elades ei m\u00f5elnud ma sellele kordagi, kuid n\u00fc\u00fcd on hea v\u00f5rrelda. See pilt on tehtud Huskyhavenis t\u00e4pselt aasta tagasi.&nbsp; Aastatagust postitust aga saate lugeda siit. Lasin ise ka silmadega \u00fcle. P\u00e4ris muhe. K\u00fclmakraade pole praegu nii palju ei toas ega \u00f5ues, kuid tegemised on k\u00fcll kardinaalselt teised.&nbsp; Kutil hakkas siis [&hellip;]","og_url":"https:\/\/www.birgit-itse.com\/et\/hell-teema-\ud83d\ude4a\/","og_site_name":"Birgit Itse - Be Inspired","article_published_time":"2021-01-11T09:54:00+00:00","article_modified_time":"2022-11-10T17:37:27+00:00","og_image":[{"width":1024,"height":473,"url":"https:\/\/www.birgit-itse.com\/wp-content\/uploads\/2021\/01\/20200111_121541.jpg","type":"image\/jpeg"}],"author":"Birgit","twitter_card":"summary_large_image","twitter_misc":{"Written by":"Birgit","Est. reading time":"14 minutit"},"schema":{"@context":"https:\/\/schema.org","@graph":[{"@type":"Article","@id":"https:\/\/www.birgit-itse.com\/et\/hell-teema-%f0%9f%99%8a\/#article","isPartOf":{"@id":"https:\/\/www.birgit-itse.com\/et\/hell-teema-%f0%9f%99%8a\/"},"author":{"name":"Birgit","@id":"https:\/\/birgit-itse.com\/#\/schema\/person\/3f7c1c34cf70c1ed6f580544f8ae6b7b"},"headline":"Hell teema \ud83d\ude4a","datePublished":"2021-01-11T09:54:00+00:00","dateModified":"2022-11-10T17:37:27+00:00","mainEntityOfPage":{"@id":"https:\/\/www.birgit-itse.com\/et\/hell-teema-%f0%9f%99%8a\/"},"wordCount":2777,"commentCount":0,"publisher":{"@id":"https:\/\/birgit-itse.com\/#organization"},"image":{"@id":"https:\/\/www.birgit-itse.com\/et\/hell-teema-%f0%9f%99%8a\/#primaryimage"},"thumbnailUrl":"https:\/\/www.birgit-itse.com\/wp-content\/uploads\/2021\/01\/20200111_121541.jpg","articleSection":["distants\u00f5pe","eestlased aberdeenis","eestlased \u0161otimaal","eestlased suurbritannias","hambaravi \u0161otimaal","lapsega v\u00e4lismaale kolimine","lumes\u00f5da","talver\u00f5\u00f5mud \u0161otimaal","thorma"],"inLanguage":"et"},{"@type":"WebPage","@id":"https:\/\/www.birgit-itse.com\/et\/hell-teema-%f0%9f%99%8a\/","url":"https:\/\/www.birgit-itse.com\/et\/hell-teema-%f0%9f%99%8a\/","name":"Hell teema \ud83d\ude4a - Birgit Itse - Be Inspired","isPartOf":{"@id":"https:\/\/birgit-itse.com\/#website"},"primaryImageOfPage":{"@id":"https:\/\/www.birgit-itse.com\/et\/hell-teema-%f0%9f%99%8a\/#primaryimage"},"image":{"@id":"https:\/\/www.birgit-itse.com\/et\/hell-teema-%f0%9f%99%8a\/#primaryimage"},"thumbnailUrl":"https:\/\/www.birgit-itse.com\/wp-content\/uploads\/2021\/01\/20200111_121541.jpg","datePublished":"2021-01-11T09:54:00+00:00","dateModified":"2022-11-10T17:37:27+00:00","breadcrumb":{"@id":"https:\/\/www.birgit-itse.com\/et\/hell-teema-%f0%9f%99%8a\/#breadcrumb"},"inLanguage":"et","potentialAction":[{"@type":"ReadAction","target":["https:\/\/www.birgit-itse.com\/et\/hell-teema-%f0%9f%99%8a\/"]}]},{"@type":"ImageObject","inLanguage":"et","@id":"https:\/\/www.birgit-itse.com\/et\/hell-teema-%f0%9f%99%8a\/#primaryimage","url":"https:\/\/www.birgit-itse.com\/wp-content\/uploads\/2021\/01\/20200111_121541.jpg","contentUrl":"https:\/\/www.birgit-itse.com\/wp-content\/uploads\/2021\/01\/20200111_121541.jpg","width":1024,"height":473},{"@type":"BreadcrumbList","@id":"https:\/\/www.birgit-itse.com\/et\/hell-teema-%f0%9f%99%8a\/#breadcrumb","itemListElement":[{"@type":"ListItem","position":1,"name":"Home","item":"https:\/\/birgit-itse.com\/"},{"@type":"ListItem","position":2,"name":"Hell teema \ud83d\ude4a"}]},{"@type":"WebSite","@id":"https:\/\/birgit-itse.com\/#website","url":"https:\/\/birgit-itse.com\/","name":"Birgit Itse - Be Inspired","description":"Ghostwriter, Author, Keynote Speaker","publisher":{"@id":"https:\/\/birgit-itse.com\/#organization"},"potentialAction":[{"@type":"SearchAction","target":{"@type":"EntryPoint","urlTemplate":"https:\/\/birgit-itse.com\/?s={search_term_string}"},"query-input":{"@type":"PropertyValueSpecification","valueRequired":true,"valueName":"search_term_string"}}],"inLanguage":"et"},{"@type":"Organization","@id":"https:\/\/birgit-itse.com\/#organization","name":"Birgit Itse - Be Inspired","url":"https:\/\/birgit-itse.com\/","logo":{"@type":"ImageObject","inLanguage":"et","@id":"https:\/\/birgit-itse.com\/#\/schema\/logo\/image\/","url":"https:\/\/www.birgit-itse.com\/wp-content\/uploads\/2020\/10\/cropped-Birgit-name-logo-orange.png","contentUrl":"https:\/\/www.birgit-itse.com\/wp-content\/uploads\/2020\/10\/cropped-Birgit-name-logo-orange.png","width":1326,"height":841,"caption":"Birgit Itse - Be Inspired"},"image":{"@id":"https:\/\/birgit-itse.com\/#\/schema\/logo\/image\/"}},{"@type":"Person","@id":"https:\/\/birgit-itse.com\/#\/schema\/person\/3f7c1c34cf70c1ed6f580544f8ae6b7b","name":"Birgit","image":{"@type":"ImageObject","inLanguage":"et","@id":"https:\/\/secure.gravatar.com\/avatar\/?s=96&d=mm&r=g","url":"https:\/\/secure.gravatar.com\/avatar\/?s=96&d=mm&r=g","contentUrl":"https:\/\/secure.gravatar.com\/avatar\/?s=96&d=mm&r=g","caption":"Birgit"},"url":"https:\/\/www.birgit-itse.com\/et\/author\/birgit\/"}]}},"_links":{"self":[{"href":"https:\/\/www.birgit-itse.com\/et\/wp-json\/wp\/v2\/posts\/952","targetHints":{"allow":["GET"]}}],"collection":[{"href":"https:\/\/www.birgit-itse.com\/et\/wp-json\/wp\/v2\/posts"}],"about":[{"href":"https:\/\/www.birgit-itse.com\/et\/wp-json\/wp\/v2\/types\/post"}],"author":[{"embeddable":true,"href":"https:\/\/www.birgit-itse.com\/et\/wp-json\/wp\/v2\/users\/2"}],"replies":[{"embeddable":true,"href":"https:\/\/www.birgit-itse.com\/et\/wp-json\/wp\/v2\/comments?post=952"}],"version-history":[{"count":2,"href":"https:\/\/www.birgit-itse.com\/et\/wp-json\/wp\/v2\/posts\/952\/revisions"}],"predecessor-version":[{"id":1376,"href":"https:\/\/www.birgit-itse.com\/et\/wp-json\/wp\/v2\/posts\/952\/revisions\/1376"}],"wp:featuredmedia":[{"embeddable":true,"href":"https:\/\/www.birgit-itse.com\/et\/wp-json\/wp\/v2\/media\/1064"}],"wp:attachment":[{"href":"https:\/\/www.birgit-itse.com\/et\/wp-json\/wp\/v2\/media?parent=952"}],"wp:term":[{"taxonomy":"category","embeddable":true,"href":"https:\/\/www.birgit-itse.com\/et\/wp-json\/wp\/v2\/categories?post=952"},{"taxonomy":"post_tag","embeddable":true,"href":"https:\/\/www.birgit-itse.com\/et\/wp-json\/wp\/v2\/tags?post=952"}],"curies":[{"name":"wp","href":"https:\/\/api.w.org\/{rel}","templated":true}]}}