{"id":959,"date":"2020-11-02T20:57:00","date_gmt":"2020-11-02T20:57:00","guid":{"rendered":""},"modified":"2021-08-25T09:32:54","modified_gmt":"2021-08-25T09:32:54","slug":"ilusate-hingede-ohtul","status":"publish","type":"post","link":"https:\/\/www.birgit-itse.com\/et\/ilusate-hingede-ohtul\/","title":{"rendered":"Ilusate hingede \u00f5htul"},"content":{"rendered":"<\/p>\n<div style=\"clear: both; text-align: right;\"><a href=\"https:\/\/birgit-itse.com\/wp-content\/uploads\/2020\/11\/20201004_160242.jpg\" style=\"clear: right; float: right; margin-bottom: 1em; margin-left: 1em;\"><img decoding=\"async\" border=\"0\" data-original-height=\"1205\" data-original-width=\"2609\" src=\"https:\/\/birgit-itse.com\/wp-content\/uploads\/2020\/11\/20201004_160242-300x139.jpg\" width=\"320\" \/><\/a><span style=\"text-align: left;\"><\/p>\n<div style=\"text-align: left;\">&#8220;T\u00e4na oli t\u00e4iesti super p\u00e4ev!&#8221; teatas Kutt koolist koju tulles. \ud83d\ude32&#8221;Meil oli see \u00fcmarlaud ja saime Alfonsoga asjad selgeks r\u00e4\u00e4gitud!&#8221; \u00dcmarlaud t\u00e4hendas siis seda, et poisid omavahel, lisaks \u00fcks t\u00e4iskasvanu.&nbsp;<\/div>\n<div style=\"text-align: left;\">Tegemist on poisiga, kel Kutil on olnud siin v\u00e4ikseid emotsionaalseid kokkup\u00f5rkeid. Kutt ise r\u00f5hutab kogu aeg, et tegemist on lihtsalt arusaamatusega, mil pole mitte midagi pistmist Alfonso nahav\u00e4rviga. &#8220;Ta tahtis matas minuga jutustada, aga ma \u00fctlesin, et ma ei taha tunni ajal r\u00e4\u00e4kida, tema aga hakkas mind p\u00e4rast seda rassistiks kutsuma,&#8221; oli Kuti kokkuv\u00f5te juhtunust, mis sai alguse juba eelmisel kooliaastal, aga n\u00fc\u00fcd, s\u00fcgisel, kuidagi v\u00f5imendus. &#8220;Ma \u00fctlesin talle ka, et ma ei vali inimesi, kellega suhelda, nahav\u00e4rvi j\u00e4rgi, vaid selle j\u00e4rgi, kas nad ise on s\u00f5bralikud minuga,&#8221; vahendas Kutt muljeid. Kui k\u00fcsisin, et kas nad siis n\u00fc\u00fcd on s\u00f5brad, raputas ta pead, aga suhtlevad s\u00f5bralikult. Pinge on maas. \u00dcks s\u00f5bralik hing j\u00e4lle juures. \ud83d\ude0dKutt \u00fctles \u00f5htul hiljemgi veel, et l\u00e4heb n\u00fc\u00fcd palju r\u00f5\u00f5msama tujuga kooli. Muidu pidin ikka siin vaheaja j\u00e4rgselt talle meelde tuletama mantrat, et &#8220;mida sina minust arvad, pole \u00fcldse minu asi.&#8221; Tuletasime ka meelde suhtumise olulisust, et 95% sellest, kuidas tal l\u00e4heb, s\u00f5ltub ta enda suhtumisest.&nbsp;<\/div>\n<div style=\"text-align: left;\">Ma olen seda tema peal nii h\u00e4sti k\u00f5rvalt n\u00e4inud, et kui ta teadlikult oma m\u00f5tteviisi ja suhtumisega tegeleb (sest kuna mina \u00f5pin seda, siis on ka t\u00f6\u00f6riistad talle teada ja kasutada), loeb nt Napoleon Hilli raamatut, siis kohe l\u00e4heb paremaks ka. Kui laseb end l\u00f5dvaks, siis hakkab kohe imelikke asju ligi t\u00f5mbama. Eks mul endal sama teema.&nbsp;<\/p>\n<div style=\"clear: both; text-align: center;\"><a href=\"https:\/\/birgit-itse.com\/wp-content\/uploads\/2020\/11\/20201101_164618.jpg\" style=\"clear: left; float: left; margin-bottom: 1em; margin-right: 1em;\"><img fetchpriority=\"high\" decoding=\"async\" border=\"0\" data-original-height=\"2609\" data-original-width=\"1205\" height=\"400\" src=\"https:\/\/birgit-itse.com\/wp-content\/uploads\/2020\/11\/20201101_164618-139x300.jpg\" width=\"185\" \/><\/a><\/div>\n<p><\/div>\n<div style=\"text-align: left;\">Siinse kooli kohta saan praegu \u00f6elda seda, et see toetab v\u00e4ga noorte endi vastutuse tekitamist ja iseseisvat \u00f5ppimist. \ud83d\udc4cMulle saadetakse k\u00fcll kord n\u00e4dalas Google&#8217;i kaudu \u00fclevaade, mida nad tundides on \u00f5ppinud ja mis on l\u00e4henevad kodut\u00f6\u00f6d ja kontrollt\u00f6\u00f6d, kuid sellist e-kooli s\u00fcsteemi pole ning \u00f5pilasp\u00e4evikuid ka pole. V\u00f5ib m\u00e4rkmikku omada, aga kohustust pole &#8211; ise vastutad, et asjad tehtud.&nbsp;<\/div>\n<div style=\"text-align: left;\">Hindamise osas on protsendid &#8211; mitu protsenti on omandatud. Kuna siin ei ole kombeks, et lapsevanemad aine\u00f5petajatele kirjutavad, siis ega ma ei tea ka, kas ja kui palju vajaks ta nt kodus j\u00e4rele aitamist. \ud83d\ude36Nii palju tean, et mingi mata vahetestid kukkus ta l\u00e4bi &#8211; sai vaid 38%, aga siin kohustust uuesti teha ei ole. Seda lehte n\u00e4gin k\u00fcll, et millised teemad testis oli ja kui palju punkte sai, osa nendest asjadest on t\u00f5esti teemad, mida ta pole \u00f5ppinud, kuid teised on, kuid m\u00f5ne teema kohta vist pani lihtsalt laiska. Tuleb last ja \u00f5petajaid usaldada, et k\u00fcllap nad omavahel asjad klaariks saavad. \ud83d\udcaa Praegugi tabasin ta teises toas koolit\u00f6id tegemast. &#8220;See on j\u00e4rgmiseks n\u00e4dalaks, aga ma tahan selle \u00e4ra teha, siis on tehtud!&#8221; Lahe.&nbsp;<\/div>\n<p><\/span><\/div>\n<p>Seda ma vist olen juba maininud, et Kutt on Eesti m\u00f5istes HEV-\u00f5pilane, ja siin piisas selle mainimisest, et Eestis paberid aetud, ning kogu seda kadalippu siin uuesti l\u00e4bida pole olnud vaja. Nende klassis (k\u00f5ik on HEVid) on kokku \u00fcle 20 \u00f5pilase (ausalt, Kutt ise ka ei tea, just k\u00fcsisin), lisaks aine\u00f5petajale on ka abi\u00f5petaja, kes siis vahetub. Kusjuures mingites ainetes saavad nad ise omale \u00f5petaja valida, et kas selle v\u00f5i teise inglise keele \u00f5petaja juures.&nbsp;<\/p>\n<p>Kutt tegi endale n\u00fc\u00fcd uue n\u00e4dalaplaani ka, sest kuskile on vaja \u00e4ra mahutada ka Jacqueline&#8217;i turunduskoolituse t\u00f6\u00f6lehtede tegemine, kodused t\u00f6\u00f6d, m\u00e4nguaeg, m\u00f5tteviisiga ja oma ettev\u00f5ttega tegelemine ja \u00f5ues olemine. Lisaks n-\u00f6 kodused kohustused. P\u00e4rast seda, kui naabrimees kiitis, et &#8220;tubli, oled emale abiks ja kasulik&#8221;, siis paneb Kutt \u00fcsna heal meelel n\u00e4iteks pesu \u00f5ue kuivama. Oma kooliasjade puhtuse eest hoolitseb ka ise, et kui ikka kekas saavad dressid mudaseks, siis ta ise paneb need masinasse, masina t\u00f6\u00f6le ja p\u00fcksid kuivama ka. \ud83d\udcaa\ud83d\udc4d<\/p>\n<table cellpadding=\"0\" cellspacing=\"0\" style=\"float: left;\">\n<tbody>\n<tr>\n<td style=\"text-align: center;\"><a href=\"https:\/\/birgit-itse.com\/wp-content\/uploads\/2020\/11\/20201014_153508.jpg\" style=\"clear: left; margin-bottom: 1em; margin-left: auto; margin-right: auto;\"><img decoding=\"async\" border=\"0\" data-original-height=\"1205\" data-original-width=\"2609\" src=\"https:\/\/birgit-itse.com\/wp-content\/uploads\/2020\/11\/20201014_153508-300x139.jpg\" width=\"320\" \/><\/a><\/td>\n<\/tr>\n<tr>\n<td style=\"text-align: center;\">Minu t\u00f6\u00f6laud Aberdeenis<\/td>\n<\/tr>\n<\/tbody>\n<\/table>\n<p>Kui eelmisel n\u00e4dalal t\u00e4itus 10 kuud siin olemisest, siis sel n\u00e4dalal, t\u00e4psemalt \u00fclehomme saab aasta sellest saatuslikust k\u00fcsimusest, et &#8220;millal ma <i>oma <\/i>elu hakkan elama ja <i>oma <\/i>unistusi ellu viima&#8221; ning l\u00f5plikust otsusest \u00e4ra kolida. Just l\u00f5plikust, sest eks ma seda m\u00f5tet olin nagu kuuma kartulit veeretanud 2017. aasta juunist saadik. Ma olen n\u00fc\u00fcd nendes podcastide salvestustes ka r\u00e4\u00e4kinud, kuidas ma tundsin sel ajal, et ma ise polnud oma elu jaoks piisav ja mu elu polnud minu jaoks piisav. Ometi olid mul ju k\u00f5ik tingimused olemas, et \u00f5nnelik olla. N\u00e4puvibutajad veel manitsesid, et &#8220;n\u00e4e, ei oska t\u00e4nulik olla&#8221;. Asju oli mul t\u00f5epoolest siis rohkem, aga hirme oli ka. Ebakindlust ka. \ud83d\ude15Mitte, et need omavahel seotud oleksid olnud&#8230;. pigem ikka see minu enda sisemine vajadus teha rohkemat, kui v\u00f5imalusi suutsin luua. See alateadvuses kraapiv teadmine, et &#8220;ma suudan ja tahan rohkem, kui see&#8230;&#8221; Kui \u00fchest k\u00fcljest kuuled vajadust m\u00f5elda kastist v\u00e4lja, ja teisalt on tunne, kuidas sa lihtsalt ei mahu enam mitte \u00fchessegi raami, mis seda kasti \u00fcmbritsevad. Siia tulles tabaski mind ju esimese kahe kuu jooksul m\u00f5te, et siin m\u00f5tlevad inimesed nagu kasti polekski&#8230; Eks siin ole muidugi oma piirangud &#8211; iseenda loodud, nagu eestlastelgi, kuid kas ma oleks saanud teha kirjandus-ja kirjutamisvaldkonnas k\u00f5ike seda, mida ma olen siin praeguseks teinud &#8211; s\u00fcgavalt kahtlen.&nbsp;<\/p>\n<\/p>\n<div style=\"clear: both; text-align: center;\"><a href=\"https:\/\/birgit-itse.com\/wp-content\/uploads\/2020\/11\/20201024_154742.jpg\" style=\"margin-left: 1em; margin-right: 1em;\"><img decoding=\"async\" border=\"0\" data-original-height=\"1188\" data-original-width=\"2576\" height=\"296\" src=\"https:\/\/birgit-itse.com\/wp-content\/uploads\/2020\/11\/20201024_154742-300x138.jpg\" width=\"640\" \/><\/a><\/div>\n<p>Laup\u00e4eval oli mu esimene raadiointervjuu ka. Chat and Spin on raadiojaam, millel on ca 750 000 stabiilset kuulajat \u00fcle maailma. Neljap\u00e4eval leppisime kokku intervjuu nende laup\u00e4eva\u00f5htusesse saatesse. Minu ca 4 minutit kuulsust on leitav <a href=\"https:\/\/soundcloud.com\/ian-johnson-75\/saturday-31st-october-saturday-weekend-show-6pm-8pm-uk-time?utm_source=soundcloud&amp;utm_campaign=wtshare&amp;utm_medium=Facebook&amp;utm_content=https%3A%2F%2Fsoundcloud.com%2Fian-johnson-75%2Fsaturday-31st-october-saturday-weekend-show-6pm-8pm-uk-time&amp;fbclid=IwAR2AfIkQithvTGXfZ6qAwOpw0nb_QkuMI7YgtOF2nBvXieR-UPBPp3WQMPI\" target=\"_blank\" rel=\"noopener\">SIIT<\/a>, ca 35 minutit saate algusest. Kellele retrohitid meeldivad, siis juba sellep\u00e4rast v\u00f5ite kuulata. Detsembri alguseks kutsusid nad mind tagasi, sest neile meeldis mu vaba esinemine eetris.&nbsp;<\/p>\n<\/p>\n<div style=\"clear: both; text-align: center;\"><a href=\"https:\/\/birgit-itse.com\/wp-content\/uploads\/2020\/11\/20200919_190240.jpg\" style=\"clear: right; float: right; margin-bottom: 1em; margin-left: 1em;\"><img decoding=\"async\" border=\"0\" data-original-height=\"2048\" data-original-width=\"1536\" height=\"320\" src=\"https:\/\/birgit-itse.com\/wp-content\/uploads\/2020\/11\/20200919_190240-225x300.jpg\" \/><\/a><\/div>\n<p>Eelmisel n\u00e4dalal j\u00f5udis kohale raamat ka USA luuletajale Susan Wooldrige&#8217;ile, kelle tagasiside tekitas klombi kurku. Sellest inspireerituna (ja tegelikult on v\u00e4ga l\u00e4hedal ka 14. novembril toimuv NESLIBi j\u00f5ulu\u00fcritus), panime t\u00e4na kirjastajaga kokku uue formaadi, mis sobis ka Amazonile. Natuke elevile ajas ka see m\u00f5te, et oleme suutnud kokku panna midagi, mis on nii eriline, et isegi Amazoni formaatidega ei klapi. \ud83d\ude00 Kuna tr\u00fckikulud Amazoni kaudu on suuremad kui Eestis v\u00e4lja andes, siis on ka Amazoni kaudu hind k\u00f5rgem. Peame n\u00fc\u00fcd p\u00f6idlaid, et Amazonile k\u00f5ik sobiks, ja siis on 72h jooksul raamat avalikult \u00fcle maailma m\u00fc\u00fcgis. \ud83d\ude4c<\/p>\n<p>Detsembri alguses on aga mind palutud l\u00e4bi viima loovkirjutamise \u00f5pituba. Esimene siinkandis. Eestis ikka m\u00f5ned tegin, aga virtuaalsena on see muidugi esimene. Tundub, et ka \u00fcks mu m\u00f5te, et mu raamat j\u00f5uab Bob Proctorini, v\u00f5ib veel sel aastal t\u00e4ide minna. T\u00e4na oli \u00fche tema otsese \u00f5pilasega sellest juttu ning noh &#8211; k\u00fcsi, ja sulle antakse. \ud83d\ude00\ud83d\ude0e<\/p>\n<p>Ma t\u00e4nan k\u00f5iki, kes minuga Eestis kaasa r\u00f5\u00f5mustavad. \u00d5nneks on ka neid, kes oskavad mu t\u00e4ienenud teadmisi oma (ettev\u00f5tte) huvides \u00e4ra kasutada, seega saan r\u00f5\u00f5mustada rahvusvahelise kliendi-ja f\u00e4nnibaasi \u00fcle. Ait\u00e4h! \ud83d\ude4f<\/p>\n<\/p>\n<p>&nbsp;<\/p>","protected":false},"excerpt":{"rendered":"<p>&#8220;T\u00e4na oli t\u00e4iesti super p\u00e4ev!&#8221; teatas Kutt koolist koju tulles. \ud83d\ude32&#8221;Meil oli see \u00fcmarlaud ja saime Alfonsoga asjad selgeks r\u00e4\u00e4gitud!&#8221; \u00dcmarlaud t\u00e4hendas siis seda, et poisid omavahel, lisaks \u00fcks t\u00e4iskasvanu.&nbsp; Tegemist on poisiga, kel Kutil on olnud siin v\u00e4ikseid emotsionaalseid kokkup\u00f5rkeid. Kutt ise r\u00f5hutab kogu aeg, et tegemist on lihtsalt arusaamatusega, mil pole mitte midagi [&hellip;]<\/p>\n","protected":false},"author":2,"featured_media":1099,"comment_status":"open","ping_status":"open","sticky":false,"template":"","format":"standard","meta":{"footnotes":""},"categories":[21,79,80,39,78,22],"tags":[],"class_list":["post-959","post","type-post","status-publish","format-standard","has-post-thumbnail","hentry","category-eestlane-sotimaal","category-motteviis","category-nadalaplaani-koostamine","category-onnelikteekond","category-raamatu-avaldamine-amazonis","category-sotimaa-koolid","entry","has-media","owp-thumbs-layout-horizontal","owp-btn-normal","owp-tabs-layout-horizontal","has-no-thumbnails","has-product-nav"],"yoast_head":"<!-- This site is optimized with the Yoast SEO plugin v27.4 - https:\/\/yoast.com\/product\/yoast-seo-wordpress\/ -->\n<title>Ilusate hingede \u00f5htul - Birgit Itse - Be Inspired<\/title>\n<meta name=\"robots\" content=\"index, follow, max-snippet:-1, max-image-preview:large, max-video-preview:-1\" \/>\n<link rel=\"canonical\" href=\"https:\/\/birgit-itse.com\/et\/ilusate-hingede-ohtul\/\" \/>\n<meta property=\"og:locale\" content=\"et_EE\" \/>\n<meta property=\"og:type\" content=\"article\" \/>\n<meta property=\"og:title\" content=\"Ilusate hingede \u00f5htul - Birgit Itse - Be Inspired\" \/>\n<meta property=\"og:description\" content=\"&#8220;T\u00e4na oli t\u00e4iesti super p\u00e4ev!&#8221; teatas Kutt koolist koju tulles. \ud83d\ude32&#8221;Meil oli see \u00fcmarlaud ja saime Alfonsoga asjad selgeks r\u00e4\u00e4gitud!&#8221; \u00dcmarlaud t\u00e4hendas siis seda, et poisid omavahel, lisaks \u00fcks t\u00e4iskasvanu.&nbsp; Tegemist on poisiga, kel Kutil on olnud siin v\u00e4ikseid emotsionaalseid kokkup\u00f5rkeid. Kutt ise r\u00f5hutab kogu aeg, et tegemist on lihtsalt arusaamatusega, mil pole mitte midagi [&hellip;]\" \/>\n<meta property=\"og:url\" content=\"https:\/\/birgit-itse.com\/et\/ilusate-hingede-ohtul\/\" \/>\n<meta property=\"og:site_name\" content=\"Birgit Itse - Be Inspired\" \/>\n<meta property=\"article:published_time\" content=\"2020-11-02T20:57:00+00:00\" \/>\n<meta property=\"article:modified_time\" content=\"2021-08-25T09:32:54+00:00\" \/>\n<meta property=\"og:image\" content=\"https:\/\/birgit-itse.com\/wp-content\/uploads\/2020\/11\/20201004_160242.jpg\" \/>\n\t<meta property=\"og:image:width\" content=\"1024\" \/>\n\t<meta property=\"og:image:height\" content=\"473\" \/>\n\t<meta property=\"og:image:type\" content=\"image\/jpeg\" \/>\n<meta name=\"author\" content=\"Birgit\" \/>\n<meta name=\"twitter:card\" content=\"summary_large_image\" \/>\n<meta name=\"twitter:label1\" content=\"Written by\" \/>\n\t<meta name=\"twitter:data1\" content=\"Birgit\" \/>\n\t<meta name=\"twitter:label2\" content=\"Est. reading time\" \/>\n\t<meta name=\"twitter:data2\" content=\"6 minutit\" \/>\n<script type=\"application\/ld+json\" class=\"yoast-schema-graph\">{\"@context\":\"https:\\\/\\\/schema.org\",\"@graph\":[{\"@type\":\"Article\",\"@id\":\"https:\\\/\\\/birgit-itse.com\\\/et\\\/ilusate-hingede-ohtul\\\/#article\",\"isPartOf\":{\"@id\":\"https:\\\/\\\/birgit-itse.com\\\/et\\\/ilusate-hingede-ohtul\\\/\"},\"author\":{\"name\":\"Birgit\",\"@id\":\"https:\\\/\\\/www.birgit-itse.com\\\/#\\\/schema\\\/person\\\/3f7c1c34cf70c1ed6f580544f8ae6b7b\"},\"headline\":\"Ilusate hingede \u00f5htul\",\"datePublished\":\"2020-11-02T20:57:00+00:00\",\"dateModified\":\"2021-08-25T09:32:54+00:00\",\"mainEntityOfPage\":{\"@id\":\"https:\\\/\\\/birgit-itse.com\\\/et\\\/ilusate-hingede-ohtul\\\/\"},\"wordCount\":1188,\"commentCount\":0,\"publisher\":{\"@id\":\"https:\\\/\\\/www.birgit-itse.com\\\/#organization\"},\"image\":{\"@id\":\"https:\\\/\\\/birgit-itse.com\\\/et\\\/ilusate-hingede-ohtul\\\/#primaryimage\"},\"thumbnailUrl\":\"https:\\\/\\\/birgit-itse.com\\\/wp-content\\\/uploads\\\/2020\\\/11\\\/20201004_160242.jpg\",\"articleSection\":[\"eestlane \u0161otimaal\",\"m\u00f5tteviis\",\"n\u00e4dalaplaani koostamine\",\"\u00f5nnelikteekond\",\"raamatu avaldamine amazonis\",\"\u0161otimaa koolid\"],\"inLanguage\":\"et\"},{\"@type\":\"WebPage\",\"@id\":\"https:\\\/\\\/birgit-itse.com\\\/et\\\/ilusate-hingede-ohtul\\\/\",\"url\":\"https:\\\/\\\/birgit-itse.com\\\/et\\\/ilusate-hingede-ohtul\\\/\",\"name\":\"Ilusate hingede \u00f5htul - Birgit Itse - Be Inspired\",\"isPartOf\":{\"@id\":\"https:\\\/\\\/www.birgit-itse.com\\\/#website\"},\"primaryImageOfPage\":{\"@id\":\"https:\\\/\\\/birgit-itse.com\\\/et\\\/ilusate-hingede-ohtul\\\/#primaryimage\"},\"image\":{\"@id\":\"https:\\\/\\\/birgit-itse.com\\\/et\\\/ilusate-hingede-ohtul\\\/#primaryimage\"},\"thumbnailUrl\":\"https:\\\/\\\/birgit-itse.com\\\/wp-content\\\/uploads\\\/2020\\\/11\\\/20201004_160242.jpg\",\"datePublished\":\"2020-11-02T20:57:00+00:00\",\"dateModified\":\"2021-08-25T09:32:54+00:00\",\"breadcrumb\":{\"@id\":\"https:\\\/\\\/birgit-itse.com\\\/et\\\/ilusate-hingede-ohtul\\\/#breadcrumb\"},\"inLanguage\":\"et\",\"potentialAction\":[{\"@type\":\"ReadAction\",\"target\":[\"https:\\\/\\\/birgit-itse.com\\\/et\\\/ilusate-hingede-ohtul\\\/\"]}]},{\"@type\":\"ImageObject\",\"inLanguage\":\"et\",\"@id\":\"https:\\\/\\\/birgit-itse.com\\\/et\\\/ilusate-hingede-ohtul\\\/#primaryimage\",\"url\":\"https:\\\/\\\/birgit-itse.com\\\/wp-content\\\/uploads\\\/2020\\\/11\\\/20201004_160242.jpg\",\"contentUrl\":\"https:\\\/\\\/birgit-itse.com\\\/wp-content\\\/uploads\\\/2020\\\/11\\\/20201004_160242.jpg\",\"width\":1024,\"height\":473},{\"@type\":\"BreadcrumbList\",\"@id\":\"https:\\\/\\\/birgit-itse.com\\\/et\\\/ilusate-hingede-ohtul\\\/#breadcrumb\",\"itemListElement\":[{\"@type\":\"ListItem\",\"position\":1,\"name\":\"Home\",\"item\":\"https:\\\/\\\/birgit-itse.com\\\/et\\\/\"},{\"@type\":\"ListItem\",\"position\":2,\"name\":\"Ilusate hingede \u00f5htul\"}]},{\"@type\":\"WebSite\",\"@id\":\"https:\\\/\\\/www.birgit-itse.com\\\/#website\",\"url\":\"https:\\\/\\\/www.birgit-itse.com\\\/\",\"name\":\"Birgit Itse - Be Inspired\",\"description\":\"Ghostwriter, Author, Keynote Speaker\",\"publisher\":{\"@id\":\"https:\\\/\\\/www.birgit-itse.com\\\/#organization\"},\"potentialAction\":[{\"@type\":\"SearchAction\",\"target\":{\"@type\":\"EntryPoint\",\"urlTemplate\":\"https:\\\/\\\/www.birgit-itse.com\\\/?s={search_term_string}\"},\"query-input\":{\"@type\":\"PropertyValueSpecification\",\"valueRequired\":true,\"valueName\":\"search_term_string\"}}],\"inLanguage\":\"et\"},{\"@type\":\"Organization\",\"@id\":\"https:\\\/\\\/www.birgit-itse.com\\\/#organization\",\"name\":\"Birgit Itse - Be Inspired\",\"url\":\"https:\\\/\\\/www.birgit-itse.com\\\/\",\"logo\":{\"@type\":\"ImageObject\",\"inLanguage\":\"et\",\"@id\":\"https:\\\/\\\/www.birgit-itse.com\\\/#\\\/schema\\\/logo\\\/image\\\/\",\"url\":\"https:\\\/\\\/birgit-itse.com\\\/wp-content\\\/uploads\\\/2020\\\/10\\\/cropped-Birgit-name-logo-orange.png\",\"contentUrl\":\"https:\\\/\\\/birgit-itse.com\\\/wp-content\\\/uploads\\\/2020\\\/10\\\/cropped-Birgit-name-logo-orange.png\",\"width\":1326,\"height\":841,\"caption\":\"Birgit Itse - Be Inspired\"},\"image\":{\"@id\":\"https:\\\/\\\/www.birgit-itse.com\\\/#\\\/schema\\\/logo\\\/image\\\/\"}},{\"@type\":\"Person\",\"@id\":\"https:\\\/\\\/www.birgit-itse.com\\\/#\\\/schema\\\/person\\\/3f7c1c34cf70c1ed6f580544f8ae6b7b\",\"name\":\"Birgit\",\"image\":{\"@type\":\"ImageObject\",\"inLanguage\":\"et\",\"@id\":\"https:\\\/\\\/secure.gravatar.com\\\/avatar\\\/?s=96&d=mm&r=g\",\"url\":\"https:\\\/\\\/secure.gravatar.com\\\/avatar\\\/?s=96&d=mm&r=g\",\"contentUrl\":\"https:\\\/\\\/secure.gravatar.com\\\/avatar\\\/?s=96&d=mm&r=g\",\"caption\":\"Birgit\"},\"url\":\"https:\\\/\\\/www.birgit-itse.com\\\/et\\\/author\\\/birgit\\\/\"}]}<\/script>\n<!-- \/ Yoast SEO plugin. -->","yoast_head_json":{"title":"Ilusate hingede \u00f5htul - Birgit Itse - Be Inspired","robots":{"index":"index","follow":"follow","max-snippet":"max-snippet:-1","max-image-preview":"max-image-preview:large","max-video-preview":"max-video-preview:-1"},"canonical":"https:\/\/birgit-itse.com\/et\/ilusate-hingede-ohtul\/","og_locale":"et_EE","og_type":"article","og_title":"Ilusate hingede \u00f5htul - Birgit Itse - Be Inspired","og_description":"&#8220;T\u00e4na oli t\u00e4iesti super p\u00e4ev!&#8221; teatas Kutt koolist koju tulles. \ud83d\ude32&#8221;Meil oli see \u00fcmarlaud ja saime Alfonsoga asjad selgeks r\u00e4\u00e4gitud!&#8221; \u00dcmarlaud t\u00e4hendas siis seda, et poisid omavahel, lisaks \u00fcks t\u00e4iskasvanu.&nbsp; Tegemist on poisiga, kel Kutil on olnud siin v\u00e4ikseid emotsionaalseid kokkup\u00f5rkeid. Kutt ise r\u00f5hutab kogu aeg, et tegemist on lihtsalt arusaamatusega, mil pole mitte midagi [&hellip;]","og_url":"https:\/\/birgit-itse.com\/et\/ilusate-hingede-ohtul\/","og_site_name":"Birgit Itse - Be Inspired","article_published_time":"2020-11-02T20:57:00+00:00","article_modified_time":"2021-08-25T09:32:54+00:00","og_image":[{"width":1024,"height":473,"url":"https:\/\/birgit-itse.com\/wp-content\/uploads\/2020\/11\/20201004_160242.jpg","type":"image\/jpeg"}],"author":"Birgit","twitter_card":"summary_large_image","twitter_misc":{"Written by":"Birgit","Est. reading time":"6 minutit"},"schema":{"@context":"https:\/\/schema.org","@graph":[{"@type":"Article","@id":"https:\/\/birgit-itse.com\/et\/ilusate-hingede-ohtul\/#article","isPartOf":{"@id":"https:\/\/birgit-itse.com\/et\/ilusate-hingede-ohtul\/"},"author":{"name":"Birgit","@id":"https:\/\/www.birgit-itse.com\/#\/schema\/person\/3f7c1c34cf70c1ed6f580544f8ae6b7b"},"headline":"Ilusate hingede \u00f5htul","datePublished":"2020-11-02T20:57:00+00:00","dateModified":"2021-08-25T09:32:54+00:00","mainEntityOfPage":{"@id":"https:\/\/birgit-itse.com\/et\/ilusate-hingede-ohtul\/"},"wordCount":1188,"commentCount":0,"publisher":{"@id":"https:\/\/www.birgit-itse.com\/#organization"},"image":{"@id":"https:\/\/birgit-itse.com\/et\/ilusate-hingede-ohtul\/#primaryimage"},"thumbnailUrl":"https:\/\/birgit-itse.com\/wp-content\/uploads\/2020\/11\/20201004_160242.jpg","articleSection":["eestlane \u0161otimaal","m\u00f5tteviis","n\u00e4dalaplaani koostamine","\u00f5nnelikteekond","raamatu avaldamine amazonis","\u0161otimaa koolid"],"inLanguage":"et"},{"@type":"WebPage","@id":"https:\/\/birgit-itse.com\/et\/ilusate-hingede-ohtul\/","url":"https:\/\/birgit-itse.com\/et\/ilusate-hingede-ohtul\/","name":"Ilusate hingede \u00f5htul - Birgit Itse - Be Inspired","isPartOf":{"@id":"https:\/\/www.birgit-itse.com\/#website"},"primaryImageOfPage":{"@id":"https:\/\/birgit-itse.com\/et\/ilusate-hingede-ohtul\/#primaryimage"},"image":{"@id":"https:\/\/birgit-itse.com\/et\/ilusate-hingede-ohtul\/#primaryimage"},"thumbnailUrl":"https:\/\/birgit-itse.com\/wp-content\/uploads\/2020\/11\/20201004_160242.jpg","datePublished":"2020-11-02T20:57:00+00:00","dateModified":"2021-08-25T09:32:54+00:00","breadcrumb":{"@id":"https:\/\/birgit-itse.com\/et\/ilusate-hingede-ohtul\/#breadcrumb"},"inLanguage":"et","potentialAction":[{"@type":"ReadAction","target":["https:\/\/birgit-itse.com\/et\/ilusate-hingede-ohtul\/"]}]},{"@type":"ImageObject","inLanguage":"et","@id":"https:\/\/birgit-itse.com\/et\/ilusate-hingede-ohtul\/#primaryimage","url":"https:\/\/birgit-itse.com\/wp-content\/uploads\/2020\/11\/20201004_160242.jpg","contentUrl":"https:\/\/birgit-itse.com\/wp-content\/uploads\/2020\/11\/20201004_160242.jpg","width":1024,"height":473},{"@type":"BreadcrumbList","@id":"https:\/\/birgit-itse.com\/et\/ilusate-hingede-ohtul\/#breadcrumb","itemListElement":[{"@type":"ListItem","position":1,"name":"Home","item":"https:\/\/birgit-itse.com\/et\/"},{"@type":"ListItem","position":2,"name":"Ilusate hingede \u00f5htul"}]},{"@type":"WebSite","@id":"https:\/\/www.birgit-itse.com\/#website","url":"https:\/\/www.birgit-itse.com\/","name":"Birgit Itse - Be Inspired","description":"Ghostwriter, Author, Keynote Speaker","publisher":{"@id":"https:\/\/www.birgit-itse.com\/#organization"},"potentialAction":[{"@type":"SearchAction","target":{"@type":"EntryPoint","urlTemplate":"https:\/\/www.birgit-itse.com\/?s={search_term_string}"},"query-input":{"@type":"PropertyValueSpecification","valueRequired":true,"valueName":"search_term_string"}}],"inLanguage":"et"},{"@type":"Organization","@id":"https:\/\/www.birgit-itse.com\/#organization","name":"Birgit Itse - Be Inspired","url":"https:\/\/www.birgit-itse.com\/","logo":{"@type":"ImageObject","inLanguage":"et","@id":"https:\/\/www.birgit-itse.com\/#\/schema\/logo\/image\/","url":"https:\/\/birgit-itse.com\/wp-content\/uploads\/2020\/10\/cropped-Birgit-name-logo-orange.png","contentUrl":"https:\/\/birgit-itse.com\/wp-content\/uploads\/2020\/10\/cropped-Birgit-name-logo-orange.png","width":1326,"height":841,"caption":"Birgit Itse - Be Inspired"},"image":{"@id":"https:\/\/www.birgit-itse.com\/#\/schema\/logo\/image\/"}},{"@type":"Person","@id":"https:\/\/www.birgit-itse.com\/#\/schema\/person\/3f7c1c34cf70c1ed6f580544f8ae6b7b","name":"Birgit","image":{"@type":"ImageObject","inLanguage":"et","@id":"https:\/\/secure.gravatar.com\/avatar\/?s=96&d=mm&r=g","url":"https:\/\/secure.gravatar.com\/avatar\/?s=96&d=mm&r=g","contentUrl":"https:\/\/secure.gravatar.com\/avatar\/?s=96&d=mm&r=g","caption":"Birgit"},"url":"https:\/\/www.birgit-itse.com\/et\/author\/birgit\/"}]}},"_links":{"self":[{"href":"https:\/\/www.birgit-itse.com\/et\/wp-json\/wp\/v2\/posts\/959","targetHints":{"allow":["GET"]}}],"collection":[{"href":"https:\/\/www.birgit-itse.com\/et\/wp-json\/wp\/v2\/posts"}],"about":[{"href":"https:\/\/www.birgit-itse.com\/et\/wp-json\/wp\/v2\/types\/post"}],"author":[{"embeddable":true,"href":"https:\/\/www.birgit-itse.com\/et\/wp-json\/wp\/v2\/users\/2"}],"replies":[{"embeddable":true,"href":"https:\/\/www.birgit-itse.com\/et\/wp-json\/wp\/v2\/comments?post=959"}],"version-history":[{"count":1,"href":"https:\/\/www.birgit-itse.com\/et\/wp-json\/wp\/v2\/posts\/959\/revisions"}],"predecessor-version":[{"id":1104,"href":"https:\/\/www.birgit-itse.com\/et\/wp-json\/wp\/v2\/posts\/959\/revisions\/1104"}],"wp:featuredmedia":[{"embeddable":true,"href":"https:\/\/www.birgit-itse.com\/et\/wp-json\/wp\/v2\/media\/1099"}],"wp:attachment":[{"href":"https:\/\/www.birgit-itse.com\/et\/wp-json\/wp\/v2\/media?parent=959"}],"wp:term":[{"taxonomy":"category","embeddable":true,"href":"https:\/\/www.birgit-itse.com\/et\/wp-json\/wp\/v2\/categories?post=959"},{"taxonomy":"post_tag","embeddable":true,"href":"https:\/\/www.birgit-itse.com\/et\/wp-json\/wp\/v2\/tags?post=959"}],"curies":[{"name":"wp","href":"https:\/\/api.w.org\/{rel}","templated":true}]}}