{"id":964,"date":"2020-09-28T09:49:00","date_gmt":"2020-09-28T09:49:00","guid":{"rendered":""},"modified":"2021-08-25T09:33:13","modified_gmt":"2021-08-25T09:33:13","slug":"miks-ma-blogi-nimetust-muutsin","status":"publish","type":"post","link":"https:\/\/www.birgit-itse.com\/et\/miks-ma-blogi-nimetust-muutsin\/","title":{"rendered":"Miks ma blogi nimetust muutsin?"},"content":{"rendered":"<\/p>\n<div style=\"clear: both; text-align: center;\"><a href=\"https:\/\/birgit-itse.com\/wp-content\/uploads\/2020\/09\/20200926_144359.jpg\" style=\"clear: left; float: left; margin-bottom: 1em; margin-right: 1em;\"><img decoding=\"async\" border=\"0\" data-original-height=\"2048\" data-original-width=\"1536\" height=\"320\" src=\"https:\/\/birgit-itse.com\/wp-content\/uploads\/2020\/09\/20200926_144359-225x300.jpg\" \/><\/a><\/div>\n<p>Eelmised 59 postitust kandis blogi nimetust &#8220;Jah, me saame hakkama!&#8221;, kuid praeguseks oleme me Kutiga j\u00f5udnud m\u00f5tteviisis sinnamaale, kus oleme omaks v\u00f5tnud, et juba ammu on meie praegune toimetamine siin rohkemat lihtsalt hakkama saamisest. \ud83d\ude0eEt see on avastamisr\u00f5\u00f5m, mida siin jagame.&nbsp;<\/p>\n<p>Tekkinud on mingi s\u00fcgavam arusaam iseendast, oma v\u00f5imetest ja siinsetest v\u00f5imalustest, ning sellest, kuidas need kolm on k\u00f5ik omavahel seotud. See on loonud selle sisemise vabaduse, millest olin puudust tundnud, kuid mida kuni eelmise aasta novembrini ei osanud ma isegi enesele s\u00f5nastada. N\u00e4dalavahetused on tavaliselt pikemate jalutusk\u00e4ikude p\u00e4evad ning eilegi saime j\u00e4llegi Kutiga arutleda, mida meie jaoks t\u00e4hendab t\u00e4iuslikkus. Kuidas igas plussis sisaldub miinus. Katsu sa kirjutada \u2795 ilma \u2796 joonistamata! T\u00e4iuslik pluss sisaldab miinust. T\u00e4iuslikul patareil, akul on samuti plussid ja miinused. Lisame siia k\u00f5nek\u00e4\u00e4nud nagu &#8220;pole halba ilma heata&#8221;, &#8220;igal m\u00fcndil kaks poolt&#8221; jne. Ometi, kui m\u00f5tleme endast, teistest inimestest, olukordadest oma elus, n\u00e4eme t\u00e4iuslikkusena vaid seda, kui k\u00f5ik on h\u00e4sti, plusspoolel. Milleski eksimine aga t\u00e4hendab ju seda, et oled avastanud viisi, mis ei t\u00f6\u00f6ta. Oled omandanud kogemuse. Ja see on ju hea. Vigadest, oma vigadest \u00f5ppimine, on siin t\u00e4iesti okei, sellega pigem julgustatakse, et &#8220;<i>eksimine on ainus viis p\u00e4riselt \u00f5ppida<\/i>&#8220;, sest \u00f5ppimine t\u00e4hendab siin raamatutarkusest rohkemat, see t\u00e4hendab uute meetodite omandamist, teadmiste rakendamist. Teadmised on omandatud alles siis, kui oskad neid rakendada. Ilma selleta on need lihtsalt raamatutarkus.&nbsp;<\/p>\n<p>Ma olin 18, kui tegin Tallinna 37. Keskkoolis \u00f5ppides uurimust\u00f6\u00f6d Doris Karevast. Mu toonane emakeele\u00f5petaja on \u00fcks neist \u00f5petajatest, kes on j\u00e4\u00e4nud meelde just m\u00f5tteviisiga. Seal koolis oli \u00fcldse heas m\u00f5ttes s\u00e4ravaid leide \u00f5petajate seas ning ka mu toonased klassikaaslased on meelde j\u00e4\u00e4nud kui k\u00f5ik eraldi isiksused. Meid oli 21, aga k\u00f5ik olid isemoodi! See poolteist aastat avardas mu silmaringi v\u00e4gagi, ja kindlasti andis iseolemise julgust ka. Sellest iseolemise julgusest kantuna kirjutasin Doris Karevale (v\u00f5ib-olla ka helistasin, p\u00e4ris kindel enam pole) ja k\u00fcsisin, et kas ta oleks n\u00f5us andma mu uurimist\u00f6\u00f6 jaoks intervjuud. Me kohtusime uurimust\u00f6\u00f6ga seoses vast kolmel korral. Lugesin l\u00e4bi k\u00f5ik tema selleks hetkeks ilmunud luulekogud ja k\u00fcsimused olid paberi peal ette valmistatud, kuid alati tekkis ka selline vabam vestlus.&nbsp;<\/p>\n<div style=\"clear: both; text-align: center;\"><a href=\"https:\/\/birgit-itse.com\/wp-content\/uploads\/2020\/09\/20200919_163013.jpg\" style=\"clear: right; float: right; margin-bottom: 1em; margin-left: 1em;\"><img decoding=\"async\" border=\"0\" data-original-height=\"1536\" data-original-width=\"2048\" src=\"https:\/\/birgit-itse.com\/wp-content\/uploads\/2020\/09\/20200919_163013-300x225.jpg\" width=\"320\" \/><\/a><\/div>\n<\/p>\n<p>\u00dchel korral kerkis \u00fcles ka lause t\u00e4iuslikkusest, ideaalne olemisest. Ma ilmelt v\u00e4itsingi midagi s\u00e4\u00e4rast, et &#8220;ideaalset inimest pole olemas&#8221;, kuid tema vastuse kohaselt on ideaalsus eksistentsi v\u00f5imalus. \ud83d\udc48\ud83d\udc49Me oleme olemas, j\u00e4relikult oleme t\u00e4iuslikud, ideaalsed. Ma elasin selle najal v\u00e4hemalt aasta, kuniks hakkasin uskuma vastupidist, kuigi see lause hingitses minus endiselt. K\u00f5vasti h\u00fc\u00fcdmise asemel sosistasin seda aeg-ajalt endale. Kuniks eelmise aasta novembrini. Kui oli \u00fcks lause, mis ajendas mind Tulemusliku M\u00f5tlemise programmi \u00f5ppima minema, siis olid need kaks lauset, mis Kai Oja \u00fctles: &#8220;Birgit, sul ei ole mitte midagi viga. Sa oled t\u00e4iuslik.&#8221; K\u00f5ik, mis oli 20 aastaga paigast nihkunud, nihkus taas paika. Ajus pidevalt s\u00e4risenud l\u00fchis oli kadunud. Kuidas saab olla nii, et loodus me \u00fcmber on t\u00e4iuslik, inimene on looduse osa, aga inimene pole t\u00e4iuslik? Jah, alati on v\u00f5imalik midagi muuta, teha paremini, aga selge on ka see, et v\u00f5imatu on muuta ainult \u00fcht osa v\u00f5i aspekti elus. Muutes \u00fcht iseloomuomadust, muutub ka midagi muud. Kellegi standardi j\u00e4rgi paremaks, teiste j\u00e4rgi halvemaks. Selleks, et midagi saada, tuleb millesti loobuda. N\u00e4iteks m\u00f5tteviisist, mis kahjustab. Loobudes poolikult, miinusm\u00e4rgita elamisest, on v\u00f5imalik see asendada t\u00e4iuslikult elamise m\u00f5tteviisiga. End eksimuste korral \u00f5nnitleda &#8211; oled j\u00e4lle leidnud meetodi, mis ei toimi &#8211; ning minna edasi. Enese materdamine ei muuda k\u00fcll midagi paremaks. <b>Iga\u00fcks meist on t\u00e4iuslik.<\/b> Jah, sina ka, kes Sa seda praegu loed. Ma v\u00f5ib-olla ei tunnegi Sind, aga ma usun, et Sa oled t\u00e4iuslik.&nbsp;<\/p>\n<\/p>\n<div style=\"clear: both; text-align: center;\"><a href=\"https:\/\/birgit-itse.com\/wp-content\/uploads\/2020\/09\/20200926_143348.jpg\" style=\"clear: right; float: right; margin-bottom: 1em; margin-left: 1em;\"><img decoding=\"async\" border=\"0\" data-original-height=\"2609\" data-original-width=\"1205\" height=\"320\" src=\"https:\/\/birgit-itse.com\/wp-content\/uploads\/2020\/09\/20200926_143348-139x300.jpg\" \/><\/a><\/div>\n<p>Seep\u00e4rast, kui keegi k\u00fcsib, kuidas meil l\u00e4heb, vastan nii, nagu vastas mulle \u00fcks mu tuttavatest kunagi: &#8220;Iga p\u00e4evaga \u00fcha paremini!&#8221; K\u00fcmme aastat tagasi arvasin, et ta \u00fctleb seda naljaga pooleks, aga n\u00fc\u00fcd saan aru, et v\u00f5ib-olla ta ei teinudki nalja, sest kui ise seda \u00fctlen, tunnen, kuidas see absoluutselt t\u00f5ele vastab. Sest mul on mu sisemine vabadus. Iseenda loodud.&nbsp;<\/p>\n<p>Ma olen turvatunnet alati h\u00e4sti t\u00e4htsaks pidanud. Turvatunne on mulle seostunud kodu, kindla t\u00f6\u00f6koha, turvalise suhte, perekonna toetusega. K\u00f5ik v\u00e4lised tingimused. M\u00e4letan isegi, kuidas kord olin venna peale pahane, kui ta r\u00e4\u00e4kis, et \u00fckski mees ei suuda naisele turvatunnet anda, kui naises endas seda pole. N\u00fc\u00fcd saan aru, mida ta m\u00f5elda v\u00f5is, kuigi r\u00e4\u00e4kisime veidi \u00fcksteisest m\u00f6\u00f6da.\ud83d\ude4f Olen t\u00e4nulik, et mul on elus olnud ka n-\u00f6 tervendavaid suhteid, kus mehe kannatlikkus on aidanud armistuda haavadel, mis on tekkinud m\u00f5nedest varasematest suhetest. Olen saanud kogeda, kuidas teise inimese austus ja lugupidamine sinu suhtes \u00f5petab endast lugu pidama, end v\u00e4\u00e4rtustama ja armastama. \u00d5petab m\u00f5tlema, mida enda kohta \u00fctled, kuidas iseendaga r\u00e4\u00e4gid.&nbsp;<\/p>\n<p>Sisendusj\u00f5ud, meie eneste m\u00f5tete j\u00f5ud, on ikka meeletu. Kui J\u00e4rva Teatajas t\u00f6\u00f6tasin, oli selline sari vahepeal nagu P\u00f6\u00f6rdepunkt, ja siis ikka sai imestatud, kuidas&#8230; kuidas inimesed leiavad selle julguse, j\u00f5u, mis nende m\u00f5tetes k\u00fcll toimub. \ud83d\ude32Ma arvan, et see ligi 7 aastat oli selline vaikne kivisse augu uuristamise aeg. Et see tegelik rahutus, motivatsioonipuudus oli seotud muutustega minus enestes, millegagi, mida ma ei osanud s\u00f5nastada. Puutusin kokku k\u00f5igi nende imep\u00e4raste inimestega, kes tegid asju, millest nad olid unistanud, julgesid eristuda, vastuvoolu ujuda. Mul oli aga tunne, kuidas jooksen pidevalt peaga seina, mis asub t\u00e4pselt lahtise ukse k\u00f5rval. Ma teadsin v\u00e4ga t\u00e4pselt, mida ma ei tahtnud, aga mida ma tahtsin, seda ma ei teadnud.&nbsp;<\/p>\n<p><a href=\"https:\/\/birgit-itse.com\/wp-content\/uploads\/2020\/09\/20200922_085521.jpg\" style=\"clear: left; float: left; margin-bottom: 1em; margin-right: 1em; text-align: center;\"><img decoding=\"async\" border=\"0\" data-original-height=\"1205\" data-original-width=\"2609\" src=\"https:\/\/birgit-itse.com\/wp-content\/uploads\/2020\/09\/20200922_085521-300x139.jpg\" width=\"320\" \/><\/a>Ma suunasin energia sellesse, mida oskan h\u00e4sti &#8211; luua uut s\u00fcsteemi, protsesse k\u00e4ivitada. See \u00f5nnestus. Ettev\u00f5tte tulemused \u00fcletasid ootusi, kuid mina olin j\u00f5udnud j\u00e4rjekordse pettumuseni iseeneses. J\u00e4rjest enam tundus, et mu elu ei saagi olla t\u00e4iuslik, ja mida rohkem ma seda t\u00e4iuslikkust luua p\u00fc\u00fcan, seda rohkem k\u00f5ik koost laguneb. \ud83d\ude2bOmeti oli k\u00f5ik ju h\u00e4sti &#8211; ma oleksin pidanud olema \u00f5nnelik: kindel t\u00f6\u00f6koht ligi Eesti keskmise sissetulekuga, toetav partner, r\u00f5\u00f5msameelne ja heas\u00fcdamlik laps, talutavad suhted perekonnas, oma kodu, mille pangalaenust juba \u00fcle poole makstud, turvaline s\u00f5iduvahend, mille liisingu katab lisasissetulek. K\u00f5ik v\u00e4lised tingimused turvatundeks olid olemas. &#8220;Ole rahul, oska hinnata seda, mis sul on, on neid, kel on veel halvem,&#8221; k\u00f5las kui m\u00f5nitus, millele ma ei viitsinud l\u00f5puks enam vastatagi. Ma otsisin abi, ja leidsin seda. Ma ei saanud 100% k\u00f5igest aru, aga ahmisin neid v\u00e4rske \u00f5hu s\u00f5\u00f5musid Tiit K\u00f5nnussaare ja Hele Aluste juures. See k\u00f5ik muutis mu m\u00f5tlemist m\u00f5nev\u00f5rra, sain aru, et see on mu sisemine rahutus, millel on v\u00e4lisega v\u00e4he pistmist kui \u00fcldse. Ma sain r\u00e4\u00e4kida, v\u00f5imaluse s\u00f5nastada m\u00f5tteid, mis tr\u00fcgisid mu peas l\u00e4rmakalt.&nbsp;<\/p>\n<div style=\"clear: both; text-align: center;\"><a href=\"https:\/\/birgit-itse.com\/wp-content\/uploads\/2020\/09\/20200909_081219.jpg\" style=\"clear: left; float: left; margin-bottom: 1em; margin-right: 1em;\"><img decoding=\"async\" border=\"0\" data-original-height=\"1536\" data-original-width=\"2048\" src=\"https:\/\/birgit-itse.com\/wp-content\/uploads\/2020\/09\/20200909_081219-300x225.jpg\" width=\"320\" \/><\/a><\/div>\n<p>K\u00fcsisin endalt eile &#8211; kas olen praegu \u00f5nnelikum kui aasta tagasi. T\u00e4ie veendumusega vastasin jaatavalt, sest minu suhted perega on paremad kui iial varem. Minu suhe iseendaga on parem kui kunagi varem, sest ma tunnustan end ka eksimuste eest. \ud83d\udc9dMa elan k\u00fcll \u00fc\u00fcripinnal ning kasutan liiklemiseks tallataksot v\u00f5i \u00fchistransporti, kuid naudin sellega kaasnevat vaatlemisvabadust.&nbsp;<\/p>\n<div>N\u00fc\u00fcd tunnen, et olen ka p\u00e4riselt valmis k\u00f5igeks selleks materiaalseks k\u00fclluseks, sest see tuleb mu ellu minu sisemise vabaduse kaudu, kantuna positiivsetest emotsioonidest, mitte hirmust hinnangute, p\u00fc\u00fcetest vastata \u00fchiskonna keskmistele normidele. Ma tean, et meist v\u00f5ib olla raske aru saada, aga v\u00e4hemalt me ise saame endast ja \u00fcksteisest paremini aru, kui nt aasta tagasi v\u00f5i isegi \u00fcheksa kuud tagasi. Eneseareng ei ole minu jaoks enam midagi, mis seostub keskeakriisiga v\u00f5i &#8220;lillelapseks&#8221; olemisega. See on midagi, mis aitab leida vastused k\u00fcsimustele iseenda sees, ja sellega vastata ka k\u00fcsimustele, mida esitab j\u00e4reltulev p\u00f5lvkond. Ma olen \u00fcle saanud s\u00fc\u00fctundest, et ma &#8220;m\u00f5tlen liiga palju&#8221;.\ud83d\ude49 Arvestades, kui paljud inimesed tegutsevad ilma s\u00fcgavamalt m\u00f5tlemata, miks nad midagi teevad, siis on minu lahendusi otsiv m\u00f5istus minu tugevus.&nbsp;<\/p>\n<div><\/div>\n<div>Mu jaoks on t\u00e4iesti okei, et j\u00e4tkuvalt on inimesi, kes on kohutavalt skeptilised k\u00f5ige suhtes, mis me siin teeme, ja ootavad hetke, mil me &#8220;saba jalge vahel&#8221; Eestisse tagasi tuleme, sest ei saa ju olla, et kirjutamisega v\u00f5ib p\u00e4riselt \u00e4ra elada! V\u00f5ib k\u00fcll, kui m\u00f5tteviisi muuta. \u00dcksikisiku ja \u00fchiskonna tasandil.&nbsp;<\/div>\n<div>\ud83d\udcb8Siin n\u00e4iteks maksab 12-realine luuletus \u00a340 naela. Ja see on keskmine hinnatase. Kirjutada kolm 12-realist luuletust tunnis ei ole mulle v\u00e4ga keeruline.&nbsp;<\/div>\n<div>Samapalju maksab kuni 100-s\u00f5naline blogipostitus, ja see on isegi odav. 10 sotsiaalmeedia postitust &#8211; samuti ca \u00a340-\u00a350.&nbsp;<\/div>\n<div>Niikaua, kuni Eestis loomeinimesed ise oma t\u00f6\u00f6d ei v\u00e4\u00e4rtusta, niikaua ka keegi selle eest ei maksa. Milleks, kui internetist saab tasuta? Mul on ikka paar juhust olnud, kus tuttavad (isegi mitte need, keda s\u00f5braks nimetan), kirjutavad messengeri, et &#8220;kuule, viska \u00fcks luuletus, ma tahaks reklaammaterjalides kasutada&#8221;. Jah, ikka, 12 rida on 40\u20ac (mis on soodsam kui siinne hinnatase), ja vastus on 100% olnud &#8211; ma otsin midagi netist. Lihtsalt nii \u00e4\u00e4rem\u00e4rkuse korras olen neile maininud, et ka<i> netist v\u00f5etu<\/i> on m\u00f5ne autori looming.&nbsp;<\/div>\n<div style=\"clear: both; text-align: center;\"><a href=\"https:\/\/birgit-itse.com\/wp-content\/uploads\/2020\/09\/20200925_160118.jpg\" style=\"clear: right; float: right; margin-bottom: 1em; margin-left: 1em;\"><img fetchpriority=\"high\" decoding=\"async\" border=\"0\" data-original-height=\"2609\" data-original-width=\"1205\" height=\"640\" src=\"https:\/\/birgit-itse.com\/wp-content\/uploads\/2020\/09\/20200925_160118-139x300.jpg\" width=\"296\" \/><\/a><\/div>\n<p><\/p>\n<div>Seekordne postitus on olnud paljuski m\u00f5tteviisiga seotud. Muutustega meie m\u00f5tteviisis. Sest avastades \u0160otimaad, oleme avastanud \u00fcksiti endid. Oleme avastanud, mis on meile oluline ning milleks me tegelikult suutelised oleme. Ning k\u00f5ige olulisem on meil olemas. \ud83d\ude4fMeil on kodu, me \u00fcmber on inimesed, kes meist hoolivad ning me julgeme olla p\u00e4riselt need, kes me oleme. Julgeme m\u00f5elda ja jagada m\u00f5tteid, mis on Eesti keskmisest julgemad.&nbsp;<\/div>\n<div>Jah, unistused tegutsemiseta j\u00e4\u00e4vadki unistusteks, kuid kui unistused \u00e4ra v\u00f5tta, ja pelgalt tegutseda, siis tekib meil kohe k\u00fcsimus &#8211; mille v\u00f5i kelle nimel? Miks kellegi teise unistused ja m\u00f5tted on paremad kui minu omad? Miks on okei t\u00f6\u00f6tada kellegi teise unistuse t\u00e4itmise nimel, aga kui m\u00f5tled ja viid ellu enda unistust, siis seda v\u00f5ib teha justkui teatud piirini?&nbsp;<\/div>\n<div><\/div>\n<div>Eestist v\u00f5ttis Kutt kaasa armastuse Star Warsi vastu. \ud83c\udf1fTa on l\u00e4bi vaadanud k\u00f5ik filmid ja oskab r\u00e4\u00e4kida erinevate seal kasutatud m\u00f5\u00f5kade erinevusest, loomulikult teab peast k\u00f5iki tegelasi ning m\u00f5tleb oma peas uusi seiklusi v\u00e4lja. Ma ei tea, kui palju ta julges sellisest hetkest unistada, et tema kodut\u00e4naval sellised t\u00fc\u00fcbid ringi k\u00f5nnivad (ei s\u00f5idetud labaselt autoga treppi) ning talle reede p\u00e4rastl\u00f5unal k\u00fclla tulevad, aga l\u00f5pmata \u00f5nnelik oli ta k\u00fcll. Karbis on kohalikud maiustused &#8211; koogid, k\u00fcpsised ja iiris. Olid v\u00e4ga maitsvad. Selline teenus, kus printsessid ja lastele olulised filmitegelased k\u00e4ivad kodudes, on siin olemas aastaid. N\u00e4hes seda siirast, pisarateni r\u00f5\u00f5mu ja kogedes Kuti t\u00e4nulikkust, \u00fctlen, et see \u00a335 oli igati seda v\u00e4\u00e4rt.&nbsp;<\/div>\n<div>&#8220;Emme, ma kahtlustan, et sina organiseerisid selle!&#8221;&nbsp;<\/div>\n<div>&#8220;Jah, organiseerisin k\u00fcll. Sellep\u00e4rast ma tahtsingi, et sa need kodused dressid puhtamate riiete vastu vahetad.&#8221;&nbsp;<\/div>\n<div>&#8220;Kas me siis poodi ei l\u00e4hegi.&#8221;&nbsp;<\/div>\n<div>&#8220;Ei, plaanis k\u00fcll ei ole!&#8221;&nbsp;<\/div>\n<div>&#8220;Emmeee&#8230;.!&#8221;&nbsp;<\/div>\n<div>Veel pool tundi hiljemgi, kui esimene osa maiustustest oli juba s\u00f6\u00f6dud, m\u00e4rkis ta, et ta siiani sisemiselt v\u00e4riseb. Ma arvan, et meil tasus \u0160otimaale tulla k\u00fcll, v\u00f5i kuidas teile tundub? \ud83d\ude01<\/p>\n<div style=\"clear: both; text-align: center;\"><\/div>\n<p><\/p>\n<p><\/p>\n<\/div>\n<\/div>","protected":false},"excerpt":{"rendered":"<p>Eelmised 59 postitust kandis blogi nimetust &#8220;Jah, me saame hakkama!&#8221;, kuid praeguseks oleme me Kutiga j\u00f5udnud m\u00f5tteviisis sinnamaale, kus oleme omaks v\u00f5tnud, et juba ammu on meie praegune toimetamine siin rohkemat lihtsalt hakkama saamisest. \ud83d\ude0eEt see on avastamisr\u00f5\u00f5m, mida siin jagame.&nbsp; Tekkinud on mingi s\u00fcgavam arusaam iseendast, oma v\u00f5imetest ja siinsetest v\u00f5imalustest, ning sellest, kuidas [&hellip;]<\/p>\n","protected":false},"author":2,"featured_media":1130,"comment_status":"open","ping_status":"open","sticky":false,"template":"","format":"standard","meta":{"footnotes":""},"categories":[97,63,21,101,100,96,98,48,79,99,61],"tags":[],"class_list":["post-964","post","type-post","status-publish","format-standard","has-post-thumbnail","hentry","category-doris-kareva","category-eesti-kirjanik","category-eestlane-sotimaal","category-eksimused","category-enese-vaartustamine","category-jarva-teataja","category-julgus-elada","category-lapsega-valismaale-kolimine","category-motteviis","category-taiuslikkus","category-valiseesti-kirjandus","entry","has-media","owp-thumbs-layout-horizontal","owp-btn-normal","owp-tabs-layout-horizontal","has-no-thumbnails","has-product-nav"],"yoast_head":"<!-- This site is optimized with the Yoast SEO plugin v27.4 - https:\/\/yoast.com\/product\/yoast-seo-wordpress\/ -->\n<title>Miks ma blogi nimetust muutsin? - Birgit Itse - Be Inspired<\/title>\n<meta name=\"robots\" content=\"index, follow, max-snippet:-1, max-image-preview:large, max-video-preview:-1\" \/>\n<link rel=\"canonical\" href=\"https:\/\/www.birgit-itse.com\/et\/miks-ma-blogi-nimetust-muutsin\/\" \/>\n<meta property=\"og:locale\" content=\"et_EE\" \/>\n<meta property=\"og:type\" content=\"article\" \/>\n<meta property=\"og:title\" content=\"Miks ma blogi nimetust muutsin? - Birgit Itse - Be Inspired\" \/>\n<meta property=\"og:description\" content=\"Eelmised 59 postitust kandis blogi nimetust &#8220;Jah, me saame hakkama!&#8221;, kuid praeguseks oleme me Kutiga j\u00f5udnud m\u00f5tteviisis sinnamaale, kus oleme omaks v\u00f5tnud, et juba ammu on meie praegune toimetamine siin rohkemat lihtsalt hakkama saamisest. \ud83d\ude0eEt see on avastamisr\u00f5\u00f5m, mida siin jagame.&nbsp; Tekkinud on mingi s\u00fcgavam arusaam iseendast, oma v\u00f5imetest ja siinsetest v\u00f5imalustest, ning sellest, kuidas [&hellip;]\" \/>\n<meta property=\"og:url\" content=\"https:\/\/www.birgit-itse.com\/et\/miks-ma-blogi-nimetust-muutsin\/\" \/>\n<meta property=\"og:site_name\" content=\"Birgit Itse - Be Inspired\" \/>\n<meta property=\"article:published_time\" content=\"2020-09-28T09:49:00+00:00\" \/>\n<meta property=\"article:modified_time\" content=\"2021-08-25T09:33:13+00:00\" \/>\n<meta property=\"og:image\" content=\"https:\/\/www.birgit-itse.com\/wp-content\/uploads\/2020\/09\/20200926_144359.jpg\" \/>\n\t<meta property=\"og:image:width\" content=\"768\" \/>\n\t<meta property=\"og:image:height\" content=\"1024\" \/>\n\t<meta property=\"og:image:type\" content=\"image\/jpeg\" \/>\n<meta name=\"author\" content=\"Birgit\" \/>\n<meta name=\"twitter:card\" content=\"summary_large_image\" \/>\n<meta name=\"twitter:label1\" content=\"Written by\" \/>\n\t<meta name=\"twitter:data1\" content=\"Birgit\" \/>\n\t<meta name=\"twitter:label2\" content=\"Est. reading time\" \/>\n\t<meta name=\"twitter:data2\" content=\"10 minutit\" \/>\n<script type=\"application\/ld+json\" class=\"yoast-schema-graph\">{\"@context\":\"https:\\\/\\\/schema.org\",\"@graph\":[{\"@type\":\"Article\",\"@id\":\"https:\\\/\\\/www.birgit-itse.com\\\/miks-ma-blogi-nimetust-muutsin\\\/#article\",\"isPartOf\":{\"@id\":\"https:\\\/\\\/www.birgit-itse.com\\\/miks-ma-blogi-nimetust-muutsin\\\/\"},\"author\":{\"name\":\"Birgit\",\"@id\":\"https:\\\/\\\/birgit-itse.com\\\/#\\\/schema\\\/person\\\/3f7c1c34cf70c1ed6f580544f8ae6b7b\"},\"headline\":\"Miks ma blogi nimetust muutsin?\",\"datePublished\":\"2020-09-28T09:49:00+00:00\",\"dateModified\":\"2021-08-25T09:33:13+00:00\",\"mainEntityOfPage\":{\"@id\":\"https:\\\/\\\/www.birgit-itse.com\\\/miks-ma-blogi-nimetust-muutsin\\\/\"},\"wordCount\":1936,\"commentCount\":0,\"publisher\":{\"@id\":\"https:\\\/\\\/birgit-itse.com\\\/#organization\"},\"image\":{\"@id\":\"https:\\\/\\\/www.birgit-itse.com\\\/miks-ma-blogi-nimetust-muutsin\\\/#primaryimage\"},\"thumbnailUrl\":\"https:\\\/\\\/birgit-itse.com\\\/wp-content\\\/uploads\\\/2020\\\/09\\\/20200926_144359.jpg\",\"articleSection\":[\"doris kareva\",\"eesti kirjanik\",\"eestlane \u0161otimaal\",\"eksimused\",\"enese v\u00e4\u00e4rtustamine\",\"J\u00e4rva Teataja\",\"julgus elada\",\"lapsega v\u00e4lismaale kolimine\",\"m\u00f5tteviis\",\"t\u00e4iuslikkus\",\"v\u00e4liseesti kirjandus\"],\"inLanguage\":\"et\"},{\"@type\":\"WebPage\",\"@id\":\"https:\\\/\\\/www.birgit-itse.com\\\/miks-ma-blogi-nimetust-muutsin\\\/\",\"url\":\"https:\\\/\\\/www.birgit-itse.com\\\/miks-ma-blogi-nimetust-muutsin\\\/\",\"name\":\"Miks ma blogi nimetust muutsin? - Birgit Itse - Be Inspired\",\"isPartOf\":{\"@id\":\"https:\\\/\\\/birgit-itse.com\\\/#website\"},\"primaryImageOfPage\":{\"@id\":\"https:\\\/\\\/www.birgit-itse.com\\\/miks-ma-blogi-nimetust-muutsin\\\/#primaryimage\"},\"image\":{\"@id\":\"https:\\\/\\\/www.birgit-itse.com\\\/miks-ma-blogi-nimetust-muutsin\\\/#primaryimage\"},\"thumbnailUrl\":\"https:\\\/\\\/birgit-itse.com\\\/wp-content\\\/uploads\\\/2020\\\/09\\\/20200926_144359.jpg\",\"datePublished\":\"2020-09-28T09:49:00+00:00\",\"dateModified\":\"2021-08-25T09:33:13+00:00\",\"breadcrumb\":{\"@id\":\"https:\\\/\\\/www.birgit-itse.com\\\/miks-ma-blogi-nimetust-muutsin\\\/#breadcrumb\"},\"inLanguage\":\"et\",\"potentialAction\":[{\"@type\":\"ReadAction\",\"target\":[\"https:\\\/\\\/www.birgit-itse.com\\\/miks-ma-blogi-nimetust-muutsin\\\/\"]}]},{\"@type\":\"ImageObject\",\"inLanguage\":\"et\",\"@id\":\"https:\\\/\\\/www.birgit-itse.com\\\/miks-ma-blogi-nimetust-muutsin\\\/#primaryimage\",\"url\":\"https:\\\/\\\/birgit-itse.com\\\/wp-content\\\/uploads\\\/2020\\\/09\\\/20200926_144359.jpg\",\"contentUrl\":\"https:\\\/\\\/birgit-itse.com\\\/wp-content\\\/uploads\\\/2020\\\/09\\\/20200926_144359.jpg\",\"width\":768,\"height\":1024},{\"@type\":\"BreadcrumbList\",\"@id\":\"https:\\\/\\\/www.birgit-itse.com\\\/miks-ma-blogi-nimetust-muutsin\\\/#breadcrumb\",\"itemListElement\":[{\"@type\":\"ListItem\",\"position\":1,\"name\":\"Home\",\"item\":\"https:\\\/\\\/birgit-itse.com\\\/\"},{\"@type\":\"ListItem\",\"position\":2,\"name\":\"Miks ma blogi nimetust muutsin?\"}]},{\"@type\":\"WebSite\",\"@id\":\"https:\\\/\\\/birgit-itse.com\\\/#website\",\"url\":\"https:\\\/\\\/birgit-itse.com\\\/\",\"name\":\"Birgit Itse - Be Inspired\",\"description\":\"Ghostwriter, Author, Keynote Speaker\",\"publisher\":{\"@id\":\"https:\\\/\\\/birgit-itse.com\\\/#organization\"},\"potentialAction\":[{\"@type\":\"SearchAction\",\"target\":{\"@type\":\"EntryPoint\",\"urlTemplate\":\"https:\\\/\\\/birgit-itse.com\\\/?s={search_term_string}\"},\"query-input\":{\"@type\":\"PropertyValueSpecification\",\"valueRequired\":true,\"valueName\":\"search_term_string\"}}],\"inLanguage\":\"et\"},{\"@type\":\"Organization\",\"@id\":\"https:\\\/\\\/birgit-itse.com\\\/#organization\",\"name\":\"Birgit Itse - Be Inspired\",\"url\":\"https:\\\/\\\/birgit-itse.com\\\/\",\"logo\":{\"@type\":\"ImageObject\",\"inLanguage\":\"et\",\"@id\":\"https:\\\/\\\/birgit-itse.com\\\/#\\\/schema\\\/logo\\\/image\\\/\",\"url\":\"https:\\\/\\\/birgit-itse.com\\\/wp-content\\\/uploads\\\/2020\\\/10\\\/cropped-Birgit-name-logo-orange.png\",\"contentUrl\":\"https:\\\/\\\/birgit-itse.com\\\/wp-content\\\/uploads\\\/2020\\\/10\\\/cropped-Birgit-name-logo-orange.png\",\"width\":1326,\"height\":841,\"caption\":\"Birgit Itse - Be Inspired\"},\"image\":{\"@id\":\"https:\\\/\\\/birgit-itse.com\\\/#\\\/schema\\\/logo\\\/image\\\/\"}},{\"@type\":\"Person\",\"@id\":\"https:\\\/\\\/birgit-itse.com\\\/#\\\/schema\\\/person\\\/3f7c1c34cf70c1ed6f580544f8ae6b7b\",\"name\":\"Birgit\",\"image\":{\"@type\":\"ImageObject\",\"inLanguage\":\"et\",\"@id\":\"https:\\\/\\\/secure.gravatar.com\\\/avatar\\\/?s=96&d=mm&r=g\",\"url\":\"https:\\\/\\\/secure.gravatar.com\\\/avatar\\\/?s=96&d=mm&r=g\",\"contentUrl\":\"https:\\\/\\\/secure.gravatar.com\\\/avatar\\\/?s=96&d=mm&r=g\",\"caption\":\"Birgit\"},\"url\":\"https:\\\/\\\/www.birgit-itse.com\\\/et\\\/author\\\/birgit\\\/\"}]}<\/script>\n<!-- \/ Yoast SEO plugin. -->","yoast_head_json":{"title":"Miks ma blogi nimetust muutsin? - Birgit Itse - Be Inspired","robots":{"index":"index","follow":"follow","max-snippet":"max-snippet:-1","max-image-preview":"max-image-preview:large","max-video-preview":"max-video-preview:-1"},"canonical":"https:\/\/www.birgit-itse.com\/et\/miks-ma-blogi-nimetust-muutsin\/","og_locale":"et_EE","og_type":"article","og_title":"Miks ma blogi nimetust muutsin? - Birgit Itse - Be Inspired","og_description":"Eelmised 59 postitust kandis blogi nimetust &#8220;Jah, me saame hakkama!&#8221;, kuid praeguseks oleme me Kutiga j\u00f5udnud m\u00f5tteviisis sinnamaale, kus oleme omaks v\u00f5tnud, et juba ammu on meie praegune toimetamine siin rohkemat lihtsalt hakkama saamisest. \ud83d\ude0eEt see on avastamisr\u00f5\u00f5m, mida siin jagame.&nbsp; Tekkinud on mingi s\u00fcgavam arusaam iseendast, oma v\u00f5imetest ja siinsetest v\u00f5imalustest, ning sellest, kuidas [&hellip;]","og_url":"https:\/\/www.birgit-itse.com\/et\/miks-ma-blogi-nimetust-muutsin\/","og_site_name":"Birgit Itse - Be Inspired","article_published_time":"2020-09-28T09:49:00+00:00","article_modified_time":"2021-08-25T09:33:13+00:00","og_image":[{"width":768,"height":1024,"url":"https:\/\/www.birgit-itse.com\/wp-content\/uploads\/2020\/09\/20200926_144359.jpg","type":"image\/jpeg"}],"author":"Birgit","twitter_card":"summary_large_image","twitter_misc":{"Written by":"Birgit","Est. reading time":"10 minutit"},"schema":{"@context":"https:\/\/schema.org","@graph":[{"@type":"Article","@id":"https:\/\/www.birgit-itse.com\/miks-ma-blogi-nimetust-muutsin\/#article","isPartOf":{"@id":"https:\/\/www.birgit-itse.com\/miks-ma-blogi-nimetust-muutsin\/"},"author":{"name":"Birgit","@id":"https:\/\/birgit-itse.com\/#\/schema\/person\/3f7c1c34cf70c1ed6f580544f8ae6b7b"},"headline":"Miks ma blogi nimetust muutsin?","datePublished":"2020-09-28T09:49:00+00:00","dateModified":"2021-08-25T09:33:13+00:00","mainEntityOfPage":{"@id":"https:\/\/www.birgit-itse.com\/miks-ma-blogi-nimetust-muutsin\/"},"wordCount":1936,"commentCount":0,"publisher":{"@id":"https:\/\/birgit-itse.com\/#organization"},"image":{"@id":"https:\/\/www.birgit-itse.com\/miks-ma-blogi-nimetust-muutsin\/#primaryimage"},"thumbnailUrl":"https:\/\/birgit-itse.com\/wp-content\/uploads\/2020\/09\/20200926_144359.jpg","articleSection":["doris kareva","eesti kirjanik","eestlane \u0161otimaal","eksimused","enese v\u00e4\u00e4rtustamine","J\u00e4rva Teataja","julgus elada","lapsega v\u00e4lismaale kolimine","m\u00f5tteviis","t\u00e4iuslikkus","v\u00e4liseesti kirjandus"],"inLanguage":"et"},{"@type":"WebPage","@id":"https:\/\/www.birgit-itse.com\/miks-ma-blogi-nimetust-muutsin\/","url":"https:\/\/www.birgit-itse.com\/miks-ma-blogi-nimetust-muutsin\/","name":"Miks ma blogi nimetust muutsin? - Birgit Itse - Be Inspired","isPartOf":{"@id":"https:\/\/birgit-itse.com\/#website"},"primaryImageOfPage":{"@id":"https:\/\/www.birgit-itse.com\/miks-ma-blogi-nimetust-muutsin\/#primaryimage"},"image":{"@id":"https:\/\/www.birgit-itse.com\/miks-ma-blogi-nimetust-muutsin\/#primaryimage"},"thumbnailUrl":"https:\/\/birgit-itse.com\/wp-content\/uploads\/2020\/09\/20200926_144359.jpg","datePublished":"2020-09-28T09:49:00+00:00","dateModified":"2021-08-25T09:33:13+00:00","breadcrumb":{"@id":"https:\/\/www.birgit-itse.com\/miks-ma-blogi-nimetust-muutsin\/#breadcrumb"},"inLanguage":"et","potentialAction":[{"@type":"ReadAction","target":["https:\/\/www.birgit-itse.com\/miks-ma-blogi-nimetust-muutsin\/"]}]},{"@type":"ImageObject","inLanguage":"et","@id":"https:\/\/www.birgit-itse.com\/miks-ma-blogi-nimetust-muutsin\/#primaryimage","url":"https:\/\/birgit-itse.com\/wp-content\/uploads\/2020\/09\/20200926_144359.jpg","contentUrl":"https:\/\/birgit-itse.com\/wp-content\/uploads\/2020\/09\/20200926_144359.jpg","width":768,"height":1024},{"@type":"BreadcrumbList","@id":"https:\/\/www.birgit-itse.com\/miks-ma-blogi-nimetust-muutsin\/#breadcrumb","itemListElement":[{"@type":"ListItem","position":1,"name":"Home","item":"https:\/\/birgit-itse.com\/"},{"@type":"ListItem","position":2,"name":"Miks ma blogi nimetust muutsin?"}]},{"@type":"WebSite","@id":"https:\/\/birgit-itse.com\/#website","url":"https:\/\/birgit-itse.com\/","name":"Birgit Itse - Be Inspired","description":"Ghostwriter, Author, Keynote Speaker","publisher":{"@id":"https:\/\/birgit-itse.com\/#organization"},"potentialAction":[{"@type":"SearchAction","target":{"@type":"EntryPoint","urlTemplate":"https:\/\/birgit-itse.com\/?s={search_term_string}"},"query-input":{"@type":"PropertyValueSpecification","valueRequired":true,"valueName":"search_term_string"}}],"inLanguage":"et"},{"@type":"Organization","@id":"https:\/\/birgit-itse.com\/#organization","name":"Birgit Itse - Be Inspired","url":"https:\/\/birgit-itse.com\/","logo":{"@type":"ImageObject","inLanguage":"et","@id":"https:\/\/birgit-itse.com\/#\/schema\/logo\/image\/","url":"https:\/\/birgit-itse.com\/wp-content\/uploads\/2020\/10\/cropped-Birgit-name-logo-orange.png","contentUrl":"https:\/\/birgit-itse.com\/wp-content\/uploads\/2020\/10\/cropped-Birgit-name-logo-orange.png","width":1326,"height":841,"caption":"Birgit Itse - Be Inspired"},"image":{"@id":"https:\/\/birgit-itse.com\/#\/schema\/logo\/image\/"}},{"@type":"Person","@id":"https:\/\/birgit-itse.com\/#\/schema\/person\/3f7c1c34cf70c1ed6f580544f8ae6b7b","name":"Birgit","image":{"@type":"ImageObject","inLanguage":"et","@id":"https:\/\/secure.gravatar.com\/avatar\/?s=96&d=mm&r=g","url":"https:\/\/secure.gravatar.com\/avatar\/?s=96&d=mm&r=g","contentUrl":"https:\/\/secure.gravatar.com\/avatar\/?s=96&d=mm&r=g","caption":"Birgit"},"url":"https:\/\/www.birgit-itse.com\/et\/author\/birgit\/"}]}},"_links":{"self":[{"href":"https:\/\/www.birgit-itse.com\/et\/wp-json\/wp\/v2\/posts\/964","targetHints":{"allow":["GET"]}}],"collection":[{"href":"https:\/\/www.birgit-itse.com\/et\/wp-json\/wp\/v2\/posts"}],"about":[{"href":"https:\/\/www.birgit-itse.com\/et\/wp-json\/wp\/v2\/types\/post"}],"author":[{"embeddable":true,"href":"https:\/\/www.birgit-itse.com\/et\/wp-json\/wp\/v2\/users\/2"}],"replies":[{"embeddable":true,"href":"https:\/\/www.birgit-itse.com\/et\/wp-json\/wp\/v2\/comments?post=964"}],"version-history":[{"count":1,"href":"https:\/\/www.birgit-itse.com\/et\/wp-json\/wp\/v2\/posts\/964\/revisions"}],"predecessor-version":[{"id":1136,"href":"https:\/\/www.birgit-itse.com\/et\/wp-json\/wp\/v2\/posts\/964\/revisions\/1136"}],"wp:featuredmedia":[{"embeddable":true,"href":"https:\/\/www.birgit-itse.com\/et\/wp-json\/wp\/v2\/media\/1130"}],"wp:attachment":[{"href":"https:\/\/www.birgit-itse.com\/et\/wp-json\/wp\/v2\/media?parent=964"}],"wp:term":[{"taxonomy":"category","embeddable":true,"href":"https:\/\/www.birgit-itse.com\/et\/wp-json\/wp\/v2\/categories?post=964"},{"taxonomy":"post_tag","embeddable":true,"href":"https:\/\/www.birgit-itse.com\/et\/wp-json\/wp\/v2\/tags?post=964"}],"curies":[{"name":"wp","href":"https:\/\/api.w.org\/{rel}","templated":true}]}}