{"id":965,"date":"2020-09-21T09:04:00","date_gmt":"2020-09-21T09:04:00","guid":{"rendered":"https:\/\/birgit-itse.com\/2020\/09\/21\/kutt-kogub-kuulsust-%f0%9f%98%82\/"},"modified":"2020-09-21T09:04:00","modified_gmt":"2020-09-21T09:04:00","slug":"kutt-kogub-kuulsust-%f0%9f%98%82","status":"publish","type":"post","link":"https:\/\/www.birgit-itse.com\/et\/kutt-kogub-kuulsust-%f0%9f%98%82\/","title":{"rendered":"Kutt kogub kuulsust \ud83d\ude02"},"content":{"rendered":"<div style=\"clear: both; text-align: center;\"><a href=\"https:\/\/www.instagram.com\/the.art.of.the.unkown\/\" style=\"clear: left; float: left; margin-bottom: 1em; margin-right: 1em;\" target=\"_blank\" rel=\"noopener\"><img decoding=\"async\" border=\"0\" data-original-height=\"500\" data-original-width=\"500\" height=\"320\" src=\"https:\/\/1.bp.blogspot.com\/-IxOcjgElHao\/X2hSHHid2JI\/AAAAAAAAPQw\/uwkLM_y6ADwkFaCwyKNOyBiChUFPkyJ1ACLcBGAsYHQ\/s320\/119646065_1006674843133388_5982831275154000448_n.png\" \/><\/a><\/div>\n<p>Kuti ettev\u00f5tlikkust olen ma varem ka maininud, aga eelmisel n\u00e4dalavahetusel tekitas ta s\u00f5na otseses m\u00f5ttes rahvusvahelist elevust.&nbsp;<\/p>\n<div>\ud83d\udc40<\/p>\n<div>Augusti l\u00f5pus k\u00fcsisin ta k\u00e4est, et kas ta tahaks osaleda David Conway kahep\u00e4evasel tasuta seminaril, kus \u00f5petatakse eesm\u00e4rke ja sihte seadma. Ta oli v\u00e4ga huvitatud. Niisiis, panin kirja ja istusime 12. septembri p\u00e4rastl\u00f5unal arvuti taha. Esimese p\u00e4eva teema oligi siht, elu m\u00f5te &#8211; see miski, mis kannustab meid tegema seda, mida tahame, see miski, mis on justkui vesi meie veskile, k\u00fcte me s\u00f5idukile, mis hoiab fookust ka siis, kui motivatsioon kaduma kipub.&nbsp;<\/p>\n<p>\u00dchel hetkel tekkis v\u00f5imalus oma m\u00f5tteid jagada. Kuna olen Conway seminaridel varemgi osalenud, siis mul oli see kirjas varasemast. Kutil mitte, aga ta s\u00f5nastas selle \u00fcsna kiiresti ja jagas ka enda oma: <i>Olla maailma rikkaim inimene, et aidata t\u00f5usta paremale j\u00e4rjele ka teistel v\u00e4ikestel ettev\u00f5tetel, lisaks m\u00e4ngida golfi. <\/i>\ud83d\udcaa\ud83d\udc4d<\/p>\n<\/p>\n<div style=\"clear: both; text-align: center;\"><a href=\"https:\/\/1.bp.blogspot.com\/-RcEp3lEjrKY\/X2hX0qxU-hI\/AAAAAAAAPRA\/tQMJ65TO1EEvLHiYkA4dD_RuduJYkdt0gCLcBGAsYHQ\/s1385\/119238592_2147020845432745_5346576358341353371_o.jpg\" style=\"clear: left; float: left; margin-bottom: 1em; margin-right: 1em;\"><img decoding=\"async\" border=\"0\" data-original-height=\"1385\" data-original-width=\"640\" height=\"320\" src=\"https:\/\/1.bp.blogspot.com\/-RcEp3lEjrKY\/X2hX0qxU-hI\/AAAAAAAAPRA\/tQMJ65TO1EEvLHiYkA4dD_RuduJYkdt0gCLcBGAsYHQ\/s320\/119238592_2147020845432745_5346576358341353371_o.jpg\" \/><\/a><\/div>\n<p>Enne, kui muigama hakkate, m\u00f5elge, kas teil on kirjalikult s\u00f5nastatud, mis on k\u00f5ikide teie tegemiste ajend, teadmine &#8211; just seda ma olengi s\u00fcndinud siia ilma tegema? Kas see oli teil teada ja kirjas ka 12-aastaselt? Mina m\u00e4ngisin 12-aastaselt veel nukkudega ning elu m\u00f5ttest, visioonist ning igap\u00e4evastest eesm\u00e4rkide seadmisest v\u00f5i \u00fcldse eesm\u00e4rkide seadmise abistavast toimest ei teadnud ma midagi.&nbsp;<\/p>\n<p>Igal juhul avaldas tema v\u00e4lja\u00fctlemine muljet ning Dave Conway k\u00fcsis t\u00e4psustavaid k\u00fcsimusi sh seda, palju Kutt \u00fches kuus teenida tahaks.\ud83e\udd11 \u00a310 000, oli vastus. Millal? Juba selle aasta l\u00f5pus. Jahmatus on v\u00e4he \u00f6eldud kirjeldamaks minu reaktsiooni. Jacqueline Conway, turunduseksperdi reaktsioon oli kohene &#8211; ma aitan Sul selle saavutada. Kokku oli seminaril ca 125 inimest \u00fcle maailma, ja see, mis vestlusaknas lahti l\u00e4ks, oli p\u00f6\u00f6rane! \ud83d\ude32 Kutil v\u00f5ttis silma m\u00e4rjaks, ja see veel v\u00f5imendas seda toetuste tormi. Ei l\u00e4inud kaua, kui David samuti valjult v\u00e4lja \u00fctles, et ta aitab Kutil selle eesm\u00e4rgi saavutada. Tema senine k\u00f5ige noorem juhendatav on olnud 13-aastane, kes eelmises kuus teenis 5000$.&nbsp;<\/p>\n<p>Kokku kestis see seminar 2 p\u00e4eva, m\u00f5lemal p\u00e4eval 4 tundi, meie aja j\u00e4rgi algas kell 17, aga David ja Jacqueline elavad Kanadas. Teisel p\u00e4eval oli fookuses visiooni loomine ning eesm\u00e4rkide seadmine ning seal jooksis ka Kutil sulg h\u00e4sti. Tulemuseks 7 lehek\u00fclge m\u00e4rkmeid, mul \u00fcks lehek\u00fclg rohkem. Esmasp\u00e4eva \u00f5htul oli siis \u00fcks-\u00fchele k\u00f5ne Davidiga ning Kutt sai konkreetsed juhised, kuidas eesm\u00e4rgi poole liikuma hakata. \ud83d\udc99\ud83d\udc66Ainus juhendamise tingimus Kutile on see, et ta teeb t\u00e4pselt nii, nagu talle \u00f6eldakse. Jacqueline aga kutsus teda oma turunduskoolitusele, kus \u00fclej\u00e4\u00e4nud on k\u00f5ik t\u00e4iskasvanud. See hakkab oktoobris ja toimub reede \u00f5htuti. Jah, nad teevad seda tasuta, sest Kutt teab, mida ta tahab, ja nende hinnangul on ta eeskujuks mitte ainult omaealistele vaid ka t\u00e4iskasvanutele, kes ei leia endas julgust teha neid asju, mida nad p\u00e4riselt tahavad ega julge seada piisavalt k\u00f5rgeid sihte. Inimestena on nad v\u00e4ga soojad ja julgustavad.&nbsp;<\/p>\n<p>Aitasin siis Kutile Instagrami konto ka teha, sest seal p\u00e4\u00e4seb visuaal paremini m\u00f5jule kui Facebookis.<\/p>\n<div style=\"clear: both; text-align: center;\"><a href=\"https:\/\/1.bp.blogspot.com\/-g7oA7WnVwDY\/X2hakJG3xiI\/AAAAAAAAPRQ\/5fdztIkLXN8trjnSK7HfEAE2oBjGHbLVgCLcBGAsYHQ\/s500\/118149240_1261389840869299_1445132649840565528_n.png\" style=\"clear: right; float: right; margin-bottom: 1em; margin-left: 1em;\"><img decoding=\"async\" border=\"0\" data-original-height=\"500\" data-original-width=\"500\" height=\"320\" src=\"https:\/\/1.bp.blogspot.com\/-g7oA7WnVwDY\/X2hakJG3xiI\/AAAAAAAAPRQ\/5fdztIkLXN8trjnSK7HfEAE2oBjGHbLVgCLcBGAsYHQ\/s320\/118149240_1261389840869299_1445132649840565528_n.png\" \/><\/a><\/div>\n<p>Praegu keskendubki ta kolmele asjale: logodele, pisi-ja kaanepiltidele sotsiaalmeedias ning erilahendusega sotsiaalmeedia postitustele (sh liikuvad pildid). Kui esialgu kasutas ta vaid Canvat, siis n\u00fc\u00fcd on paar vabavara programmi juurde tulnud, mida ta saab kasutada ning tulemuse kokku panna.&nbsp;<\/p>\n<p>\ud83d\ude00Kusjuures, kohati on tema digitaalsed oskused paremad kui minul, sest selle tausta tegi ta samuti ise &#8211; kuidas selliseid asju teha, mina ei teagi.&nbsp;<\/p>\n<p>Ettev\u00f5tte nime, mille v\u00f5iks t\u00f5lkida kui &#8220;Tundmatu Kunst&#8221;, m\u00f5tles ta samuti ise v\u00e4lja. Mulle ja ka teistele turundusvaldkonna inimestele see meeldib, m\u00e4nguline, mitmet\u00e4henduslik &#8211; kunst kui visuaalne tulem, aga ka kui oskus. Tundmatu, sest autor visuaali taga j\u00e4\u00e4b tundmatuks ning tundmatu, sest ta teeb midagi, mida kliendid ei oska v\u00f5i millele ei soovi aega p\u00fchendada. Kel IG kontod olemas, leiab selle ettev\u00f5tte v\u00f5i Kuti nime j\u00e4rgi ta sealt \u00fcles. \ud83d\ude4fKui endal vaja ei l\u00e4he, jagage infot, kommenteerige v\u00f5i m\u00e4rkige pildid meeldivaks &#8211; teile ei maksa see midagi, kuid IG ja FB n\u00e4eb, et tegemist olulise lehega ning lehe n\u00e4htavus paraneb. Tema IG kontole saab ka, kui sellele esimesele, punasele pildile kl\u00f5psata.&nbsp;<\/p>\n<p>Minu t\u00f6\u00f6alastest asjadest on viimasel kahel n\u00e4dalal olnud p\u00f5hifookus kodulehek\u00fcljel, mille materjali <\/p>\n<div style=\"clear: both; text-align: center;\"><a href=\"https:\/\/1.bp.blogspot.com\/birgit-itse-8116.jpg\" style=\"clear: right; float: right; margin-bottom: 1em; margin-left: 1em;\"><img decoding=\"async\" border=\"0\" data-original-height=\"1001\" data-original-width=\"1500\" src=\"https:\/\/1.bp.blogspot.com\/-p8T5RpOpKWs\/X2hh5aMf6mI\/AAAAAAAAPRc\/m3dvDqIhNTgoIBqIkToD9iqriku6r7jHwCLcBGAsYHQ\/s320\/20200611-GMB_8116.jpg\" width=\"320\" \/><\/a><\/div>\n<p>ma 11. septembril \u00e4ra saatsin, samuti olen uurinud raamatu Amazoni m\u00fc\u00fcki panekut ja saanud aru, et sellises formaadis seda ilmselgelt rohkem ei tr\u00fckita. Seega, k\u00f5ik esmatiraa\u017ei omanikud v\u00f5ivad end haruldase eksemplari puhul \u00f5nnitleda. \ud83d\ude00 Nimelt puudub Amazonis sellises suuruses lapik formaat v\u00e4rviliste piltidega raamatule, mis t\u00e4hendab, et kogu kujundus tuleb uuesti teha. Kirjastusega olen juba r\u00e4\u00e4kinud, n\u00fc\u00fcd tuleb lihtsalt tegutsema hakata. \ud83d\udcaa Kodulehek\u00fclje osas peaksin varsti n\u00e4gema esimest varianti. Kui on valmis, siis saan esitleda. \u00dcks osa kodulehek\u00fcljest on ka lugejate\/koost\u00f6\u00f6partnerite tagasiside. Seega, kui oled valmis jagama h\u00e4id s\u00f5nu minu aadressil, kirjuta mulle julgesti, et saaksin need kodulehek\u00fcljele teistelegi julgustuseks panna.&nbsp;<\/p>\n<p>Toredamatest koost\u00f6\u00f6projektidest siin t\u00f5stan esile t\u00e4nukaartide kollektsiooni kohaliku kunstniku <a href=\"https:\/\/www.gemmahareartist.com\/\" target=\"_blank\" rel=\"noopener\">Gemma Hare<\/a>&#8216;iga. Tema maalib putukaid, ja me seostasime iga putuka elukutsega, mis on 2020 olnud suurema t\u00e4helepanu all. Mina kirjutasin temaatilised luuletused nii tervishoiut\u00f6\u00f6tajate, aga ka kaupluseteenindajate, \u00f5petajate jms kohta.&nbsp;<\/p>\n<p>Teine teema on olnud seotud h\u00fcpnovanemlusega. Jah, eesti keeles seda s\u00f5na, ja isegi valdkonda ei eksisteerigi veel, kuid siin on see \u00fcsna levinud. Tegemist siis h\u00fcpnoosi elemente kasutava vanemlusprogrammiga nii lapseootel vanematele kui ka neile, kel j\u00f5nglased olemas. Aitan v\u00e4lja t\u00f6\u00f6tada ja koostada \u00fcht kuuekuulist \u00f5ppeprogrammi ja kirjutan t\u00f6\u00f6vihikut. N-\u00f6 varikirjutamise korras, seega mind autorina kuskil ei m\u00e4rgita. Kes aga tahab l\u00e4hemalt teada, mis on h\u00fcpnovanemlus, saab inglise keeles lugeda <a href=\"https:\/\/www.sonamum.com\/jades-blog\/\" target=\"_blank\" rel=\"noopener\">siit<\/a>.&nbsp;<\/p>\n<p>Loomulikult j\u00e4tkan ka seniste projektidega ehk \u00dclle Puuga Lood ja Maalid Facebookis, teen oma IG kontol postitusi ning arendan Word Accordi, millel homme t\u00e4itub 5 kuud. \ud83d\ude07 Eilsest saadik on vasak peopesa s\u00fcgelenud, seega v\u00f5tan seda v\u00e4gagi kui ennet.&nbsp;<\/p>\n<p><a href=\"https:\/\/1.bp.blogspot.com\/-v07KEciCsjw\/X2hkMxUyhuI\/AAAAAAAAPRo\/VgL452eWlncUvE34LuxmtwxrO7FpvkKigCLcBGAsYHQ\/s2048\/119930157_974310016370996_1817043977707978542_n.jpg\" style=\"clear: right; margin-bottom: 1em; margin-left: 1em; text-align: center;\"><img fetchpriority=\"high\" decoding=\"async\" border=\"0\" data-original-height=\"1536\" data-original-width=\"2048\" height=\"480\" src=\"https:\/\/1.bp.blogspot.com\/-v07KEciCsjw\/X2hkMxUyhuI\/AAAAAAAAPRo\/VgL452eWlncUvE34LuxmtwxrO7FpvkKigCLcBGAsYHQ\/w640-h480\/119930157_974310016370996_1817043977707978542_n.jpg\" width=\"640\" \/><\/a>N\u00e4dalavahetusel t\u00f5mbasime s\u00f5na otseses m\u00f5ttes juhtme seinast v\u00e4lja. Ma olen ka varem maininud Peterheadis elavat Sillet, kes on meile korduvalt asendamatuks abiks olnud. Tema p\u00fchendumus, visadus ja viis, kuidas ta ennast v\u00e4\u00e4rtustab, on v\u00e4ga inspireeriv. Kuna tal oli \u00fcle pika aja vaba n\u00e4dalavahetus, kutsus ta meid Kutiga k\u00fclla, ja loomulikult v\u00f5tsime kutse vastu, sest igasuguste numbrite valguses ei v\u00f5i iial kindel olla, kauaks selliseid v\u00f5imalusi antakse. \ud83d\ude10<\/p>\n<p>S\u00f5itsime bussiga, ja siin tuleb raudselt ja juba kaugelt bussile k\u00e4tt lehvitada &#8211; muidu s\u00f5idavad nad peatusest m\u00f6\u00f6da. Me lasime reede \u00f5htul 2 bussi niimoodi m\u00f6\u00f6da. \ud83d\ude48 \u00d5nneks k\u00e4is neid suht tihedalt. S\u00f5itsime v\u00e4ga ilusal ajal &#8211; p\u00e4ike oli loojumas. Mul oli hea meel, et sattusime mitte sellele bussile, mis m\u00f6\u00f6da kiirteed paneb, vaid n-\u00f6 Tunne \u0160otimaad bussile, mille s\u00f5iduaeg oli ca 20 minutit kauem, aga mis k\u00e4iski v\u00e4iksematest kohtadest ka l\u00e4bi. Juba sinna s\u00f5ites teatas Kutt, et Eestimaa on ilus k\u00fcll, aga \u0160otimaal meeldib talle rohkem. K\u00e4isime Fraserburghi rannas, Mintlaw&#8217;s Pitfouri j\u00e4rve \u00e4\u00e4res, mille ma luikede j\u00e4rveks ristisin, sest seal oli mitu perekonda luiki, ja koos poegadega \u00fcle 30 luige kindlasti. Osa lasi meid suisa meetri kaugusele. Natuke jalutasime Peterheadi linnas ka ringi. V\u00e4ga m\u00f5nus, kosutav n\u00e4dalavahetus. Lisaks n\u00e4gime paiku, kus polnud enne k\u00e4inud ning ta tutvustas meid veel \u00fchele eestlasele, kes siinkandis elab. Ait\u00e4h veelkord, Sille! Ja Su lastele ka.&nbsp;<\/p>\n<div style=\"clear: both; text-align: center;\"><a href=\"https:\/\/1.bp.blogspot.com\/-n6OgrCiAmzs\/X2hpoI4ZNSI\/AAAAAAAAPR0\/eZOqCTb3PKQp0r2pZz9UHxIJ1zGnylVcgCLcBGAsYHQ\/s945\/120007363_1608872705951368_7442407197182673257_n.png\" style=\"margin-left: 1em; margin-right: 1em;\"><img decoding=\"async\" border=\"0\" data-original-height=\"756\" data-original-width=\"945\" height=\"512\" src=\"https:\/\/1.bp.blogspot.com\/-n6OgrCiAmzs\/X2hpoI4ZNSI\/AAAAAAAAPR0\/eZOqCTb3PKQp0r2pZz9UHxIJ1zGnylVcgCLcBGAsYHQ\/w640-h512\/120007363_1608872705951368_7442407197182673257_n.png\" width=\"640\" \/><\/a><\/div>\n<p>&nbsp;Eelolev n\u00e4dalavahetus kujuneb ilmselt rahulikumaks, kuigi p\u00fchap\u00e4eva \u00f5htul on taaskord v\u00f5imalus oma loomingut lugeda. Eelmistel kordadel olen seda ka eesti keeles teinud. Siin sellised avalikud luule lugemise \u00f5htud on v\u00e4gagi tavap\u00e4rased ning kuna need on praeguseks veebi kolinud, siis on alati p\u00f5nev kuulda, kus keegi parasjagu asub: USA, Kanada, Uus-Meremaa, Austraalia, Iirimaa &#8211; k\u00f5ik need riigid on olnud esindatud, sh olen vestelnud nendega, kelle vanemad on eestlased, kuid kes ise eesti keelt ei r\u00e4\u00e4gi. Eesti aja j\u00e4rgi hakkab see kell 21 \u00f5htul, seega kes tahab saada kogemust, kuidas midagi sarnast ehk Eestiski teha, siis see on tasuta \u00fcritus, saan soovi korral lingi saata ning olete teretulnud kuulama\/vaatama. Kokku kannab oma loomingut ette 40 inimest \u00fcle maailma.&nbsp;<\/p>\n<div style=\"clear: both; text-align: center;\"><\/div>\n<p><\/p>\n<div style=\"clear: both; text-align: center;\"><\/div>\n<p><\/p>\n<\/div>\n<\/div>","protected":false},"excerpt":{"rendered":"<p>Kuti ettev\u00f5tlikkust olen ma varem ka maininud, aga eelmisel n\u00e4dalavahetusel tekitas ta s\u00f5na otseses m\u00f5ttes rahvusvahelist elevust.&nbsp; \ud83d\udc40 Augusti l\u00f5pus k\u00fcsisin ta k\u00e4est, et kas ta tahaks osaleda David Conway kahep\u00e4evasel tasuta seminaril, kus \u00f5petatakse eesm\u00e4rke ja sihte seadma. Ta oli v\u00e4ga huvitatud. Niisiis, panin kirja ja istusime 12. septembri p\u00e4rastl\u00f5unal arvuti taha. Esimese p\u00e4eva [&hellip;]<\/p>\n","protected":false},"author":2,"featured_media":0,"comment_status":"open","ping_status":"open","sticky":false,"template":"","format":"standard","meta":{"footnotes":""},"categories":[75,63,21,108,104,106,105,39,107,103,102],"tags":[],"class_list":["post-965","post","type-post","status-publish","format-standard","hentry","category-eesti-kirjandus-valismaal","category-eesti-kirjanik","category-eestlane-sotimaal","category-ettevotlik-noor","category-hupnovanemlus","category-kutt","category-noor-ettevotja","category-onnelikteekond","category-raamatu-muuk","category-ulle-puu","category-word-accord","entry","owp-thumbs-layout-horizontal","owp-btn-normal","owp-tabs-layout-horizontal","has-no-thumbnails","has-product-nav"],"yoast_head":"<!-- This site is optimized with the Yoast SEO plugin v27.4 - https:\/\/yoast.com\/product\/yoast-seo-wordpress\/ -->\n<title>Kutt kogub kuulsust \ud83d\ude02 - Birgit Itse - Be Inspired<\/title>\n<meta name=\"robots\" content=\"index, follow, max-snippet:-1, max-image-preview:large, max-video-preview:-1\" \/>\n<link rel=\"canonical\" href=\"http:\/\/birgit-itse.com\/et\/kutt-kogub-kuulsust-\ud83d\ude02\/\" \/>\n<meta property=\"og:locale\" content=\"et_EE\" \/>\n<meta property=\"og:type\" content=\"article\" \/>\n<meta property=\"og:title\" content=\"Kutt kogub kuulsust \ud83d\ude02 - Birgit Itse - Be Inspired\" \/>\n<meta property=\"og:description\" content=\"Kuti ettev\u00f5tlikkust olen ma varem ka maininud, aga eelmisel n\u00e4dalavahetusel tekitas ta s\u00f5na otseses m\u00f5ttes rahvusvahelist elevust.&nbsp; \ud83d\udc40 Augusti l\u00f5pus k\u00fcsisin ta k\u00e4est, et kas ta tahaks osaleda David Conway kahep\u00e4evasel tasuta seminaril, kus \u00f5petatakse eesm\u00e4rke ja sihte seadma. Ta oli v\u00e4ga huvitatud. Niisiis, panin kirja ja istusime 12. septembri p\u00e4rastl\u00f5unal arvuti taha. Esimese p\u00e4eva [&hellip;]\" \/>\n<meta property=\"og:url\" content=\"http:\/\/birgit-itse.com\/et\/kutt-kogub-kuulsust-\ud83d\ude02\/\" \/>\n<meta property=\"og:site_name\" content=\"Birgit Itse - Be Inspired\" \/>\n<meta property=\"article:published_time\" content=\"2020-09-21T09:04:00+00:00\" \/>\n<meta property=\"og:image\" content=\"https:\/\/1.bp.blogspot.com\/-IxOcjgElHao\/X2hSHHid2JI\/AAAAAAAAPQw\/uwkLM_y6ADwkFaCwyKNOyBiChUFPkyJ1ACLcBGAsYHQ\/s320\/119646065_1006674843133388_5982831275154000448_n.png\" \/>\n<meta name=\"author\" content=\"Birgit\" \/>\n<meta name=\"twitter:card\" content=\"summary_large_image\" \/>\n<meta name=\"twitter:label1\" content=\"Written by\" \/>\n\t<meta name=\"twitter:data1\" content=\"Birgit\" \/>\n\t<meta name=\"twitter:label2\" content=\"Est. reading time\" \/>\n\t<meta name=\"twitter:data2\" content=\"7 minutit\" \/>\n<script type=\"application\/ld+json\" class=\"yoast-schema-graph\">{\"@context\":\"https:\\\/\\\/schema.org\",\"@graph\":[{\"@type\":\"Article\",\"@id\":\"http:\\\/\\\/birgit-itse.com\\\/et\\\/kutt-kogub-kuulsust-%f0%9f%98%82\\\/#article\",\"isPartOf\":{\"@id\":\"http:\\\/\\\/birgit-itse.com\\\/et\\\/kutt-kogub-kuulsust-%f0%9f%98%82\\\/\"},\"author\":{\"name\":\"Birgit\",\"@id\":\"https:\\\/\\\/www.birgit-itse.com\\\/#\\\/schema\\\/person\\\/3f7c1c34cf70c1ed6f580544f8ae6b7b\"},\"headline\":\"Kutt kogub kuulsust \ud83d\ude02\",\"datePublished\":\"2020-09-21T09:04:00+00:00\",\"mainEntityOfPage\":{\"@id\":\"http:\\\/\\\/birgit-itse.com\\\/et\\\/kutt-kogub-kuulsust-%f0%9f%98%82\\\/\"},\"wordCount\":1409,\"commentCount\":0,\"publisher\":{\"@id\":\"https:\\\/\\\/www.birgit-itse.com\\\/#organization\"},\"image\":{\"@id\":\"http:\\\/\\\/birgit-itse.com\\\/et\\\/kutt-kogub-kuulsust-%f0%9f%98%82\\\/#primaryimage\"},\"thumbnailUrl\":\"https:\\\/\\\/1.bp.blogspot.com\\\/-IxOcjgElHao\\\/X2hSHHid2JI\\\/AAAAAAAAPQw\\\/uwkLM_y6ADwkFaCwyKNOyBiChUFPkyJ1ACLcBGAsYHQ\\\/s320\\\/119646065_1006674843133388_5982831275154000448_n.png\",\"articleSection\":[\"eesti kirjandus v\u00e4lismaal\",\"eesti kirjanik\",\"eestlane \u0161otimaal\",\"ettev\u00f5tlik noor\",\"h\u00fcpnovanemlus\",\"Kutt\",\"noor ettev\u00f5tja\",\"\u00f5nnelikteekond\",\"raamatu m\u00fc\u00fck\",\"\u00dclle Puu\",\"word accord\"],\"inLanguage\":\"et\"},{\"@type\":\"WebPage\",\"@id\":\"http:\\\/\\\/birgit-itse.com\\\/et\\\/kutt-kogub-kuulsust-%f0%9f%98%82\\\/\",\"url\":\"http:\\\/\\\/birgit-itse.com\\\/et\\\/kutt-kogub-kuulsust-%f0%9f%98%82\\\/\",\"name\":\"Kutt kogub kuulsust \ud83d\ude02 - Birgit Itse - Be Inspired\",\"isPartOf\":{\"@id\":\"https:\\\/\\\/www.birgit-itse.com\\\/#website\"},\"primaryImageOfPage\":{\"@id\":\"http:\\\/\\\/birgit-itse.com\\\/et\\\/kutt-kogub-kuulsust-%f0%9f%98%82\\\/#primaryimage\"},\"image\":{\"@id\":\"http:\\\/\\\/birgit-itse.com\\\/et\\\/kutt-kogub-kuulsust-%f0%9f%98%82\\\/#primaryimage\"},\"thumbnailUrl\":\"https:\\\/\\\/1.bp.blogspot.com\\\/-IxOcjgElHao\\\/X2hSHHid2JI\\\/AAAAAAAAPQw\\\/uwkLM_y6ADwkFaCwyKNOyBiChUFPkyJ1ACLcBGAsYHQ\\\/s320\\\/119646065_1006674843133388_5982831275154000448_n.png\",\"datePublished\":\"2020-09-21T09:04:00+00:00\",\"breadcrumb\":{\"@id\":\"http:\\\/\\\/birgit-itse.com\\\/et\\\/kutt-kogub-kuulsust-%f0%9f%98%82\\\/#breadcrumb\"},\"inLanguage\":\"et\",\"potentialAction\":[{\"@type\":\"ReadAction\",\"target\":[\"http:\\\/\\\/birgit-itse.com\\\/et\\\/kutt-kogub-kuulsust-%f0%9f%98%82\\\/\"]}]},{\"@type\":\"ImageObject\",\"inLanguage\":\"et\",\"@id\":\"http:\\\/\\\/birgit-itse.com\\\/et\\\/kutt-kogub-kuulsust-%f0%9f%98%82\\\/#primaryimage\",\"url\":\"https:\\\/\\\/1.bp.blogspot.com\\\/-IxOcjgElHao\\\/X2hSHHid2JI\\\/AAAAAAAAPQw\\\/uwkLM_y6ADwkFaCwyKNOyBiChUFPkyJ1ACLcBGAsYHQ\\\/s320\\\/119646065_1006674843133388_5982831275154000448_n.png\",\"contentUrl\":\"https:\\\/\\\/1.bp.blogspot.com\\\/-IxOcjgElHao\\\/X2hSHHid2JI\\\/AAAAAAAAPQw\\\/uwkLM_y6ADwkFaCwyKNOyBiChUFPkyJ1ACLcBGAsYHQ\\\/s320\\\/119646065_1006674843133388_5982831275154000448_n.png\"},{\"@type\":\"BreadcrumbList\",\"@id\":\"http:\\\/\\\/birgit-itse.com\\\/et\\\/kutt-kogub-kuulsust-%f0%9f%98%82\\\/#breadcrumb\",\"itemListElement\":[{\"@type\":\"ListItem\",\"position\":1,\"name\":\"Home\",\"item\":\"https:\\\/\\\/birgit-itse.com\\\/et\\\/\"},{\"@type\":\"ListItem\",\"position\":2,\"name\":\"Kutt kogub kuulsust \ud83d\ude02\"}]},{\"@type\":\"WebSite\",\"@id\":\"https:\\\/\\\/www.birgit-itse.com\\\/#website\",\"url\":\"https:\\\/\\\/www.birgit-itse.com\\\/\",\"name\":\"Birgit Itse - Be Inspired\",\"description\":\"Ghostwriter, Author, Keynote Speaker\",\"publisher\":{\"@id\":\"https:\\\/\\\/www.birgit-itse.com\\\/#organization\"},\"potentialAction\":[{\"@type\":\"SearchAction\",\"target\":{\"@type\":\"EntryPoint\",\"urlTemplate\":\"https:\\\/\\\/www.birgit-itse.com\\\/?s={search_term_string}\"},\"query-input\":{\"@type\":\"PropertyValueSpecification\",\"valueRequired\":true,\"valueName\":\"search_term_string\"}}],\"inLanguage\":\"et\"},{\"@type\":\"Organization\",\"@id\":\"https:\\\/\\\/www.birgit-itse.com\\\/#organization\",\"name\":\"Birgit Itse - Be Inspired\",\"url\":\"https:\\\/\\\/www.birgit-itse.com\\\/\",\"logo\":{\"@type\":\"ImageObject\",\"inLanguage\":\"et\",\"@id\":\"https:\\\/\\\/www.birgit-itse.com\\\/#\\\/schema\\\/logo\\\/image\\\/\",\"url\":\"https:\\\/\\\/www.birgit-itse.com\\\/wp-content\\\/uploads\\\/2020\\\/10\\\/cropped-Birgit-name-logo-orange.png\",\"contentUrl\":\"https:\\\/\\\/www.birgit-itse.com\\\/wp-content\\\/uploads\\\/2020\\\/10\\\/cropped-Birgit-name-logo-orange.png\",\"width\":1326,\"height\":841,\"caption\":\"Birgit Itse - Be Inspired\"},\"image\":{\"@id\":\"https:\\\/\\\/www.birgit-itse.com\\\/#\\\/schema\\\/logo\\\/image\\\/\"}},{\"@type\":\"Person\",\"@id\":\"https:\\\/\\\/www.birgit-itse.com\\\/#\\\/schema\\\/person\\\/3f7c1c34cf70c1ed6f580544f8ae6b7b\",\"name\":\"Birgit\",\"image\":{\"@type\":\"ImageObject\",\"inLanguage\":\"et\",\"@id\":\"https:\\\/\\\/secure.gravatar.com\\\/avatar\\\/?s=96&d=mm&r=g\",\"url\":\"https:\\\/\\\/secure.gravatar.com\\\/avatar\\\/?s=96&d=mm&r=g\",\"contentUrl\":\"https:\\\/\\\/secure.gravatar.com\\\/avatar\\\/?s=96&d=mm&r=g\",\"caption\":\"Birgit\"},\"url\":\"https:\\\/\\\/www.birgit-itse.com\\\/et\\\/author\\\/birgit\\\/\"}]}<\/script>\n<!-- \/ Yoast SEO plugin. -->","yoast_head_json":{"title":"Kutt kogub kuulsust \ud83d\ude02 - Birgit Itse - Be Inspired","robots":{"index":"index","follow":"follow","max-snippet":"max-snippet:-1","max-image-preview":"max-image-preview:large","max-video-preview":"max-video-preview:-1"},"canonical":"http:\/\/birgit-itse.com\/et\/kutt-kogub-kuulsust-\ud83d\ude02\/","og_locale":"et_EE","og_type":"article","og_title":"Kutt kogub kuulsust \ud83d\ude02 - Birgit Itse - Be Inspired","og_description":"Kuti ettev\u00f5tlikkust olen ma varem ka maininud, aga eelmisel n\u00e4dalavahetusel tekitas ta s\u00f5na otseses m\u00f5ttes rahvusvahelist elevust.&nbsp; \ud83d\udc40 Augusti l\u00f5pus k\u00fcsisin ta k\u00e4est, et kas ta tahaks osaleda David Conway kahep\u00e4evasel tasuta seminaril, kus \u00f5petatakse eesm\u00e4rke ja sihte seadma. Ta oli v\u00e4ga huvitatud. Niisiis, panin kirja ja istusime 12. septembri p\u00e4rastl\u00f5unal arvuti taha. Esimese p\u00e4eva [&hellip;]","og_url":"http:\/\/birgit-itse.com\/et\/kutt-kogub-kuulsust-\ud83d\ude02\/","og_site_name":"Birgit Itse - Be Inspired","article_published_time":"2020-09-21T09:04:00+00:00","og_image":[{"url":"https:\/\/1.bp.blogspot.com\/-IxOcjgElHao\/X2hSHHid2JI\/AAAAAAAAPQw\/uwkLM_y6ADwkFaCwyKNOyBiChUFPkyJ1ACLcBGAsYHQ\/s320\/119646065_1006674843133388_5982831275154000448_n.png","type":"","width":"","height":""}],"author":"Birgit","twitter_card":"summary_large_image","twitter_misc":{"Written by":"Birgit","Est. reading time":"7 minutit"},"schema":{"@context":"https:\/\/schema.org","@graph":[{"@type":"Article","@id":"http:\/\/birgit-itse.com\/et\/kutt-kogub-kuulsust-%f0%9f%98%82\/#article","isPartOf":{"@id":"http:\/\/birgit-itse.com\/et\/kutt-kogub-kuulsust-%f0%9f%98%82\/"},"author":{"name":"Birgit","@id":"https:\/\/www.birgit-itse.com\/#\/schema\/person\/3f7c1c34cf70c1ed6f580544f8ae6b7b"},"headline":"Kutt kogub kuulsust \ud83d\ude02","datePublished":"2020-09-21T09:04:00+00:00","mainEntityOfPage":{"@id":"http:\/\/birgit-itse.com\/et\/kutt-kogub-kuulsust-%f0%9f%98%82\/"},"wordCount":1409,"commentCount":0,"publisher":{"@id":"https:\/\/www.birgit-itse.com\/#organization"},"image":{"@id":"http:\/\/birgit-itse.com\/et\/kutt-kogub-kuulsust-%f0%9f%98%82\/#primaryimage"},"thumbnailUrl":"https:\/\/1.bp.blogspot.com\/-IxOcjgElHao\/X2hSHHid2JI\/AAAAAAAAPQw\/uwkLM_y6ADwkFaCwyKNOyBiChUFPkyJ1ACLcBGAsYHQ\/s320\/119646065_1006674843133388_5982831275154000448_n.png","articleSection":["eesti kirjandus v\u00e4lismaal","eesti kirjanik","eestlane \u0161otimaal","ettev\u00f5tlik noor","h\u00fcpnovanemlus","Kutt","noor ettev\u00f5tja","\u00f5nnelikteekond","raamatu m\u00fc\u00fck","\u00dclle Puu","word accord"],"inLanguage":"et"},{"@type":"WebPage","@id":"http:\/\/birgit-itse.com\/et\/kutt-kogub-kuulsust-%f0%9f%98%82\/","url":"http:\/\/birgit-itse.com\/et\/kutt-kogub-kuulsust-%f0%9f%98%82\/","name":"Kutt kogub kuulsust \ud83d\ude02 - Birgit Itse - Be Inspired","isPartOf":{"@id":"https:\/\/www.birgit-itse.com\/#website"},"primaryImageOfPage":{"@id":"http:\/\/birgit-itse.com\/et\/kutt-kogub-kuulsust-%f0%9f%98%82\/#primaryimage"},"image":{"@id":"http:\/\/birgit-itse.com\/et\/kutt-kogub-kuulsust-%f0%9f%98%82\/#primaryimage"},"thumbnailUrl":"https:\/\/1.bp.blogspot.com\/-IxOcjgElHao\/X2hSHHid2JI\/AAAAAAAAPQw\/uwkLM_y6ADwkFaCwyKNOyBiChUFPkyJ1ACLcBGAsYHQ\/s320\/119646065_1006674843133388_5982831275154000448_n.png","datePublished":"2020-09-21T09:04:00+00:00","breadcrumb":{"@id":"http:\/\/birgit-itse.com\/et\/kutt-kogub-kuulsust-%f0%9f%98%82\/#breadcrumb"},"inLanguage":"et","potentialAction":[{"@type":"ReadAction","target":["http:\/\/birgit-itse.com\/et\/kutt-kogub-kuulsust-%f0%9f%98%82\/"]}]},{"@type":"ImageObject","inLanguage":"et","@id":"http:\/\/birgit-itse.com\/et\/kutt-kogub-kuulsust-%f0%9f%98%82\/#primaryimage","url":"https:\/\/1.bp.blogspot.com\/-IxOcjgElHao\/X2hSHHid2JI\/AAAAAAAAPQw\/uwkLM_y6ADwkFaCwyKNOyBiChUFPkyJ1ACLcBGAsYHQ\/s320\/119646065_1006674843133388_5982831275154000448_n.png","contentUrl":"https:\/\/1.bp.blogspot.com\/-IxOcjgElHao\/X2hSHHid2JI\/AAAAAAAAPQw\/uwkLM_y6ADwkFaCwyKNOyBiChUFPkyJ1ACLcBGAsYHQ\/s320\/119646065_1006674843133388_5982831275154000448_n.png"},{"@type":"BreadcrumbList","@id":"http:\/\/birgit-itse.com\/et\/kutt-kogub-kuulsust-%f0%9f%98%82\/#breadcrumb","itemListElement":[{"@type":"ListItem","position":1,"name":"Home","item":"https:\/\/birgit-itse.com\/et\/"},{"@type":"ListItem","position":2,"name":"Kutt kogub kuulsust \ud83d\ude02"}]},{"@type":"WebSite","@id":"https:\/\/www.birgit-itse.com\/#website","url":"https:\/\/www.birgit-itse.com\/","name":"Birgit Itse - Be Inspired","description":"Ghostwriter, Author, Keynote Speaker","publisher":{"@id":"https:\/\/www.birgit-itse.com\/#organization"},"potentialAction":[{"@type":"SearchAction","target":{"@type":"EntryPoint","urlTemplate":"https:\/\/www.birgit-itse.com\/?s={search_term_string}"},"query-input":{"@type":"PropertyValueSpecification","valueRequired":true,"valueName":"search_term_string"}}],"inLanguage":"et"},{"@type":"Organization","@id":"https:\/\/www.birgit-itse.com\/#organization","name":"Birgit Itse - Be Inspired","url":"https:\/\/www.birgit-itse.com\/","logo":{"@type":"ImageObject","inLanguage":"et","@id":"https:\/\/www.birgit-itse.com\/#\/schema\/logo\/image\/","url":"https:\/\/www.birgit-itse.com\/wp-content\/uploads\/2020\/10\/cropped-Birgit-name-logo-orange.png","contentUrl":"https:\/\/www.birgit-itse.com\/wp-content\/uploads\/2020\/10\/cropped-Birgit-name-logo-orange.png","width":1326,"height":841,"caption":"Birgit Itse - Be Inspired"},"image":{"@id":"https:\/\/www.birgit-itse.com\/#\/schema\/logo\/image\/"}},{"@type":"Person","@id":"https:\/\/www.birgit-itse.com\/#\/schema\/person\/3f7c1c34cf70c1ed6f580544f8ae6b7b","name":"Birgit","image":{"@type":"ImageObject","inLanguage":"et","@id":"https:\/\/secure.gravatar.com\/avatar\/?s=96&d=mm&r=g","url":"https:\/\/secure.gravatar.com\/avatar\/?s=96&d=mm&r=g","contentUrl":"https:\/\/secure.gravatar.com\/avatar\/?s=96&d=mm&r=g","caption":"Birgit"},"url":"https:\/\/www.birgit-itse.com\/et\/author\/birgit\/"}]}},"_links":{"self":[{"href":"https:\/\/www.birgit-itse.com\/et\/wp-json\/wp\/v2\/posts\/965","targetHints":{"allow":["GET"]}}],"collection":[{"href":"https:\/\/www.birgit-itse.com\/et\/wp-json\/wp\/v2\/posts"}],"about":[{"href":"https:\/\/www.birgit-itse.com\/et\/wp-json\/wp\/v2\/types\/post"}],"author":[{"embeddable":true,"href":"https:\/\/www.birgit-itse.com\/et\/wp-json\/wp\/v2\/users\/2"}],"replies":[{"embeddable":true,"href":"https:\/\/www.birgit-itse.com\/et\/wp-json\/wp\/v2\/comments?post=965"}],"version-history":[{"count":0,"href":"https:\/\/www.birgit-itse.com\/et\/wp-json\/wp\/v2\/posts\/965\/revisions"}],"wp:attachment":[{"href":"https:\/\/www.birgit-itse.com\/et\/wp-json\/wp\/v2\/media?parent=965"}],"wp:term":[{"taxonomy":"category","embeddable":true,"href":"https:\/\/www.birgit-itse.com\/et\/wp-json\/wp\/v2\/categories?post=965"},{"taxonomy":"post_tag","embeddable":true,"href":"https:\/\/www.birgit-itse.com\/et\/wp-json\/wp\/v2\/tags?post=965"}],"curies":[{"name":"wp","href":"https:\/\/api.w.org\/{rel}","templated":true}]}}