{"id":982,"date":"2020-05-04T17:27:00","date_gmt":"2020-05-04T17:27:00","guid":{"rendered":"https:\/\/birgit-itse.com\/2020\/05\/04\/ma-lihtsalt-pidin-%f0%9f%98%87\/"},"modified":"2020-05-04T17:27:00","modified_gmt":"2020-05-04T17:27:00","slug":"ma-lihtsalt-pidin-%f0%9f%98%87","status":"publish","type":"post","link":"https:\/\/www.birgit-itse.com\/et\/ma-lihtsalt-pidin-%f0%9f%98%87\/","title":{"rendered":"Ma lihtsalt pidin! \ud83d\ude07"},"content":{"rendered":"<p><a href=\"https:\/\/1.bp.blogspot.com\/-XdZKTX-hD2k\/XrBCbpZSsGI\/AAAAAAAAOpw\/6N8_hIU1wgQrB05beOMqpXWt0DLEdP-AACLcBGAsYHQ\/s1600\/20200427_190530.jpg\" style=\"clear: left; float: left; margin-bottom: 1em; margin-right: 1em;\"><img decoding=\"async\" border=\"0\" data-original-height=\"1600\" data-original-width=\"739\" height=\"320\" src=\"https:\/\/1.bp.blogspot.com\/-XdZKTX-hD2k\/XrBCbpZSsGI\/AAAAAAAAOpw\/6N8_hIU1wgQrB05beOMqpXWt0DLEdP-AACLcBGAsYHQ\/s320\/20200427_190530.jpg\" width=\"147\" \/><\/a>Teate seda tunnet, kus tagantj\u00e4rele saab \u00f6elda, et &#8220;ma lihtsalt pidin!&#8221;. Mul on t\u00e4na samasugune tunne. Tegelikult hakkas juba eile vaikselt ketrama. Hommikust saati.<br \/>V\u00f5tame teemade kaupa. Viimasel ajal k\u00f5ige enam elevust tekitanud s\u00fcndmus on muidugi raamat. Sellega on n\u00fc\u00fcd nii, et t\u00e4na l\u00e4ks see tr\u00fckikotta. K\u00f5ik. Esikaas, tiitelleht ja k\u00f5ik-k\u00f5ik on valmis ja enam midagi muuta ei saa. \ud83d\ude0e<br \/>\ud83d\udcdaRaamatu-uudise noppis \u00fcles ka minu pikaaegne t\u00f6\u00f6andja, maakonnaleht <a href=\"https:\/\/jarvateataja.postimees.ee\/6964190\/eesti-kirjastus-annab-valja-sotimaal-elava-jarvalase-debuutraamatu\" target=\"_blank\" rel=\"noopener\">J\u00e4rva Teataja<\/a>.<br \/>Eilsest \u00f5htust on \u00fcleval ka v\u00f5imalus hoogu anda ja kus ikka mujal, kui <a href=\"https:\/\/www.hooandja.ee\/projekt\/kinkeraamat-onnelikteekond-becominghappy?fbclid=IwAR0Fz6nWKeAUbwwrhRbHNmRMiR9mloK7KFoDev5vICk8QO3gvVDTnMLBU_M\" target=\"_blank\" rel=\"noopener\">Hooandja <\/a>portaalis. Kui rahaliselt toetada pole v\u00f5imalik, jaga infot edasi. \ud83d\ude4f<br \/>\ud83d\udcf9Vaata kindlasti videot ka &#8211; need v\u00f5tted, kus mina suures plaanis olen, on Kuti filmitud! Sama video on nii JT uudise juures kui ka Hooandja portaalis.<br \/>Mulle on v\u00e4ga s\u00fcdamesse l\u00e4inud see esialgne tagasiside videole &#8211; inimesed \u00fctlevad, et kananahk on peale tulnud. S\u00fcdamesse on l\u00e4inud see seep\u00e4rast, et ma olen ju t\u00f5esti hinge ja s\u00fcdamega asja juures olnud ning et see ka v\u00e4lja paistab &#8211; on imeline.&nbsp; V\u00f5ibki kokkuv\u00f5tvalt \u00f6elda, et m\u00e4rks\u00f5na on \u00f5nnelik teekond. \ud83d\ude0e Eile \u00f5htul hilja l\u00f5petasime raamatukaane kujunduse ka. Selline see tuleb.<\/p>\n<table align=\"center\" cellpadding=\"0\" cellspacing=\"0\" style=\"margin-left: auto; margin-right: auto; text-align: center;\">\n<tbody>\n<tr>\n<td style=\"text-align: center;\"><a href=\"https:\/\/1.bp.blogspot.com\/-9plLycaGy-o\/XrBEkc_oSwI\/AAAAAAAAOp8\/vOxaJ9qsDk8u0-A15cIwdhjXD0Ea9T0NgCLcBGAsYHQ\/s1600\/kaaned.jpg\" style=\"margin-left: auto; margin-right: auto;\"><img fetchpriority=\"high\" decoding=\"async\" border=\"0\" data-original-height=\"558\" data-original-width=\"1600\" height=\"223\" src=\"https:\/\/1.bp.blogspot.com\/-9plLycaGy-o\/XrBEkc_oSwI\/AAAAAAAAOp8\/vOxaJ9qsDk8u0-A15cIwdhjXD0Ea9T0NgCLcBGAsYHQ\/s640\/kaaned.jpg\" width=\"640\" \/><\/a><\/td>\n<\/tr>\n<tr>\n<td style=\"text-align: center;\">Raamatu esi-ja tagakaas<\/td>\n<\/tr>\n<\/tbody>\n<\/table>\n<p>No on ju nii &#8211; ma lihtsalt pidin! \ud83d\ude01<\/p>\n<table cellpadding=\"0\" cellspacing=\"0\" style=\"float: right; margin-left: 1em; text-align: right;\">\n<tbody>\n<tr>\n<td style=\"text-align: center;\"><a href=\"https:\/\/1.bp.blogspot.com\/-uxFDkX2M0lo\/XrBIDe4wmpI\/AAAAAAAAOqI\/4u0NWG0vL-c62jJSj9nnuCDhntMokBEWACLcBGAsYHQ\/s1600\/20200426_133513.jpg\" style=\"clear: right; margin-bottom: 1em; margin-left: auto; margin-right: auto;\"><img decoding=\"async\" border=\"0\" data-original-height=\"1600\" data-original-width=\"739\" height=\"320\" src=\"https:\/\/1.bp.blogspot.com\/-uxFDkX2M0lo\/XrBIDe4wmpI\/AAAAAAAAOqI\/4u0NWG0vL-c62jJSj9nnuCDhntMokBEWACLcBGAsYHQ\/s320\/20200426_133513.jpg\" width=\"147\" \/><\/a><\/td>\n<\/tr>\n<tr>\n<td style=\"text-align: center;\">Tegelikult hakkavad need <br \/>juba \u00e4ra \u00f5itsema<\/td>\n<\/tr>\n<\/tbody>\n<\/table>\n<p>Teine asi, mille p\u00e4rast n\u00e4pud kirjutama s\u00fcgelesid, oli asjaolu, et me l\u00fckkasime j\u00e4lle \u00fche asja siin k\u00e4ima. \ud83d\ude48 Kui veel Eestis elasin ja toimetasin, siis osalesin oma mentori, Kai Oja, 5:30 hommikuklubis ja oi-oi, millise energialaksu sealt saab. Siinne ajavahe t\u00e4hendanuks \u00e4rkamist hiljemalt 3:23, et pooleks kaamera ette saada. Noh, laup\u00e4eval ja ka t\u00e4na hommikul ma seda harrastasin. T\u00f5usta ei olnud raske, aga kell 14 p\u00e4eval kippusid silmad kinni vajuma. \ud83d\ude02 Eriti t\u00e4na, kui eile l\u00e4ks kaanega ca 22ni ja siis hoidis veel adrekas \u00fcleval, sest meil oli Aberdeeni naisettev\u00f5tjate esimene \u00fchine hommikuklubi. \ud83d\udcaa\ud83d\udc4d Ma viskasin eile hommikul FB gruppi \u00fcsna eestlaslikul viisil k\u00fcsimuse, et kas on sellist &#8220;kellaviieklubi&#8221; v\u00f5i kui t\u00f5esti ei ole (ma olin \u00fcsna kindel, et on, lihtsalt kujutlesin end ukse taha kraapima, et sisse lubataks), kas oleks huvilisi. Mul oli raske \u00fcksi j\u00e4rjepidevalt kell 5 \u00fclles t\u00f5usta. Kui magasin kauem, siis j\u00e4id osa asju tegemata ja kuidagi n\u00e4rvilisem oli ka. Olin v\u00e4gagi \u00f5ppinud seda hommikust \u00f5ppimist hindama, kuid \u00f5htuti kella 22ni p\u00f5nevaid asju tehes (sh raamatu kujundust) andsin liiga tihti kiusatusele j\u00e4rele hommikul kauem magada.<br \/>L\u00fchidalt \u00f6eldes, k\u00e4isin iseendale n\u00e4rvidele ja otsisin \u00f5igustust \u00f5ige raja peale tagasi kalpsata. \ud83d\ude00<br \/>T\u00e4na hommikul oli meid 3. Homseks vist veel 2 juures. Nii-nii \u00e4ge lihtsalt. \u00dcks osalistest v\u00f5tab enda peale v\u00e4ikse f\u00fc\u00fcsilise virgutuse, teine teeb juhendatud meditatsiooni, mina panin kondikava paika, mis tundus sobivat. Teeme t\u00e4nulikkuse ja vastask\u00e4ega kirjutamise harjutusi ka.<\/p>\n<p>Laup\u00e4evase t\u00f5usmise preemiaks tegin endale p\u00e4rast hommikuklubi jalutusk\u00e4igu p\u00e4ikset\u00f5usu vaatama. Otsustage ise, kas tasus \u00e4ra.<\/p>\n<table align=\"center\" cellpadding=\"0\" cellspacing=\"0\" style=\"margin-left: auto; margin-right: auto; text-align: center;\">\n<tbody>\n<tr>\n<td style=\"text-align: center;\"><a href=\"https:\/\/1.bp.blogspot.com\/-vrOGUcgIESY\/XrBOI8Y3dTI\/AAAAAAAAOqY\/K6ck1ooFSq895u5BbUkPOk2O_GdmSg9JQCLcBGAsYHQ\/s1600\/p%25C3%25A4ikeset%25C3%25B5us.png\" style=\"margin-left: auto; margin-right: auto;\"><img loading=\"lazy\" decoding=\"async\" border=\"0\" data-original-height=\"756\" data-original-width=\"945\" height=\"512\" src=\"https:\/\/1.bp.blogspot.com\/-vrOGUcgIESY\/XrBOI8Y3dTI\/AAAAAAAAOqY\/K6ck1ooFSq895u5BbUkPOk2O_GdmSg9JQCLcBGAsYHQ\/s640\/p%25C3%25A4ikeset%25C3%25B5us.png\" width=\"640\" \/><\/a><\/td>\n<\/tr>\n<tr>\n<td style=\"text-align: center;\">P\u00e4ikeset\u00f5us Aberdeenis 2.05.2020<\/td>\n<\/tr>\n<\/tbody>\n<\/table>\n<p>Ahjaaa, ja siis oli eile veel \u00fcks pommuudis. Minu enese jaoks ka. Aga l\u00e4heb see sinna kategooriasse, et millest m\u00f5tled, selle enda ellu kutsud. Nii nagu oma ettev\u00f5ttega &#8211; Eestis punnisin vastu, et &#8220;ma ei tahaaaa, pole vaja.&#8221; Siin tegin \u00e4ra. T\u00e4na hommikul oli raamatupidamiskoolitus. Huh, siinne maksus\u00fcsteem on nii nunnult mitmeastmeline, et p\u00e4rdik pea kohal \ud83d\ude49 saab korralikult taldrikuid taguda. Samas, mingi esmane ettekujutus on siiski tekkinud. Pean veel nt guugledama, et kuidas ma iseenda eest hakkan sotsiaalmaksu maksma.<br \/>\ud83d\udc40Eelmisel n\u00e4dalal oli v\u00e4ike videok\u00f5ne Silviga, kes \u00fctles, et see raamat on alles algus, tulevad filmistsenaariumid ja filmid. Ma j\u00e4lle: &#8220;Filmistsenaariumit k\u00fcll ei taha, see pole minu teema.&#8221; Noh, n\u00fc\u00fcd ma siis istun ja vaatan eilse videok\u00f5ne m\u00e4rkmetele ning 17ndale maile kui t\u00e4htajale otsa. Esmalt lugu ja siis stsenaarium. Ettev\u00f5tmise taga on Kaks Eesti Habemikku&nbsp; Londonis ehk TEB Creative. 50% kursavend ja 50% koolivend ehk Marko ja Ranno. Kaks ja pool tundi videok\u00f5net oli v\u00e4gav\u00e4ga produktiivne. Suur t\u00e4nu usalduse eest! \ud83d\udc99\ud83e\udd84<\/p>\n<table cellpadding=\"0\" cellspacing=\"0\" style=\"float: left; margin-right: 1em; text-align: left;\">\n<tbody>\n<tr>\n<td style=\"text-align: center;\"><a href=\"https:\/\/1.bp.blogspot.com\/-kv71B_q2HME\/XrBPGtdF5qI\/AAAAAAAAOqg\/6bFle6PRqSITjDQEx-9Hl5unLhQ-OCQ0QCLcBGAsYHQ\/s1600\/20200426_143109.jpg\" style=\"clear: left; margin-bottom: 1em; margin-left: auto; margin-right: auto;\"><img loading=\"lazy\" decoding=\"async\" border=\"0\" data-original-height=\"739\" data-original-width=\"1600\" height=\"183\" src=\"https:\/\/1.bp.blogspot.com\/-kv71B_q2HME\/XrBPGtdF5qI\/AAAAAAAAOqg\/6bFle6PRqSITjDQEx-9Hl5unLhQ-OCQ0QCLcBGAsYHQ\/s400\/20200426_143109.jpg\" width=\"400\" \/><\/a><\/td>\n<\/tr>\n<tr>\n<td style=\"text-align: center;\">Kui m\u00f5te uitab, uidake siis siia. Umbes selline v\u00f5iks olla selle sildi t\u00e4hendus.<\/td>\n<\/tr>\n<\/tbody>\n<\/table>\n<p>Eks te tehke sellest oma j\u00e4reldused, kas ja kui palju m\u00f5tteviis m\u00f5jutab. Mina olen k\u00fcll aru saanud, et s\u00f5ltumata valdkonnast (isiklik elu, t\u00f6\u00f6) on suhtumine ja m\u00f5tteviis palju kindlamad edu garantiid kui aastatepikkune kogemus ja r\u00e4nk r\u00fcgamine. Olgu need minu enda v\u00f5i kellegi teise kogemused, j\u00f5uan anal\u00fc\u00fcsiga ikka punkti, et kui millestki pidevalt r\u00e4\u00e4kida, siis see \u00fchel v\u00f5i teisel moel ellu j\u00f5uab ka.<\/p>\n<p>Homme on j\u00e4lle v\u00e4ga tore p\u00e4ev. Esiteks on meie naiste hommikuklubi teine kohtumine, meid vist on isegi rohkem kui t\u00e4na hommikul oli. P\u00e4eval on mul aga telefonik\u00f5ne Jamie Jauncey&#8217;ga kelle karj\u00e4\u00e4r on nii m\u00f5neski m\u00f5ttes mulle tohutult inspireeriv. P\u00f6idlad pihku!<br \/>Kutist on v\u00e4he juttu olnud? Ta on leebelt \u00f6eldes kooliv\u00e4listes asjades v\u00e4heaktiivne olnud. \ud83d\ude00 N\u00fc\u00fcd on nutitelefon kindlas kohas m\u00f5neks ajaks ja \u00e4kki on siis teda v\u00e4he tihedamini allkorrusel ja \u00f5ues n\u00e4ha.<\/p>","protected":false},"excerpt":{"rendered":"<p>Teate seda tunnet, kus tagantj\u00e4rele saab \u00f6elda, et &#8220;ma lihtsalt pidin!&#8221;. Mul on t\u00e4na samasugune tunne. Tegelikult hakkas juba eile vaikselt ketrama. Hommikust saati.V\u00f5tame teemade kaupa. Viimasel ajal k\u00f5ige enam elevust tekitanud s\u00fcndmus on muidugi raamat. Sellega on n\u00fc\u00fcd nii, et t\u00e4na l\u00e4ks see tr\u00fckikotta. K\u00f5ik. Esikaas, tiitelleht ja k\u00f5ik-k\u00f5ik on valmis ja enam midagi [&hellip;]<\/p>\n","protected":false},"author":2,"featured_media":0,"comment_status":"open","ping_status":"open","sticky":false,"template":"","format":"standard","meta":{"footnotes":""},"categories":[45,152,136,21,116,110,76,126,120],"tags":[],"class_list":["post-982","post","type-post","status-publish","format-standard","hentry","category-aberdeen","category-astelhernes","category-bridge-of-don","category-eestlane-sotimaal","category-head-uudised","category-kirjutamine","category-lapsega-sotimaal","category-uus-kinkeraamat","category-valismaale-kolimine","entry","owp-thumbs-layout-horizontal","owp-btn-normal","owp-tabs-layout-horizontal","has-no-thumbnails","has-product-nav"],"yoast_head":"<!-- This site is optimized with the Yoast SEO plugin v27.4 - https:\/\/yoast.com\/product\/yoast-seo-wordpress\/ -->\n<title>Ma lihtsalt pidin! \ud83d\ude07 - Birgit Itse - Be Inspired<\/title>\n<meta name=\"robots\" content=\"index, follow, max-snippet:-1, max-image-preview:large, max-video-preview:-1\" \/>\n<link rel=\"canonical\" href=\"https:\/\/www.birgit-itse.com\/et\/ma-lihtsalt-pidin-\ud83d\ude07\/\" \/>\n<meta property=\"og:locale\" content=\"et_EE\" \/>\n<meta property=\"og:type\" content=\"article\" \/>\n<meta property=\"og:title\" content=\"Ma lihtsalt pidin! \ud83d\ude07 - Birgit Itse - Be Inspired\" \/>\n<meta property=\"og:description\" content=\"Teate seda tunnet, kus tagantj\u00e4rele saab \u00f6elda, et &#8220;ma lihtsalt pidin!&#8221;. Mul on t\u00e4na samasugune tunne. Tegelikult hakkas juba eile vaikselt ketrama. Hommikust saati.V\u00f5tame teemade kaupa. Viimasel ajal k\u00f5ige enam elevust tekitanud s\u00fcndmus on muidugi raamat. Sellega on n\u00fc\u00fcd nii, et t\u00e4na l\u00e4ks see tr\u00fckikotta. K\u00f5ik. Esikaas, tiitelleht ja k\u00f5ik-k\u00f5ik on valmis ja enam midagi [&hellip;]\" \/>\n<meta property=\"og:url\" content=\"https:\/\/www.birgit-itse.com\/et\/ma-lihtsalt-pidin-\ud83d\ude07\/\" \/>\n<meta property=\"og:site_name\" content=\"Birgit Itse - Be Inspired\" \/>\n<meta property=\"article:published_time\" content=\"2020-05-04T17:27:00+00:00\" \/>\n<meta property=\"og:image\" content=\"https:\/\/1.bp.blogspot.com\/-XdZKTX-hD2k\/XrBCbpZSsGI\/AAAAAAAAOpw\/6N8_hIU1wgQrB05beOMqpXWt0DLEdP-AACLcBGAsYHQ\/s320\/20200427_190530.jpg\" \/>\n<meta name=\"author\" content=\"Birgit\" \/>\n<meta name=\"twitter:card\" content=\"summary_large_image\" \/>\n<meta name=\"twitter:label1\" content=\"Written by\" \/>\n\t<meta name=\"twitter:data1\" content=\"Birgit\" \/>\n\t<meta name=\"twitter:label2\" content=\"Est. reading time\" \/>\n\t<meta name=\"twitter:data2\" content=\"4 minutit\" \/>\n<script type=\"application\/ld+json\" class=\"yoast-schema-graph\">{\"@context\":\"https:\\\/\\\/schema.org\",\"@graph\":[{\"@type\":\"Article\",\"@id\":\"https:\\\/\\\/www.birgit-itse.com\\\/et\\\/ma-lihtsalt-pidin-%f0%9f%98%87\\\/#article\",\"isPartOf\":{\"@id\":\"https:\\\/\\\/www.birgit-itse.com\\\/et\\\/ma-lihtsalt-pidin-%f0%9f%98%87\\\/\"},\"author\":{\"name\":\"Birgit\",\"@id\":\"http:\\\/\\\/www.birgit-itse.com\\\/et\\\/#\\\/schema\\\/person\\\/3f7c1c34cf70c1ed6f580544f8ae6b7b\"},\"headline\":\"Ma lihtsalt pidin! \ud83d\ude07\",\"datePublished\":\"2020-05-04T17:27:00+00:00\",\"mainEntityOfPage\":{\"@id\":\"https:\\\/\\\/www.birgit-itse.com\\\/et\\\/ma-lihtsalt-pidin-%f0%9f%98%87\\\/\"},\"wordCount\":870,\"commentCount\":0,\"publisher\":{\"@id\":\"http:\\\/\\\/www.birgit-itse.com\\\/et\\\/#organization\"},\"image\":{\"@id\":\"https:\\\/\\\/www.birgit-itse.com\\\/et\\\/ma-lihtsalt-pidin-%f0%9f%98%87\\\/#primaryimage\"},\"thumbnailUrl\":\"https:\\\/\\\/1.bp.blogspot.com\\\/-XdZKTX-hD2k\\\/XrBCbpZSsGI\\\/AAAAAAAAOpw\\\/6N8_hIU1wgQrB05beOMqpXWt0DLEdP-AACLcBGAsYHQ\\\/s320\\\/20200427_190530.jpg\",\"articleSection\":[\"aberdeen\",\"astelhernes\",\"bridge of don\",\"eestlane \u0161otimaal\",\"head uudised\",\"kirjutamine\",\"lapsega \u0161otimaal\",\"uus kinkeraamat\",\"v\u00e4lismaale kolimine\"],\"inLanguage\":\"et\"},{\"@type\":\"WebPage\",\"@id\":\"https:\\\/\\\/www.birgit-itse.com\\\/et\\\/ma-lihtsalt-pidin-%f0%9f%98%87\\\/\",\"url\":\"https:\\\/\\\/www.birgit-itse.com\\\/et\\\/ma-lihtsalt-pidin-%f0%9f%98%87\\\/\",\"name\":\"Ma lihtsalt pidin! \ud83d\ude07 - Birgit Itse - Be Inspired\",\"isPartOf\":{\"@id\":\"http:\\\/\\\/www.birgit-itse.com\\\/et\\\/#website\"},\"primaryImageOfPage\":{\"@id\":\"https:\\\/\\\/www.birgit-itse.com\\\/et\\\/ma-lihtsalt-pidin-%f0%9f%98%87\\\/#primaryimage\"},\"image\":{\"@id\":\"https:\\\/\\\/www.birgit-itse.com\\\/et\\\/ma-lihtsalt-pidin-%f0%9f%98%87\\\/#primaryimage\"},\"thumbnailUrl\":\"https:\\\/\\\/1.bp.blogspot.com\\\/-XdZKTX-hD2k\\\/XrBCbpZSsGI\\\/AAAAAAAAOpw\\\/6N8_hIU1wgQrB05beOMqpXWt0DLEdP-AACLcBGAsYHQ\\\/s320\\\/20200427_190530.jpg\",\"datePublished\":\"2020-05-04T17:27:00+00:00\",\"breadcrumb\":{\"@id\":\"https:\\\/\\\/www.birgit-itse.com\\\/et\\\/ma-lihtsalt-pidin-%f0%9f%98%87\\\/#breadcrumb\"},\"inLanguage\":\"et\",\"potentialAction\":[{\"@type\":\"ReadAction\",\"target\":[\"https:\\\/\\\/www.birgit-itse.com\\\/et\\\/ma-lihtsalt-pidin-%f0%9f%98%87\\\/\"]}]},{\"@type\":\"ImageObject\",\"inLanguage\":\"et\",\"@id\":\"https:\\\/\\\/www.birgit-itse.com\\\/et\\\/ma-lihtsalt-pidin-%f0%9f%98%87\\\/#primaryimage\",\"url\":\"https:\\\/\\\/1.bp.blogspot.com\\\/-XdZKTX-hD2k\\\/XrBCbpZSsGI\\\/AAAAAAAAOpw\\\/6N8_hIU1wgQrB05beOMqpXWt0DLEdP-AACLcBGAsYHQ\\\/s320\\\/20200427_190530.jpg\",\"contentUrl\":\"https:\\\/\\\/1.bp.blogspot.com\\\/-XdZKTX-hD2k\\\/XrBCbpZSsGI\\\/AAAAAAAAOpw\\\/6N8_hIU1wgQrB05beOMqpXWt0DLEdP-AACLcBGAsYHQ\\\/s320\\\/20200427_190530.jpg\"},{\"@type\":\"BreadcrumbList\",\"@id\":\"https:\\\/\\\/www.birgit-itse.com\\\/et\\\/ma-lihtsalt-pidin-%f0%9f%98%87\\\/#breadcrumb\",\"itemListElement\":[{\"@type\":\"ListItem\",\"position\":1,\"name\":\"Home\",\"item\":\"http:\\\/\\\/www.birgit-itse.com\\\/et\\\/\"},{\"@type\":\"ListItem\",\"position\":2,\"name\":\"Ma lihtsalt pidin! \ud83d\ude07\"}]},{\"@type\":\"WebSite\",\"@id\":\"http:\\\/\\\/www.birgit-itse.com\\\/et\\\/#website\",\"url\":\"http:\\\/\\\/www.birgit-itse.com\\\/et\\\/\",\"name\":\"Birgit Itse - Be Inspired\",\"description\":\"Ghostwriter, Author, Keynote Speaker\",\"publisher\":{\"@id\":\"http:\\\/\\\/www.birgit-itse.com\\\/et\\\/#organization\"},\"potentialAction\":[{\"@type\":\"SearchAction\",\"target\":{\"@type\":\"EntryPoint\",\"urlTemplate\":\"http:\\\/\\\/www.birgit-itse.com\\\/et\\\/?s={search_term_string}\"},\"query-input\":{\"@type\":\"PropertyValueSpecification\",\"valueRequired\":true,\"valueName\":\"search_term_string\"}}],\"inLanguage\":\"et\"},{\"@type\":\"Organization\",\"@id\":\"http:\\\/\\\/www.birgit-itse.com\\\/et\\\/#organization\",\"name\":\"Birgit Itse - Be Inspired\",\"url\":\"http:\\\/\\\/www.birgit-itse.com\\\/et\\\/\",\"logo\":{\"@type\":\"ImageObject\",\"inLanguage\":\"et\",\"@id\":\"http:\\\/\\\/www.birgit-itse.com\\\/et\\\/#\\\/schema\\\/logo\\\/image\\\/\",\"url\":\"https:\\\/\\\/www.birgit-itse.com\\\/wp-content\\\/uploads\\\/2020\\\/10\\\/cropped-Birgit-name-logo-orange.png\",\"contentUrl\":\"https:\\\/\\\/www.birgit-itse.com\\\/wp-content\\\/uploads\\\/2020\\\/10\\\/cropped-Birgit-name-logo-orange.png\",\"width\":1326,\"height\":841,\"caption\":\"Birgit Itse - Be Inspired\"},\"image\":{\"@id\":\"http:\\\/\\\/www.birgit-itse.com\\\/et\\\/#\\\/schema\\\/logo\\\/image\\\/\"}},{\"@type\":\"Person\",\"@id\":\"http:\\\/\\\/www.birgit-itse.com\\\/et\\\/#\\\/schema\\\/person\\\/3f7c1c34cf70c1ed6f580544f8ae6b7b\",\"name\":\"Birgit\",\"image\":{\"@type\":\"ImageObject\",\"inLanguage\":\"et\",\"@id\":\"https:\\\/\\\/secure.gravatar.com\\\/avatar\\\/?s=96&d=mm&r=g\",\"url\":\"https:\\\/\\\/secure.gravatar.com\\\/avatar\\\/?s=96&d=mm&r=g\",\"contentUrl\":\"https:\\\/\\\/secure.gravatar.com\\\/avatar\\\/?s=96&d=mm&r=g\",\"caption\":\"Birgit\"},\"url\":\"https:\\\/\\\/www.birgit-itse.com\\\/et\\\/author\\\/birgit\\\/\"}]}<\/script>\n<!-- \/ Yoast SEO plugin. -->","yoast_head_json":{"title":"Ma lihtsalt pidin! \ud83d\ude07 - Birgit Itse - Be Inspired","robots":{"index":"index","follow":"follow","max-snippet":"max-snippet:-1","max-image-preview":"max-image-preview:large","max-video-preview":"max-video-preview:-1"},"canonical":"https:\/\/www.birgit-itse.com\/et\/ma-lihtsalt-pidin-\ud83d\ude07\/","og_locale":"et_EE","og_type":"article","og_title":"Ma lihtsalt pidin! \ud83d\ude07 - Birgit Itse - Be Inspired","og_description":"Teate seda tunnet, kus tagantj\u00e4rele saab \u00f6elda, et &#8220;ma lihtsalt pidin!&#8221;. Mul on t\u00e4na samasugune tunne. Tegelikult hakkas juba eile vaikselt ketrama. Hommikust saati.V\u00f5tame teemade kaupa. Viimasel ajal k\u00f5ige enam elevust tekitanud s\u00fcndmus on muidugi raamat. Sellega on n\u00fc\u00fcd nii, et t\u00e4na l\u00e4ks see tr\u00fckikotta. K\u00f5ik. Esikaas, tiitelleht ja k\u00f5ik-k\u00f5ik on valmis ja enam midagi [&hellip;]","og_url":"https:\/\/www.birgit-itse.com\/et\/ma-lihtsalt-pidin-\ud83d\ude07\/","og_site_name":"Birgit Itse - Be Inspired","article_published_time":"2020-05-04T17:27:00+00:00","og_image":[{"url":"https:\/\/1.bp.blogspot.com\/-XdZKTX-hD2k\/XrBCbpZSsGI\/AAAAAAAAOpw\/6N8_hIU1wgQrB05beOMqpXWt0DLEdP-AACLcBGAsYHQ\/s320\/20200427_190530.jpg","type":"","width":"","height":""}],"author":"Birgit","twitter_card":"summary_large_image","twitter_misc":{"Written by":"Birgit","Est. reading time":"4 minutit"},"schema":{"@context":"https:\/\/schema.org","@graph":[{"@type":"Article","@id":"https:\/\/www.birgit-itse.com\/et\/ma-lihtsalt-pidin-%f0%9f%98%87\/#article","isPartOf":{"@id":"https:\/\/www.birgit-itse.com\/et\/ma-lihtsalt-pidin-%f0%9f%98%87\/"},"author":{"name":"Birgit","@id":"http:\/\/www.birgit-itse.com\/et\/#\/schema\/person\/3f7c1c34cf70c1ed6f580544f8ae6b7b"},"headline":"Ma lihtsalt pidin! \ud83d\ude07","datePublished":"2020-05-04T17:27:00+00:00","mainEntityOfPage":{"@id":"https:\/\/www.birgit-itse.com\/et\/ma-lihtsalt-pidin-%f0%9f%98%87\/"},"wordCount":870,"commentCount":0,"publisher":{"@id":"http:\/\/www.birgit-itse.com\/et\/#organization"},"image":{"@id":"https:\/\/www.birgit-itse.com\/et\/ma-lihtsalt-pidin-%f0%9f%98%87\/#primaryimage"},"thumbnailUrl":"https:\/\/1.bp.blogspot.com\/-XdZKTX-hD2k\/XrBCbpZSsGI\/AAAAAAAAOpw\/6N8_hIU1wgQrB05beOMqpXWt0DLEdP-AACLcBGAsYHQ\/s320\/20200427_190530.jpg","articleSection":["aberdeen","astelhernes","bridge of don","eestlane \u0161otimaal","head uudised","kirjutamine","lapsega \u0161otimaal","uus kinkeraamat","v\u00e4lismaale kolimine"],"inLanguage":"et"},{"@type":"WebPage","@id":"https:\/\/www.birgit-itse.com\/et\/ma-lihtsalt-pidin-%f0%9f%98%87\/","url":"https:\/\/www.birgit-itse.com\/et\/ma-lihtsalt-pidin-%f0%9f%98%87\/","name":"Ma lihtsalt pidin! \ud83d\ude07 - Birgit Itse - Be Inspired","isPartOf":{"@id":"http:\/\/www.birgit-itse.com\/et\/#website"},"primaryImageOfPage":{"@id":"https:\/\/www.birgit-itse.com\/et\/ma-lihtsalt-pidin-%f0%9f%98%87\/#primaryimage"},"image":{"@id":"https:\/\/www.birgit-itse.com\/et\/ma-lihtsalt-pidin-%f0%9f%98%87\/#primaryimage"},"thumbnailUrl":"https:\/\/1.bp.blogspot.com\/-XdZKTX-hD2k\/XrBCbpZSsGI\/AAAAAAAAOpw\/6N8_hIU1wgQrB05beOMqpXWt0DLEdP-AACLcBGAsYHQ\/s320\/20200427_190530.jpg","datePublished":"2020-05-04T17:27:00+00:00","breadcrumb":{"@id":"https:\/\/www.birgit-itse.com\/et\/ma-lihtsalt-pidin-%f0%9f%98%87\/#breadcrumb"},"inLanguage":"et","potentialAction":[{"@type":"ReadAction","target":["https:\/\/www.birgit-itse.com\/et\/ma-lihtsalt-pidin-%f0%9f%98%87\/"]}]},{"@type":"ImageObject","inLanguage":"et","@id":"https:\/\/www.birgit-itse.com\/et\/ma-lihtsalt-pidin-%f0%9f%98%87\/#primaryimage","url":"https:\/\/1.bp.blogspot.com\/-XdZKTX-hD2k\/XrBCbpZSsGI\/AAAAAAAAOpw\/6N8_hIU1wgQrB05beOMqpXWt0DLEdP-AACLcBGAsYHQ\/s320\/20200427_190530.jpg","contentUrl":"https:\/\/1.bp.blogspot.com\/-XdZKTX-hD2k\/XrBCbpZSsGI\/AAAAAAAAOpw\/6N8_hIU1wgQrB05beOMqpXWt0DLEdP-AACLcBGAsYHQ\/s320\/20200427_190530.jpg"},{"@type":"BreadcrumbList","@id":"https:\/\/www.birgit-itse.com\/et\/ma-lihtsalt-pidin-%f0%9f%98%87\/#breadcrumb","itemListElement":[{"@type":"ListItem","position":1,"name":"Home","item":"http:\/\/www.birgit-itse.com\/et\/"},{"@type":"ListItem","position":2,"name":"Ma lihtsalt pidin! \ud83d\ude07"}]},{"@type":"WebSite","@id":"http:\/\/www.birgit-itse.com\/et\/#website","url":"http:\/\/www.birgit-itse.com\/et\/","name":"Birgit Itse - Be Inspired","description":"Ghostwriter, Author, Keynote Speaker","publisher":{"@id":"http:\/\/www.birgit-itse.com\/et\/#organization"},"potentialAction":[{"@type":"SearchAction","target":{"@type":"EntryPoint","urlTemplate":"http:\/\/www.birgit-itse.com\/et\/?s={search_term_string}"},"query-input":{"@type":"PropertyValueSpecification","valueRequired":true,"valueName":"search_term_string"}}],"inLanguage":"et"},{"@type":"Organization","@id":"http:\/\/www.birgit-itse.com\/et\/#organization","name":"Birgit Itse - Be Inspired","url":"http:\/\/www.birgit-itse.com\/et\/","logo":{"@type":"ImageObject","inLanguage":"et","@id":"http:\/\/www.birgit-itse.com\/et\/#\/schema\/logo\/image\/","url":"https:\/\/www.birgit-itse.com\/wp-content\/uploads\/2020\/10\/cropped-Birgit-name-logo-orange.png","contentUrl":"https:\/\/www.birgit-itse.com\/wp-content\/uploads\/2020\/10\/cropped-Birgit-name-logo-orange.png","width":1326,"height":841,"caption":"Birgit Itse - Be Inspired"},"image":{"@id":"http:\/\/www.birgit-itse.com\/et\/#\/schema\/logo\/image\/"}},{"@type":"Person","@id":"http:\/\/www.birgit-itse.com\/et\/#\/schema\/person\/3f7c1c34cf70c1ed6f580544f8ae6b7b","name":"Birgit","image":{"@type":"ImageObject","inLanguage":"et","@id":"https:\/\/secure.gravatar.com\/avatar\/?s=96&d=mm&r=g","url":"https:\/\/secure.gravatar.com\/avatar\/?s=96&d=mm&r=g","contentUrl":"https:\/\/secure.gravatar.com\/avatar\/?s=96&d=mm&r=g","caption":"Birgit"},"url":"https:\/\/www.birgit-itse.com\/et\/author\/birgit\/"}]}},"_links":{"self":[{"href":"https:\/\/www.birgit-itse.com\/et\/wp-json\/wp\/v2\/posts\/982","targetHints":{"allow":["GET"]}}],"collection":[{"href":"https:\/\/www.birgit-itse.com\/et\/wp-json\/wp\/v2\/posts"}],"about":[{"href":"https:\/\/www.birgit-itse.com\/et\/wp-json\/wp\/v2\/types\/post"}],"author":[{"embeddable":true,"href":"https:\/\/www.birgit-itse.com\/et\/wp-json\/wp\/v2\/users\/2"}],"replies":[{"embeddable":true,"href":"https:\/\/www.birgit-itse.com\/et\/wp-json\/wp\/v2\/comments?post=982"}],"version-history":[{"count":0,"href":"https:\/\/www.birgit-itse.com\/et\/wp-json\/wp\/v2\/posts\/982\/revisions"}],"wp:attachment":[{"href":"https:\/\/www.birgit-itse.com\/et\/wp-json\/wp\/v2\/media?parent=982"}],"wp:term":[{"taxonomy":"category","embeddable":true,"href":"https:\/\/www.birgit-itse.com\/et\/wp-json\/wp\/v2\/categories?post=982"},{"taxonomy":"post_tag","embeddable":true,"href":"https:\/\/www.birgit-itse.com\/et\/wp-json\/wp\/v2\/tags?post=982"}],"curies":[{"name":"wp","href":"https:\/\/api.w.org\/{rel}","templated":true}]}}