{"id":985,"date":"2020-04-16T15:24:00","date_gmt":"2020-04-16T15:24:00","guid":{"rendered":"https:\/\/birgit-itse.com\/2020\/04\/16\/nagu-niuhti\/"},"modified":"2020-04-16T15:24:00","modified_gmt":"2020-04-16T15:24:00","slug":"nagu-niuhti","status":"publish","type":"post","link":"https:\/\/www.birgit-itse.com\/et\/nagu-niuhti\/","title":{"rendered":"Nagu niuhti!"},"content":{"rendered":"<p><a href=\"https:\/\/1.bp.blogspot.com\/-1R8sX7gjIAY\/XphstnsXuiI\/AAAAAAAAOks\/wQUvBzhZ3foFJJTcEQP-AUHKV_wmDoAQACLcBGAsYHQ\/s1600\/20200411_212454.jpg\" style=\"clear: right; float: right; margin-bottom: 1em; margin-left: 1em;\"><img decoding=\"async\" border=\"0\" data-original-height=\"1600\" data-original-width=\"739\" height=\"320\" src=\"https:\/\/1.bp.blogspot.com\/-1R8sX7gjIAY\/XphstnsXuiI\/AAAAAAAAOks\/wQUvBzhZ3foFJJTcEQP-AUHKV_wmDoAQACLcBGAsYHQ\/s320\/20200411_212454.jpg\" width=\"147\" \/><\/a>Kutil hakkab koolivaheaeg l\u00e4bi saama, mis t\u00e4hendab, et uuest n\u00e4dalast tuleb hakata aega jaotama taas t\u00f6\u00f6tamise, \u00f5ppimise ja kirjutamise ning majapidamist\u00f6\u00f6de vahel. See kaks n\u00e4dalat on l\u00e4inud nagu niuhti.<br \/>Naudime siis neid nelja p\u00e4eva, mis veel j\u00e4rele on j\u00e4\u00e4nud. Ma juba tean, millega ma oma laup\u00e4eva \u00f5htut sisustan. \u00dcks v\u00e4ga hea kontsert tuleb. \ud83c\udfb5<br \/>Kui eelmine n\u00e4dal oli ilm veel parasjagu jahe, siis n\u00e4dala l\u00f5pp ja selle n\u00e4dala algus oli t\u00f5eliselt soe. Nii soe, et viskas 18 kraadi \u00e4ra mere \u00e4\u00e4res. Me k\u00e4isime m\u00f5lemad Kutiga jalgupidi vees. \ud83c\udf1e<\/p>\n<p>Mis tuletab mulle meelde, et kui me siin paar n\u00e4dalat tagasi Musta Koera randa jalutasime, siis ta otsustas seal P\u00f5hjamerd maitsa. Puristas t\u00fckk aega. Olla soolane olnud. \ud83d\ude02<\/p>\n<p>Sattusime mere \u00e4\u00e4rde just siis, kui t\u00f5us hakkas. P\u00e4ris p\u00f5nev oli j\u00e4lgida, kuidas vesi j\u00e4rjekindlalt l\u00e4hemalt liikus ning lained omavahel kokku rullusid. Tol p\u00e4eval me ei teinudki pikemat k\u00f5ndimist. Lihtsalt istusime, nautisime ja olime. Rahus. \ud83d\udc99<\/p>\n<div style=\"clear: both; text-align: center;\"><a href=\"https:\/\/1.bp.blogspot.com\/-y-Exe0l-MrM\/Xphu6wzFymI\/AAAAAAAAOk4\/2UubTQAQXJULil_dT8KhKCrOFYhYHehrACLcBGAsYHQ\/s1600\/20200411_153158.jpg\" style=\"margin-left: 1em; margin-right: 1em;\"><img fetchpriority=\"high\" decoding=\"async\" alt=\"P\u00f5hjameri, eestlane \u0160otimaal\" border=\"0\" data-original-height=\"739\" data-original-width=\"1600\" height=\"294\" src=\"https:\/\/1.bp.blogspot.com\/-y-Exe0l-MrM\/Xphu6wzFymI\/AAAAAAAAOk4\/2UubTQAQXJULil_dT8KhKCrOFYhYHehrACLcBGAsYHQ\/s640\/20200411_153158.jpg\" title=\"\" width=\"640\" \/><\/a><\/div>\n<p>Ca n\u00e4dala jagu tagasi aga otsustasime minna Tillydrone&#8217;i linnaosas asuvasse Poola poodi. Tundus l\u00e4hemal kui need kesklinna omad ning ikka juhtub ju, et tahaks teinekord mannavahtu teha. Mannat siin n-\u00f6 tavapoodides ei m\u00fc\u00fcda, sest kohalikud seda ei tarvita. Seega ainus variant ongi kas Kesk-ja Ida-Euroopa poed v\u00f5i hea juhuse korral leiab suurte supermarketite rahvusvaheliste toitude riiulitelt ka. Meil nii h\u00e4sti pole l\u00e4inud. Ilmselt pole osanud \u00f5igest kohast otsida.&nbsp; Kui me alguses lootsime, et saame enda karumsivarusid t\u00e4iendada, siis see pood oli ainult Poola kaupadele. Kutile ei meeldinud seal \u00fcldse. N\u00e4gin kohe, kuidas n\u00e4gu l\u00e4ks pilve. Peale vee ei tahtnud ta sealt poest midagi. Veidi erksamaks l\u00e4ks siis, kui pelmeenide peale n\u00e4itasin, aga nagu p\u00e4rast v\u00e4lja tuli, siis need polnudki pelmeenid, vaid vareenikud. S\u00f6\u00f6 ise, kui tahad. \ud83d\ude48 Ega rohkem pole sinna plaanis minna t\u00f5esti, sest poola keelt ma ei oska ja vene keel lonkab ka kaht jalga korraga.<br \/>Pigem siis juba kesklinna George&#8217;i t\u00e4navale, kus on mitu sarnast poodi, kuigi mannat ja \u00fcht-teist veel me sealt siiski ostsime. Jah, mannavahu tegime \u00e4ra. S\u00fcgavk\u00fclmast vaarikaid mahla asemel. Tuli selline m\u00f5nus vaarikane. Kutt jahutas ja vahustas. Tuli m\u00f5nus kreemine. Sain kah kausikese, aga \u00fcldiselt oli tegemist l\u00fchikese realiseerimisajaga tootega. V\u00e4hem kui 24h l\u00e4ks suur kausit\u00e4is.<\/p>\n<div style=\"clear: both; text-align: center;\"><a href=\"https:\/\/1.bp.blogspot.com\/-UZwORGbIkrk\/XphvpgPd4lI\/AAAAAAAAOlI\/AyHIREXNcKcdpc7Lg6zUMfpQTIMOrkJiwCLcBGAsYHQ\/s1600\/20200409_194732.jpg\" style=\"clear: left; float: left; margin-bottom: 1em; margin-right: 1em;\"><img decoding=\"async\" border=\"0\" data-original-height=\"1600\" data-original-width=\"739\" height=\"320\" src=\"https:\/\/1.bp.blogspot.com\/-UZwORGbIkrk\/XphvpgPd4lI\/AAAAAAAAOlI\/AyHIREXNcKcdpc7Lg6zUMfpQTIMOrkJiwCLcBGAsYHQ\/s320\/20200409_194732.jpg\" width=\"147\" \/><\/a><\/div>\n<p>Ega me muidugi kahetse, et selle k\u00e4igu ette v\u00f5tsime. Saime v\u00e4hemalt teada, millega tegemist ning n\u00e4gime seda osa Aberdeenist, mida enne n\u00e4inud pole. Ning veendusime taas t\u00e4nulikkusega, kui h\u00e4sti me otsustasime, et just selle maja valisime, mitte m\u00f5nd teist paika Aberdeenis. Meil on nii palju ilusaid parke ja rohelisi alasid vaid 15 minuti kaugusel kodust. Palju on avarust ning isegi kortermajad sulanduvad eramajade vahele h\u00e4sti.<br \/>Kuidagi hea, kerge ja helge on olla. See nartsissiv\u00e4ljadega pilt on tehtud Seaton pargis, mis meie linnaosa ja Tillydrone&#8217;i \u00fchendab v\u00f5i lahutab, v\u00f5tke, kuidas soovite. \ud83d\ude03<br \/>Seaton pargis n\u00e4gime juba, kuidas politseinikud kannavad \u00f5ues l\u00fchikeste k\u00e4istega mundrit. Brrr. Mul oli tol \u00f5htul veel talvejope seljas ja ei \u00fctleks, et liiga palju riideid oleks seljas olnud.<br \/>Need nartsissiv\u00e4ljad on siin t\u00f5esti imelised. Nii palju erinevaid sorte &#8211; k\u00fcll 10 sentimeetri k\u00f5rgustest mininartsissidest kuni suurte ja tugevate \u00f5itega, h\u00e4sti l\u00f5hnavate isenditeni.<br \/>Ahjaa, kodul\u00e4hedases Westfield pargis n\u00e4gime p\u00e4ris kadakat kah! Ei olnud astelhernes, vaid t\u00e4itsa kadakas.<\/p>\n<p>Tillydrone&#8217;ist l\u00e4bi jalutades \u00fctles Kutt, et &#8220;kuidagi s\u00fcnge, siin k\u00fcll ei tahaks elada,&#8221; ning v\u00f5ttis k\u00e4est kinni. \ud83e\uddd2Oli jah s\u00fcngev\u00f5itu. Eks ma olin varem ka kuulnud, et kunagi oli see paik \u00fcsna metsik olnud, kuid n\u00fc\u00fcd nagu v\u00e4hem. Iseenesest ei olnud ju linnaosale midagi ette heita &#8211; kortermajad ilusad korras, oli ka vanu maja. Osa kortermaju n\u00e4isid suisa uued. Poed, haljasalad, laiad t\u00e4navad, aga ometi&#8230; \u0160otlasi olen \u00f5ppinud juba n-\u00f6 n\u00e4o j\u00e4rgi \u00e4ra tundma ning seal linnaosas paistis neid v\u00f5rdlemisi v\u00e4he olevat. K\u00fcll aga oli rohkelt keskeurooplasi.<br \/>Jah, pr\u00fcgi oli kah rohkesti. Treppidel ja ka haljasaladel. See vast kah suurendas seda s\u00fcngust. \u00dche koha peal j\u00f5e k\u00f5rgemal kaldal lendles suisa \u00e4\u00e4dikak\u00e4rbseid parvedena. Ma ei olegi veel pihta saanud, miks peaks siin pr\u00fcgi loodusesse viskama, sest pr\u00fcgivedu on selle <i>linnamaksu <\/i>sees. Nagu ka vesi ja kanalisatsioon, linna rendipindadel isegi haljastust\u00f6\u00f6d sh muru niitmine suvel.<\/p>\n<table align=\"center\" cellpadding=\"0\" cellspacing=\"0\" style=\"margin-left: auto; margin-right: auto; text-align: center;\">\n<tbody>\n<tr>\n<td style=\"text-align: center;\"><a href=\"https:\/\/1.bp.blogspot.com\/-tXmYbk7ERaU\/XrUdakg5IGI\/AAAAAAAAOsU\/a4awBmLsGjU6RgkOrhrklALseSXL1g2gwCLcBGAsYHQ\/s1600\/20200409_181842.jpg\" style=\"margin-left: auto; margin-right: auto;\"><img loading=\"lazy\" decoding=\"async\" alt=\"h\u00fcljes, noor h\u00fcljes, h\u00fcljes puu otsas\" border=\"0\" data-original-height=\"739\" data-original-width=\"1600\" height=\"294\" src=\"https:\/\/1.bp.blogspot.com\/-tXmYbk7ERaU\/XrUdakg5IGI\/AAAAAAAAOsU\/a4awBmLsGjU6RgkOrhrklALseSXL1g2gwCLcBGAsYHQ\/s640\/20200409_181842.jpg\" title=\"H\u00fcljes Sammy, nagu teda n\u00fc\u00fcd kutsutakse\" width=\"640\" \/><\/a><\/td>\n<\/tr>\n<tr>\n<td style=\"text-align: center;\">H\u00fcljes Sammy, nagu teda n\u00fc\u00fcd kutsutakse.&nbsp;<\/td>\n<\/tr>\n<\/tbody>\n<\/table>\n<div style=\"clear: both; text-align: center;\"><\/div>\n<p>Ma arvan, et tolle \u00f5htu k\u00f5ige nunnum hetk oli taaskohtumine h\u00fclgega. Sellesamaga, kes ca kuu aega tagasi puu otsas oli. Ikka Doni j\u00f5gi.<br \/>Me vaatasime teda t\u00fckk aega, tema meid. Olime seekord teisel kaldal ja \u00fcksteisele \u00fcsna l\u00e4hedal. M\u00f5nusalt s\u00fcgas ennast vahepeal, j\u00e4lgis, mis meie teeme.<\/p>\n<table cellpadding=\"0\" cellspacing=\"0\" style=\"float: right; margin-left: 1em; text-align: right;\">\n<tbody>\n<tr>\n<td style=\"text-align: center;\"><a href=\"https:\/\/1.bp.blogspot.com\/-sq1OdDYGqFw\/XrUdpk629yI\/AAAAAAAAOsY\/JH9d8tk_mxoB5Pmc6F753SVrITp66orwwCLcBGAsYHQ\/s1600\/20200409_182101.jpg\" style=\"clear: right; margin-bottom: 1em; margin-left: auto; margin-right: auto;\"><img loading=\"lazy\" decoding=\"async\" alt=\"Laps ja h\u00fcljes, H\u00fcljes puu otsas\" border=\"0\" data-original-height=\"1600\" data-original-width=\"739\" height=\"320\" src=\"https:\/\/1.bp.blogspot.com\/-sq1OdDYGqFw\/XrUdpk629yI\/AAAAAAAAOsY\/JH9d8tk_mxoB5Pmc6F753SVrITp66orwwCLcBGAsYHQ\/s320\/20200409_182101.jpg\" title=\"Noored omavahel\" width=\"147\" \/><\/a><\/td>\n<\/tr>\n<tr>\n<td style=\"text-align: center;\">Noored omavahel.&nbsp;<\/td>\n<\/tr>\n<\/tbody>\n<\/table>\n<p>Kutt muidugi muretses ja pabistas, et \u00e4kki peaks loomakaitsjad kutsuma, kuid t\u00f5en\u00e4oliselt on spetsialistid juba olukorraga kursis, kuna kohalikest sotsiaalmeedia gruppidest ilmnes, et tegemist on Aberdeeni k\u00f5ige enam pildistatud h\u00fclgega sel kevadel. \ud83d\ude00Tundus \u00fcsna sedamoodi, et kui ta natuke end veeretaks, oleks pl\u00e4rtsuga vees. See, kuidas ta sellisele k\u00f5rgusele saab ronitud, on muidugi isek\u00fcsimus. Ma pole k\u00fcll kindel, et mina kuivaks j\u00e4\u00e4ksin, kui nii kitsast t\u00fcve pidi nii pikka maad peaks ronima ainult end k\u00e4tega edasi t\u00f5mmates. \ud83d\ude49Hmm, m\u00f5tlesin just, kuidas loivamine sai praegu just uue t\u00e4henduse.<br \/>Ma arvan, et oma paark\u00fcmmend minutit k\u00fcll j\u00e4lgisime seda vaatem\u00e4ngu. Loomaaed just p\u00e4ris koju k\u00e4tte ei tule, aga ega palju jalutada pole vaja, et h\u00fclgeid vaadata.<br \/>\u00dcks hommik, kui Kutiga k\u00e4isime p\u00e4ikeset\u00f5usu vaatamas, n\u00e4gime kodule l\u00e4hemal korraga nelja h\u00fcljest ujumas. Nad ikka seal Doni j\u00f5e suudmes asuval saarel peesitavad ja tegid hommikust suplust. Seega, h\u00fclgeid oleme sel aastal n\u00e4inud. N\u00fc\u00fcd peaks v\u00f5tma jalutusk\u00e4igu ette paika, kus saab delfiinid ka \u00e4ra vaadata. Seni oleme n\u00e4inud \u00fcht ja \u00fcsna kaugelt, aga kuuldavasti on nad just praegu Aberdeenile \u00fcsna l\u00e4hedal.<br \/>\ud83d\udc2c\ud83d\udc2c Ehk laup\u00e4eval v\u00f5tame k\u00e4igu ette. V\u00e4ga sooja ilma tolleks p\u00e4evaks just ei luba, esialgu vaid 8 kraadi, aga no n\u00e4eme.<\/p>\n<p>Mul on tegelikult veel \u00fcks p\u00f5hjus, miks pole leidnud mahti blogi kirjutada. Hahaa, tahaks \u00f6elda, et pole n\u00f5udlust olnud, aga tegelikult on peagi \u00fcks \u00fcllatus ilmsiks saamas. Esialgu hoian veel p\u00f5nevust. Need, kes teavad, need teavad. \ud83d\ude0d Teised saavad ilmselt uuel n\u00e4dalal teada.<br \/>Kui teil oma ajaga midagi paremat teha pole, siis hoidke p\u00f6idlaid pihus, et mai l\u00f5puks lennuliiklus taastunud on. Siis saame ette-ja tagantj\u00e4rele \u00e4ra s\u00fc\u00fca k\u00f5ik s\u00fcnnip\u00e4evatordid (mul on Paides oma tordiv\u00f5lur) ja verivorstid kartulisalatiga (selle teen ise). Kutt tahab pelmeene, \ud83d\ude0bmul k\u00e4ivad neelud t\u00e4di Lea marineeritud kurkide j\u00e4rele.<br \/>Ja neid s\u00fcnnip\u00e4evi, mida ette-ja tagantj\u00e4rele pidada \u00f5nneks on. Proovisin siin kokku lugeda: k\u00fcmne juures loobusin. \ud83d\ude00 \u00dche laua plaanin ise ka katta, kus ja millal, sellest juba siis, kui asjad kindlamad.<\/p>\n<p><\/p>","protected":false},"excerpt":{"rendered":"<p>Kutil hakkab koolivaheaeg l\u00e4bi saama, mis t\u00e4hendab, et uuest n\u00e4dalast tuleb hakata aega jaotama taas t\u00f6\u00f6tamise, \u00f5ppimise ja kirjutamise ning majapidamist\u00f6\u00f6de vahel. See kaks n\u00e4dalat on l\u00e4inud nagu niuhti.Naudime siis neid nelja p\u00e4eva, mis veel j\u00e4rele on j\u00e4\u00e4nud. Ma juba tean, millega ma oma laup\u00e4eva \u00f5htut sisustan. \u00dcks v\u00e4ga hea kontsert tuleb. \ud83c\udfb5Kui eelmine n\u00e4dal [&hellip;]<\/p>\n","protected":false},"author":2,"featured_media":0,"comment_status":"open","ping_status":"open","sticky":false,"template":"","format":"standard","meta":{"footnotes":""},"categories":[45,21,141,155,76,142,126,120],"tags":[],"class_list":["post-985","post","type-post","status-publish","format-standard","hentry","category-aberdeen","category-eestlane-sotimaal","category-hulgevaatlus","category-kohalikud-poed","category-lapsega-sotimaal","category-sotimaa-ilmad","category-uus-kinkeraamat","category-valismaale-kolimine","entry","owp-thumbs-layout-horizontal","owp-btn-normal","owp-tabs-layout-horizontal","has-no-thumbnails","has-product-nav"],"yoast_head":"<!-- This site is optimized with the Yoast SEO plugin v27.4 - https:\/\/yoast.com\/product\/yoast-seo-wordpress\/ -->\n<title>Nagu niuhti! - Birgit Itse - Be Inspired<\/title>\n<meta name=\"robots\" content=\"index, follow, max-snippet:-1, max-image-preview:large, max-video-preview:-1\" \/>\n<link rel=\"canonical\" href=\"https:\/\/birgit-itse.com\/et\/nagu-niuhti\/\" \/>\n<meta property=\"og:locale\" content=\"et_EE\" \/>\n<meta property=\"og:type\" content=\"article\" \/>\n<meta property=\"og:title\" content=\"Nagu niuhti! - Birgit Itse - Be Inspired\" \/>\n<meta property=\"og:description\" content=\"Kutil hakkab koolivaheaeg l\u00e4bi saama, mis t\u00e4hendab, et uuest n\u00e4dalast tuleb hakata aega jaotama taas t\u00f6\u00f6tamise, \u00f5ppimise ja kirjutamise ning majapidamist\u00f6\u00f6de vahel. See kaks n\u00e4dalat on l\u00e4inud nagu niuhti.Naudime siis neid nelja p\u00e4eva, mis veel j\u00e4rele on j\u00e4\u00e4nud. Ma juba tean, millega ma oma laup\u00e4eva \u00f5htut sisustan. \u00dcks v\u00e4ga hea kontsert tuleb. \ud83c\udfb5Kui eelmine n\u00e4dal [&hellip;]\" \/>\n<meta property=\"og:url\" content=\"https:\/\/birgit-itse.com\/et\/nagu-niuhti\/\" \/>\n<meta property=\"og:site_name\" content=\"Birgit Itse - Be Inspired\" \/>\n<meta property=\"article:published_time\" content=\"2020-04-16T15:24:00+00:00\" \/>\n<meta property=\"og:image\" content=\"https:\/\/1.bp.blogspot.com\/-1R8sX7gjIAY\/XphstnsXuiI\/AAAAAAAAOks\/wQUvBzhZ3foFJJTcEQP-AUHKV_wmDoAQACLcBGAsYHQ\/s320\/20200411_212454.jpg\" \/>\n<meta name=\"author\" content=\"Birgit\" \/>\n<meta name=\"twitter:card\" content=\"summary_large_image\" \/>\n<meta name=\"twitter:label1\" content=\"Written by\" \/>\n\t<meta name=\"twitter:data1\" content=\"Birgit\" \/>\n\t<meta name=\"twitter:label2\" content=\"Est. reading time\" \/>\n\t<meta name=\"twitter:data2\" content=\"6 minutit\" \/>\n<script type=\"application\/ld+json\" class=\"yoast-schema-graph\">{\"@context\":\"https:\\\/\\\/schema.org\",\"@graph\":[{\"@type\":\"Article\",\"@id\":\"https:\\\/\\\/birgit-itse.com\\\/et\\\/nagu-niuhti\\\/#article\",\"isPartOf\":{\"@id\":\"https:\\\/\\\/birgit-itse.com\\\/et\\\/nagu-niuhti\\\/\"},\"author\":{\"name\":\"Birgit\",\"@id\":\"https:\\\/\\\/www.birgit-itse.com\\\/#\\\/schema\\\/person\\\/3f7c1c34cf70c1ed6f580544f8ae6b7b\"},\"headline\":\"Nagu niuhti!\",\"datePublished\":\"2020-04-16T15:24:00+00:00\",\"mainEntityOfPage\":{\"@id\":\"https:\\\/\\\/birgit-itse.com\\\/et\\\/nagu-niuhti\\\/\"},\"wordCount\":1197,\"commentCount\":0,\"publisher\":{\"@id\":\"https:\\\/\\\/www.birgit-itse.com\\\/#organization\"},\"image\":{\"@id\":\"https:\\\/\\\/birgit-itse.com\\\/et\\\/nagu-niuhti\\\/#primaryimage\"},\"thumbnailUrl\":\"https:\\\/\\\/1.bp.blogspot.com\\\/-1R8sX7gjIAY\\\/XphstnsXuiI\\\/AAAAAAAAOks\\\/wQUvBzhZ3foFJJTcEQP-AUHKV_wmDoAQACLcBGAsYHQ\\\/s320\\\/20200411_212454.jpg\",\"articleSection\":[\"aberdeen\",\"eestlane \u0161otimaal\",\"h\u00fclgevaatlus\",\"kohalikud poed\",\"lapsega \u0161otimaal\",\"\u0161otimaa ilmad\",\"uus kinkeraamat\",\"v\u00e4lismaale kolimine\"],\"inLanguage\":\"et\"},{\"@type\":\"WebPage\",\"@id\":\"https:\\\/\\\/birgit-itse.com\\\/et\\\/nagu-niuhti\\\/\",\"url\":\"https:\\\/\\\/birgit-itse.com\\\/et\\\/nagu-niuhti\\\/\",\"name\":\"Nagu niuhti! - Birgit Itse - Be Inspired\",\"isPartOf\":{\"@id\":\"https:\\\/\\\/www.birgit-itse.com\\\/#website\"},\"primaryImageOfPage\":{\"@id\":\"https:\\\/\\\/birgit-itse.com\\\/et\\\/nagu-niuhti\\\/#primaryimage\"},\"image\":{\"@id\":\"https:\\\/\\\/birgit-itse.com\\\/et\\\/nagu-niuhti\\\/#primaryimage\"},\"thumbnailUrl\":\"https:\\\/\\\/1.bp.blogspot.com\\\/-1R8sX7gjIAY\\\/XphstnsXuiI\\\/AAAAAAAAOks\\\/wQUvBzhZ3foFJJTcEQP-AUHKV_wmDoAQACLcBGAsYHQ\\\/s320\\\/20200411_212454.jpg\",\"datePublished\":\"2020-04-16T15:24:00+00:00\",\"breadcrumb\":{\"@id\":\"https:\\\/\\\/birgit-itse.com\\\/et\\\/nagu-niuhti\\\/#breadcrumb\"},\"inLanguage\":\"et\",\"potentialAction\":[{\"@type\":\"ReadAction\",\"target\":[\"https:\\\/\\\/birgit-itse.com\\\/et\\\/nagu-niuhti\\\/\"]}]},{\"@type\":\"ImageObject\",\"inLanguage\":\"et\",\"@id\":\"https:\\\/\\\/birgit-itse.com\\\/et\\\/nagu-niuhti\\\/#primaryimage\",\"url\":\"https:\\\/\\\/1.bp.blogspot.com\\\/-1R8sX7gjIAY\\\/XphstnsXuiI\\\/AAAAAAAAOks\\\/wQUvBzhZ3foFJJTcEQP-AUHKV_wmDoAQACLcBGAsYHQ\\\/s320\\\/20200411_212454.jpg\",\"contentUrl\":\"https:\\\/\\\/1.bp.blogspot.com\\\/-1R8sX7gjIAY\\\/XphstnsXuiI\\\/AAAAAAAAOks\\\/wQUvBzhZ3foFJJTcEQP-AUHKV_wmDoAQACLcBGAsYHQ\\\/s320\\\/20200411_212454.jpg\"},{\"@type\":\"BreadcrumbList\",\"@id\":\"https:\\\/\\\/birgit-itse.com\\\/et\\\/nagu-niuhti\\\/#breadcrumb\",\"itemListElement\":[{\"@type\":\"ListItem\",\"position\":1,\"name\":\"Home\",\"item\":\"https:\\\/\\\/birgit-itse.com\\\/et\\\/\"},{\"@type\":\"ListItem\",\"position\":2,\"name\":\"Nagu niuhti!\"}]},{\"@type\":\"WebSite\",\"@id\":\"https:\\\/\\\/www.birgit-itse.com\\\/#website\",\"url\":\"https:\\\/\\\/www.birgit-itse.com\\\/\",\"name\":\"Birgit Itse - Be Inspired\",\"description\":\"Ghostwriter, Author, Keynote Speaker\",\"publisher\":{\"@id\":\"https:\\\/\\\/www.birgit-itse.com\\\/#organization\"},\"potentialAction\":[{\"@type\":\"SearchAction\",\"target\":{\"@type\":\"EntryPoint\",\"urlTemplate\":\"https:\\\/\\\/www.birgit-itse.com\\\/?s={search_term_string}\"},\"query-input\":{\"@type\":\"PropertyValueSpecification\",\"valueRequired\":true,\"valueName\":\"search_term_string\"}}],\"inLanguage\":\"et\"},{\"@type\":\"Organization\",\"@id\":\"https:\\\/\\\/www.birgit-itse.com\\\/#organization\",\"name\":\"Birgit Itse - Be Inspired\",\"url\":\"https:\\\/\\\/www.birgit-itse.com\\\/\",\"logo\":{\"@type\":\"ImageObject\",\"inLanguage\":\"et\",\"@id\":\"https:\\\/\\\/www.birgit-itse.com\\\/#\\\/schema\\\/logo\\\/image\\\/\",\"url\":\"https:\\\/\\\/www.birgit-itse.com\\\/wp-content\\\/uploads\\\/2020\\\/10\\\/cropped-Birgit-name-logo-orange.png\",\"contentUrl\":\"https:\\\/\\\/www.birgit-itse.com\\\/wp-content\\\/uploads\\\/2020\\\/10\\\/cropped-Birgit-name-logo-orange.png\",\"width\":1326,\"height\":841,\"caption\":\"Birgit Itse - Be Inspired\"},\"image\":{\"@id\":\"https:\\\/\\\/www.birgit-itse.com\\\/#\\\/schema\\\/logo\\\/image\\\/\"}},{\"@type\":\"Person\",\"@id\":\"https:\\\/\\\/www.birgit-itse.com\\\/#\\\/schema\\\/person\\\/3f7c1c34cf70c1ed6f580544f8ae6b7b\",\"name\":\"Birgit\",\"image\":{\"@type\":\"ImageObject\",\"inLanguage\":\"et\",\"@id\":\"https:\\\/\\\/secure.gravatar.com\\\/avatar\\\/?s=96&d=mm&r=g\",\"url\":\"https:\\\/\\\/secure.gravatar.com\\\/avatar\\\/?s=96&d=mm&r=g\",\"contentUrl\":\"https:\\\/\\\/secure.gravatar.com\\\/avatar\\\/?s=96&d=mm&r=g\",\"caption\":\"Birgit\"},\"url\":\"https:\\\/\\\/www.birgit-itse.com\\\/et\\\/author\\\/birgit\\\/\"}]}<\/script>\n<!-- \/ Yoast SEO plugin. -->","yoast_head_json":{"title":"Nagu niuhti! - Birgit Itse - Be Inspired","robots":{"index":"index","follow":"follow","max-snippet":"max-snippet:-1","max-image-preview":"max-image-preview:large","max-video-preview":"max-video-preview:-1"},"canonical":"https:\/\/birgit-itse.com\/et\/nagu-niuhti\/","og_locale":"et_EE","og_type":"article","og_title":"Nagu niuhti! - Birgit Itse - Be Inspired","og_description":"Kutil hakkab koolivaheaeg l\u00e4bi saama, mis t\u00e4hendab, et uuest n\u00e4dalast tuleb hakata aega jaotama taas t\u00f6\u00f6tamise, \u00f5ppimise ja kirjutamise ning majapidamist\u00f6\u00f6de vahel. See kaks n\u00e4dalat on l\u00e4inud nagu niuhti.Naudime siis neid nelja p\u00e4eva, mis veel j\u00e4rele on j\u00e4\u00e4nud. Ma juba tean, millega ma oma laup\u00e4eva \u00f5htut sisustan. \u00dcks v\u00e4ga hea kontsert tuleb. \ud83c\udfb5Kui eelmine n\u00e4dal [&hellip;]","og_url":"https:\/\/birgit-itse.com\/et\/nagu-niuhti\/","og_site_name":"Birgit Itse - Be Inspired","article_published_time":"2020-04-16T15:24:00+00:00","og_image":[{"url":"https:\/\/1.bp.blogspot.com\/-1R8sX7gjIAY\/XphstnsXuiI\/AAAAAAAAOks\/wQUvBzhZ3foFJJTcEQP-AUHKV_wmDoAQACLcBGAsYHQ\/s320\/20200411_212454.jpg","type":"","width":"","height":""}],"author":"Birgit","twitter_card":"summary_large_image","twitter_misc":{"Written by":"Birgit","Est. reading time":"6 minutit"},"schema":{"@context":"https:\/\/schema.org","@graph":[{"@type":"Article","@id":"https:\/\/birgit-itse.com\/et\/nagu-niuhti\/#article","isPartOf":{"@id":"https:\/\/birgit-itse.com\/et\/nagu-niuhti\/"},"author":{"name":"Birgit","@id":"https:\/\/www.birgit-itse.com\/#\/schema\/person\/3f7c1c34cf70c1ed6f580544f8ae6b7b"},"headline":"Nagu niuhti!","datePublished":"2020-04-16T15:24:00+00:00","mainEntityOfPage":{"@id":"https:\/\/birgit-itse.com\/et\/nagu-niuhti\/"},"wordCount":1197,"commentCount":0,"publisher":{"@id":"https:\/\/www.birgit-itse.com\/#organization"},"image":{"@id":"https:\/\/birgit-itse.com\/et\/nagu-niuhti\/#primaryimage"},"thumbnailUrl":"https:\/\/1.bp.blogspot.com\/-1R8sX7gjIAY\/XphstnsXuiI\/AAAAAAAAOks\/wQUvBzhZ3foFJJTcEQP-AUHKV_wmDoAQACLcBGAsYHQ\/s320\/20200411_212454.jpg","articleSection":["aberdeen","eestlane \u0161otimaal","h\u00fclgevaatlus","kohalikud poed","lapsega \u0161otimaal","\u0161otimaa ilmad","uus kinkeraamat","v\u00e4lismaale kolimine"],"inLanguage":"et"},{"@type":"WebPage","@id":"https:\/\/birgit-itse.com\/et\/nagu-niuhti\/","url":"https:\/\/birgit-itse.com\/et\/nagu-niuhti\/","name":"Nagu niuhti! - Birgit Itse - Be Inspired","isPartOf":{"@id":"https:\/\/www.birgit-itse.com\/#website"},"primaryImageOfPage":{"@id":"https:\/\/birgit-itse.com\/et\/nagu-niuhti\/#primaryimage"},"image":{"@id":"https:\/\/birgit-itse.com\/et\/nagu-niuhti\/#primaryimage"},"thumbnailUrl":"https:\/\/1.bp.blogspot.com\/-1R8sX7gjIAY\/XphstnsXuiI\/AAAAAAAAOks\/wQUvBzhZ3foFJJTcEQP-AUHKV_wmDoAQACLcBGAsYHQ\/s320\/20200411_212454.jpg","datePublished":"2020-04-16T15:24:00+00:00","breadcrumb":{"@id":"https:\/\/birgit-itse.com\/et\/nagu-niuhti\/#breadcrumb"},"inLanguage":"et","potentialAction":[{"@type":"ReadAction","target":["https:\/\/birgit-itse.com\/et\/nagu-niuhti\/"]}]},{"@type":"ImageObject","inLanguage":"et","@id":"https:\/\/birgit-itse.com\/et\/nagu-niuhti\/#primaryimage","url":"https:\/\/1.bp.blogspot.com\/-1R8sX7gjIAY\/XphstnsXuiI\/AAAAAAAAOks\/wQUvBzhZ3foFJJTcEQP-AUHKV_wmDoAQACLcBGAsYHQ\/s320\/20200411_212454.jpg","contentUrl":"https:\/\/1.bp.blogspot.com\/-1R8sX7gjIAY\/XphstnsXuiI\/AAAAAAAAOks\/wQUvBzhZ3foFJJTcEQP-AUHKV_wmDoAQACLcBGAsYHQ\/s320\/20200411_212454.jpg"},{"@type":"BreadcrumbList","@id":"https:\/\/birgit-itse.com\/et\/nagu-niuhti\/#breadcrumb","itemListElement":[{"@type":"ListItem","position":1,"name":"Home","item":"https:\/\/birgit-itse.com\/et\/"},{"@type":"ListItem","position":2,"name":"Nagu niuhti!"}]},{"@type":"WebSite","@id":"https:\/\/www.birgit-itse.com\/#website","url":"https:\/\/www.birgit-itse.com\/","name":"Birgit Itse - Be Inspired","description":"Ghostwriter, Author, Keynote Speaker","publisher":{"@id":"https:\/\/www.birgit-itse.com\/#organization"},"potentialAction":[{"@type":"SearchAction","target":{"@type":"EntryPoint","urlTemplate":"https:\/\/www.birgit-itse.com\/?s={search_term_string}"},"query-input":{"@type":"PropertyValueSpecification","valueRequired":true,"valueName":"search_term_string"}}],"inLanguage":"et"},{"@type":"Organization","@id":"https:\/\/www.birgit-itse.com\/#organization","name":"Birgit Itse - Be Inspired","url":"https:\/\/www.birgit-itse.com\/","logo":{"@type":"ImageObject","inLanguage":"et","@id":"https:\/\/www.birgit-itse.com\/#\/schema\/logo\/image\/","url":"https:\/\/www.birgit-itse.com\/wp-content\/uploads\/2020\/10\/cropped-Birgit-name-logo-orange.png","contentUrl":"https:\/\/www.birgit-itse.com\/wp-content\/uploads\/2020\/10\/cropped-Birgit-name-logo-orange.png","width":1326,"height":841,"caption":"Birgit Itse - Be Inspired"},"image":{"@id":"https:\/\/www.birgit-itse.com\/#\/schema\/logo\/image\/"}},{"@type":"Person","@id":"https:\/\/www.birgit-itse.com\/#\/schema\/person\/3f7c1c34cf70c1ed6f580544f8ae6b7b","name":"Birgit","image":{"@type":"ImageObject","inLanguage":"et","@id":"https:\/\/secure.gravatar.com\/avatar\/?s=96&d=mm&r=g","url":"https:\/\/secure.gravatar.com\/avatar\/?s=96&d=mm&r=g","contentUrl":"https:\/\/secure.gravatar.com\/avatar\/?s=96&d=mm&r=g","caption":"Birgit"},"url":"https:\/\/www.birgit-itse.com\/et\/author\/birgit\/"}]}},"_links":{"self":[{"href":"https:\/\/www.birgit-itse.com\/et\/wp-json\/wp\/v2\/posts\/985","targetHints":{"allow":["GET"]}}],"collection":[{"href":"https:\/\/www.birgit-itse.com\/et\/wp-json\/wp\/v2\/posts"}],"about":[{"href":"https:\/\/www.birgit-itse.com\/et\/wp-json\/wp\/v2\/types\/post"}],"author":[{"embeddable":true,"href":"https:\/\/www.birgit-itse.com\/et\/wp-json\/wp\/v2\/users\/2"}],"replies":[{"embeddable":true,"href":"https:\/\/www.birgit-itse.com\/et\/wp-json\/wp\/v2\/comments?post=985"}],"version-history":[{"count":0,"href":"https:\/\/www.birgit-itse.com\/et\/wp-json\/wp\/v2\/posts\/985\/revisions"}],"wp:attachment":[{"href":"https:\/\/www.birgit-itse.com\/et\/wp-json\/wp\/v2\/media?parent=985"}],"wp:term":[{"taxonomy":"category","embeddable":true,"href":"https:\/\/www.birgit-itse.com\/et\/wp-json\/wp\/v2\/categories?post=985"},{"taxonomy":"post_tag","embeddable":true,"href":"https:\/\/www.birgit-itse.com\/et\/wp-json\/wp\/v2\/tags?post=985"}],"curies":[{"name":"wp","href":"https:\/\/api.w.org\/{rel}","templated":true}]}}