{"id":989,"date":"2020-03-18T13:47:00","date_gmt":"2020-03-18T13:47:00","guid":{"rendered":"https:\/\/birgit-itse.com\/2020\/03\/18\/kaks-puukallistajat-ja-koer-nimega-lily\/"},"modified":"2020-03-18T13:47:00","modified_gmt":"2020-03-18T13:47:00","slug":"kaks-puukallistajat-ja-koer-nimega-lily","status":"publish","type":"post","link":"https:\/\/www.birgit-itse.com\/et\/kaks-puukallistajat-ja-koer-nimega-lily\/","title":{"rendered":"Kaks puukallistajat ja koer nimega Lily"},"content":{"rendered":"<p><a href=\"https:\/\/1.bp.blogspot.com\/-duP5J2zKv8k\/XnIb9dXT77I\/AAAAAAAAOEM\/kjrw2e-5UhMDhyxDjnJAwC4UGiig3YcpQCLcBGAsYHQ\/s1600\/20200315_164651.jpg\" style=\"clear: right; float: right; margin-bottom: 1em; margin-left: 1em;\"><img fetchpriority=\"high\" decoding=\"async\" border=\"0\" data-original-height=\"1600\" data-original-width=\"739\" height=\"640\" src=\"https:\/\/1.bp.blogspot.com\/-duP5J2zKv8k\/XnIb9dXT77I\/AAAAAAAAOEM\/kjrw2e-5UhMDhyxDjnJAwC4UGiig3YcpQCLcBGAsYHQ\/s640\/20200315_164651.jpg\" width=\"292\" \/><\/a>Mul on v\u00e4lja kujunemas kaks lemmikkohta, kus jalutamas k\u00e4ia. \u00dcks on mere\u00e4\u00e4rne promenaad ja teine on Scotstown Moor ehk kohalik n\u00f5mm. Nendes paikades paar-kolm tundi ringi uidata ja m\u00f5tteid puhastada, end helidesse ja vaatepilti \u00e4ra kaotada on \u00fcsna lihtne.\ud83d\udc99 See meeldib mulle.<\/p>\n<p>J\u00f5e\u00e4\u00e4rsed rajad on ka toredad, kuid kui hing rahu otsib, siis t\u00f5mbab esimesse kahte. \u00dcksp\u00e4ev k\u00e4isime Kutiga j\u00e4lle n\u00f5mmel. Minu salaplaan oli seekord \u00e4ra vaadata ka see pool, kuhu esimese k\u00e4iguga ei j\u00f5udnud. Seal on kilomeetrite, v\u00f5i nagu siin \u00f6eldakse, miilide viisi radu, mida m\u00f6\u00f6da jalutada. \ud83d\udc4dMaastik on ka h\u00e4sti liigirikas: on metsa, puuparke, lodusid, astelhernega v\u00f5psikuid ja turbasamblaseid laugastega maastikke, heinamaid. Mis t\u00e4hendab teatavasti tohutut liigirikkust. Ma olen v\u00e4ga p\u00f5nevil, kuidas k\u00f5ik kuu v\u00f5i kahe p\u00e4rast seal sumisema ja l\u00f5hnama hakkab.<\/p>\n<p>\ud83d\udcaeLumikellukesi, kohe-kohe \u00f5ide puhkevaid nartsisse (nagu olen kirjutanud, siis need \u00f5itsevad siin metsikult, samuti krookused) oli muidugi ka, aga astelhernes oma p\u00e4ikesekollaste \u00f5itega ning see roosa\u00f5ieline p\u00f5\u00f5sas moodustasid kaunid v\u00e4rvilaigud maapinnast k\u00f5rgemal. Kontrastid selles neljas aastaajas, mida tol \u00f5htul n\u00f5mmel kogeda \u00f5nnestus. Lund, p\u00e4ikest, tuult, vihma, k\u00f5ike oli.<\/p>\n<p>Alguses k\u00f5ndisime m\u00f6\u00f6da tuttavat rada, p\u00f5ikasime suureks kasvanud nn puup\u00f5llule, kus h\u00f5bedaste otstega kuuselaadsed puud nagu joonlauaga pandult sirgusid. \u00dchest ladvast paiskus lendu kari vareseid. Segasime vist nende n\u00f5upidamise \u00e4ra.<\/p>\n<p><a href=\"https:\/\/1.bp.blogspot.com\/-El9jCMJWijY\/XnIeVcRNPqI\/AAAAAAAAOEY\/U7bwkHeNvo8kbscPs7-_ZscTYO62RCN2gCLcBGAsYHQ\/s1600\/20200315_170215.jpg\" style=\"clear: left; float: left; margin-bottom: 1em; margin-right: 1em;\"><img decoding=\"async\" border=\"0\" data-original-height=\"1600\" data-original-width=\"739\" height=\"320\" src=\"https:\/\/1.bp.blogspot.com\/-El9jCMJWijY\/XnIeVcRNPqI\/AAAAAAAAOEY\/U7bwkHeNvo8kbscPs7-_ZscTYO62RCN2gCLcBGAsYHQ\/s320\/20200315_170215.jpg\" width=\"147\" \/><\/a>V\u00e4iksest k\u00fcnkast \u00fcles minnes olime otsekui vanal k\u00fclat\u00e4naval &#8211; kahel pool olid sammaldunud kiviaiad. Astelhernest ja kuivanud puid oli talgute k\u00e4igus v\u00e4hemaks v\u00f5etud ning lagedamatel kohtadel oli n\u00e4ha ka l\u00f5kkej\u00e4lgi, kuid j\u00e4tkuvalt oli vaatepilt \u00fcsna \u00fcrgne. Ma pole end kunagi v\u00e4ga metsa-inimeseks pidanud, aga metsa servas, kergete p\u00f5igetega puude alla meeldib mulle jalutada k\u00fcll. Naissaarel giidiks olles oli \u00fcks mu lemmikradu just see k\u00f5rge kaldapealne, mis sadamast H\u00fclkari poole viis. Oli avarust, tuult ja varju. Palju-palju rahu, sest enamus valis liivase tee, mitte samblast metsarada. \ud83d\udc9a<br \/>Scotstowni metsatukad on teistsugused. Puudki on teistsugused. Alguses hirmutavana tundunud astelhernes hakkab tasapisi omaseks saama &#8211; seda on lihtsalt nii palju siin igal pool. Ei, ei ole invasiivne v\u00f5\u00f5rliik, vaid t\u00e4iesti kohalik. Mis ei t\u00e4henda, et seda piirama ei peaks. Seekord jalutades n\u00e4gime ka \u00fcsna mitut platsi, mis olid lagedaks, puhtaks raiutud.<br \/>Salap\u00e4raseid radu, nagu v\u00e4ikseid turvalisi tunneleid j\u00e4tkus sellegipoolest. \ud83d\ude0fNagu pildilt n\u00e4ha, siis on tegemist \u00fcsna k\u00e4idavate radadega.<br \/><i><b>Oma puu<\/b><\/i> leidsime ka n\u00f5mmel. Ma olen harva tundnud kuuskedel sellist tugevat l\u00f5hna. See oli segu okaste, koore ja vaigu l\u00f5hnast. Ma tean, et okaspuud v\u00f5ivad tugevalt l\u00f5hnata, Eestis elades kasvas \u00f5uel suur nulg, mis l\u00f5hnas alati, kui okste vastu l\u00e4ksid. Selle, vana n\u00f5mmemetsa servas asuva kuuse l\u00f5hna tundsime s\u00f5na otseses meetrite kaugusele.<\/p>\n<div style=\"clear: both; text-align: center;\"><a href=\"https:\/\/1.bp.blogspot.com\/-fFUUXCOs6sQ\/XnIiNn6j61I\/AAAAAAAAOEk\/eEQyu8hQrVQXqXLrJffvBPaebS0TEHdhgCLcBGAsYHQ\/s1600\/20200315_172844.jpg\" style=\"clear: right; float: right; margin-bottom: 1em; margin-left: 1em;\"><img decoding=\"async\" border=\"0\" data-original-height=\"739\" data-original-width=\"1600\" height=\"147\" src=\"https:\/\/1.bp.blogspot.com\/-fFUUXCOs6sQ\/XnIiNn6j61I\/AAAAAAAAOEk\/eEQyu8hQrVQXqXLrJffvBPaebS0TEHdhgCLcBGAsYHQ\/s320\/20200315_172844.jpg\" width=\"320\" \/><\/a><\/div>\n<p>L\u00f5hna peale me ligemale l\u00e4ksimegi. Mul tekib harva soov end vastu puud toetada v\u00f5i panna p\u00f5ske vastu puukoort, k\u00e4tega libistada m\u00f6\u00f6da t\u00fcve ja t\u00f5mmata s\u00f5\u00f5rmetesse hoovihmade, \u00f5htu karguse ja iidsele puule omast l\u00f5hnade segu, kuid sel korral ma seda tegin. Me m\u00f5lemad tegime. Vaatasime okstelt tilkuvat vaiku ning lagendikul kaduva p\u00e4ikese kumas lendlevat tihedat, peenikest vihma, kuulasime latvasid sasivat tuult ning lihtsalt olime. Me k\u00fcll ei r\u00e4\u00e4kinud sellest p\u00e4rast omavahel Kutiga, aga mul on tunne, et sellest on saanud meie &#8220;oma puu&#8221; me m\u00f5lema jaoks.<\/p>\n<table align=\"center\" cellpadding=\"0\" cellspacing=\"0\" style=\"margin-left: auto; margin-right: auto; text-align: center;\">\n<tbody>\n<tr>\n<td style=\"text-align: center;\"><a href=\"https:\/\/1.bp.blogspot.com\/-KRXMJDz8dTI\/XnIjJ_RDAfI\/AAAAAAAAOEs\/T0XQM-egwagk4OF5ml4kQZ5gLYWeeM6WACLcBGAsYHQ\/s1600\/20200315_170503.jpg\" style=\"margin-left: auto; margin-right: auto;\"><img loading=\"lazy\" decoding=\"async\" border=\"0\" data-original-height=\"1200\" data-original-width=\"1600\" height=\"480\" src=\"https:\/\/1.bp.blogspot.com\/-KRXMJDz8dTI\/XnIjJ_RDAfI\/AAAAAAAAOEs\/T0XQM-egwagk4OF5ml4kQZ5gLYWeeM6WACLcBGAsYHQ\/s640\/20200315_170503.jpg\" width=\"640\" \/><\/a><\/td>\n<\/tr>\n<tr>\n<td style=\"text-align: center;\">Vaadake taevast ka &#8211; t\u00e4iesti erineva ilma v\u00e4rvid on seal. \ud83d\ude09<\/td>\n<\/tr>\n<\/tbody>\n<\/table>\n<p>Sel korral n\u00e4gime t\u00f5esti \u00e4ra ka teise poole n\u00f5mmest, kuhu eelmisel korral ei j\u00f5udnud. Inimesi (ja koeri) oli sel korral v\u00e4he, aga kui me olime oma jalutusk\u00e4igu alguses, tuli majade vahelt noorem mees oma pruuni koeraga. &#8220;Lily,&#8221; kutsus ta koera, kes oli ilmselgelt Kutist huvitatud. Metsa vahele padrikusse nad kadusid siiski.<br \/>\ud83d\udc15Veidi p\u00e4rast selle pildi tegemist ristusid me rajad uuesti ja sel korral Lily enam meie juurest lahkuda ei tahtnud. Olgem t\u00e4psed, rajad isegi ei ristunud, vaid koer tuli meie juurde. H\u00fc\u00fcdis see mees, mis ta h\u00fc\u00fcdis, vilistas, mis ta vilistas, aga koer meie juurest \u00e4ra ei l\u00e4inud. L\u00e4ksime meie teise suunda, tuli meiega kaasa. Nagu oleks meil lihapallid taskus olnud v\u00f5i eestimaine suitsuvorst. Ei olnud, aus\u00f5na ei olnud ja seda ma peremehel naljatades kinnitasin ka, aga ta eriti jutukas ei olnud. \ud83d\ude15Eks k\u00f5igil ole paremaid ja kehvemaid p\u00e4evi. Me ei osanud muud teha, kui v\u00f5tsime siis suuna noormehe poole ja siis l\u00e4ks koer ka peremehe juurde tagasi.&nbsp;&nbsp;\ud83d\ude01Meil Kutiga oli muidugi l\u00f5bus, peremehel mitte eriti. Pani koera rihma otsa.<\/p>\n<div style=\"clear: both; text-align: center;\"><a href=\"https:\/\/1.bp.blogspot.com\/-WSkblJNf6ks\/XnImQWf4tVI\/AAAAAAAAOE4\/0OdvrIvUwnULFoHp-JDIEwOcawKiMyEtwCLcBGAsYHQ\/s1600\/20200315_165424.jpg\" style=\"margin-left: 1em; margin-right: 1em;\"><img loading=\"lazy\" decoding=\"async\" border=\"0\" data-original-height=\"739\" data-original-width=\"1600\" height=\"294\" src=\"https:\/\/1.bp.blogspot.com\/-WSkblJNf6ks\/XnImQWf4tVI\/AAAAAAAAOE4\/0OdvrIvUwnULFoHp-JDIEwOcawKiMyEtwCLcBGAsYHQ\/s640\/20200315_165424.jpg\" width=\"640\" \/><\/a><\/div>\n<p>P\u00e4evavalgus hakkas otsa saama. Selgi korral l\u00e4ksime p\u00e4rastl\u00f5unal, kuid \u00f5htud on ju n\u00fc\u00fcd valgemad. Seega on ka aega tuiamiseks rohkem. R\u00e4\u00e4kisimegi just hommikul Kutiga, et n\u00fc\u00fcd saame koolij\u00e4rgseid jalutusk\u00e4ike suurendada, vaadata \u00fcle tuttavad rajad ning k\u00e4ia kohtades, kuhu pole \u00fcldse j\u00f5udnud. Ja neid on ikka v\u00e4ga palju kasv\u00f5i siinsamas linnas. Ta oli t\u00e4itsa p\u00e4ri sellega, peaasi, et me ikka kesklinnas asuvasse <b>suurde <\/b>lasteraamatukokku ka j\u00f5uaks. \ud83d\ude0a Ta on n\u00fc\u00fcd paar \u00f5htut k\u00e4inud t\u00e4itsa omal algatusel raamatukogus koolit\u00f6id tegemas ja raamatuid lugemas. Telku sai meil kogemata m\u00e4nguautoga veits pihta nii et sel h\u00e4\u00e4l on, aga pilti pole. Jah, ma tean, tavaliselt inimestega on vastupidi. \ud83d\ude00 Majaomanikuga sellest suuremat probleemi ei tekkinud, sest uus sai asemele ostetud. &#8220;\u00d5nnetusi ikka juhtub, \u00e4rge muretsege,&#8221; lohutas ta, kui selgitasin, kuidas see k\u00f5ik juhtus. Tal oli Kutist suisa kahju, sest see juhtus ju j\u00e4rgmisel hommikul kohe p\u00e4rast seda, kui me traumapunktis olime k\u00e4inud. Ta arvas, et seda telekat, mis meile j\u00e4i, saab parandada st kahjustus on ainult ekraanil ning selle vahetus maksvat ca \u00a350. \u00dctleme nii, et praegu on olnud olulisemaid asju, millele aega kulutada, kui remondimeest otsida. \ud83d\ude09<br \/>N\u00fc\u00fcd tuleb end k\u00e4sile v\u00f5tta, teha \u00e4ra t\u00f6\u00f6asjad ja kirjutada Avatud \u00dclikooli l\u00f5put\u00f6\u00f6 valmis. Siis v\u00f5ib n\u00e4dalavahetus tulla!<\/p>","protected":false},"excerpt":{"rendered":"<p>Mul on v\u00e4lja kujunemas kaks lemmikkohta, kus jalutamas k\u00e4ia. \u00dcks on mere\u00e4\u00e4rne promenaad ja teine on Scotstown Moor ehk kohalik n\u00f5mm. Nendes paikades paar-kolm tundi ringi uidata ja m\u00f5tteid puhastada, end helidesse ja vaatepilti \u00e4ra kaotada on \u00fcsna lihtne.\ud83d\udc99 See meeldib mulle. J\u00f5e\u00e4\u00e4rsed rajad on ka toredad, kuid kui hing rahu otsib, siis t\u00f5mbab esimesse [&hellip;]<\/p>\n","protected":false},"author":2,"featured_media":0,"comment_status":"open","ping_status":"open","sticky":false,"template":"","format":"standard","meta":{"footnotes":""},"categories":[152,162,21,110,76,144,158,128,111],"tags":[],"class_list":["post-989","post","type-post","status-publish","format-standard","hentry","category-astelhernes","category-bjorn-daehlie","category-eestlane-sotimaal","category-kirjutamine","category-lapsega-sotimaal","category-mis-on-moor","category-scotstown-moor","category-sotimaa-ilm","category-sotimaa-nomm","entry","owp-thumbs-layout-horizontal","owp-btn-normal","owp-tabs-layout-horizontal","has-no-thumbnails","has-product-nav"],"yoast_head":"<!-- This site is optimized with the Yoast SEO plugin v27.4 - https:\/\/yoast.com\/product\/yoast-seo-wordpress\/ -->\n<title>Kaks puukallistajat ja koer nimega Lily - Birgit Itse - Be Inspired<\/title>\n<meta name=\"robots\" content=\"index, follow, max-snippet:-1, max-image-preview:large, max-video-preview:-1\" \/>\n<link rel=\"canonical\" href=\"https:\/\/birgit-itse.com\/et\/kaks-puukallistajat-ja-koer-nimega-lily\/\" \/>\n<meta property=\"og:locale\" content=\"et_EE\" \/>\n<meta property=\"og:type\" content=\"article\" \/>\n<meta property=\"og:title\" content=\"Kaks puukallistajat ja koer nimega Lily - Birgit Itse - Be Inspired\" \/>\n<meta property=\"og:description\" content=\"Mul on v\u00e4lja kujunemas kaks lemmikkohta, kus jalutamas k\u00e4ia. \u00dcks on mere\u00e4\u00e4rne promenaad ja teine on Scotstown Moor ehk kohalik n\u00f5mm. Nendes paikades paar-kolm tundi ringi uidata ja m\u00f5tteid puhastada, end helidesse ja vaatepilti \u00e4ra kaotada on \u00fcsna lihtne.\ud83d\udc99 See meeldib mulle. J\u00f5e\u00e4\u00e4rsed rajad on ka toredad, kuid kui hing rahu otsib, siis t\u00f5mbab esimesse [&hellip;]\" \/>\n<meta property=\"og:url\" content=\"https:\/\/birgit-itse.com\/et\/kaks-puukallistajat-ja-koer-nimega-lily\/\" \/>\n<meta property=\"og:site_name\" content=\"Birgit Itse - Be Inspired\" \/>\n<meta property=\"article:published_time\" content=\"2020-03-18T13:47:00+00:00\" \/>\n<meta property=\"og:image\" content=\"https:\/\/1.bp.blogspot.com\/-duP5J2zKv8k\/XnIb9dXT77I\/AAAAAAAAOEM\/kjrw2e-5UhMDhyxDjnJAwC4UGiig3YcpQCLcBGAsYHQ\/s640\/20200315_164651.jpg\" \/>\n<meta name=\"author\" content=\"Birgit\" \/>\n<meta name=\"twitter:card\" content=\"summary_large_image\" \/>\n<meta name=\"twitter:label1\" content=\"Written by\" \/>\n\t<meta name=\"twitter:data1\" content=\"Birgit\" \/>\n\t<meta name=\"twitter:label2\" content=\"Est. reading time\" \/>\n\t<meta name=\"twitter:data2\" content=\"5 minutit\" \/>\n<script type=\"application\/ld+json\" class=\"yoast-schema-graph\">{\"@context\":\"https:\\\/\\\/schema.org\",\"@graph\":[{\"@type\":\"Article\",\"@id\":\"https:\\\/\\\/birgit-itse.com\\\/et\\\/kaks-puukallistajat-ja-koer-nimega-lily\\\/#article\",\"isPartOf\":{\"@id\":\"https:\\\/\\\/birgit-itse.com\\\/et\\\/kaks-puukallistajat-ja-koer-nimega-lily\\\/\"},\"author\":{\"name\":\"Birgit\",\"@id\":\"https:\\\/\\\/birgit-itse.com\\\/#\\\/schema\\\/person\\\/3f7c1c34cf70c1ed6f580544f8ae6b7b\"},\"headline\":\"Kaks puukallistajat ja koer nimega Lily\",\"datePublished\":\"2020-03-18T13:47:00+00:00\",\"mainEntityOfPage\":{\"@id\":\"https:\\\/\\\/birgit-itse.com\\\/et\\\/kaks-puukallistajat-ja-koer-nimega-lily\\\/\"},\"wordCount\":1024,\"commentCount\":0,\"publisher\":{\"@id\":\"https:\\\/\\\/birgit-itse.com\\\/#organization\"},\"image\":{\"@id\":\"https:\\\/\\\/birgit-itse.com\\\/et\\\/kaks-puukallistajat-ja-koer-nimega-lily\\\/#primaryimage\"},\"thumbnailUrl\":\"https:\\\/\\\/1.bp.blogspot.com\\\/-duP5J2zKv8k\\\/XnIb9dXT77I\\\/AAAAAAAAOEM\\\/kjrw2e-5UhMDhyxDjnJAwC4UGiig3YcpQCLcBGAsYHQ\\\/s640\\\/20200315_164651.jpg\",\"articleSection\":[\"astelhernes\",\"bj\u00f6rn daehlie\",\"eestlane \u0161otimaal\",\"kirjutamine\",\"lapsega \u0161otimaal\",\"mis on moor\",\"scotstown moor\",\"\u0160otimaa ilm\",\"\u0161otimaa n\u00f5mm\"],\"inLanguage\":\"et\"},{\"@type\":\"WebPage\",\"@id\":\"https:\\\/\\\/birgit-itse.com\\\/et\\\/kaks-puukallistajat-ja-koer-nimega-lily\\\/\",\"url\":\"https:\\\/\\\/birgit-itse.com\\\/et\\\/kaks-puukallistajat-ja-koer-nimega-lily\\\/\",\"name\":\"Kaks puukallistajat ja koer nimega Lily - Birgit Itse - Be Inspired\",\"isPartOf\":{\"@id\":\"https:\\\/\\\/birgit-itse.com\\\/#website\"},\"primaryImageOfPage\":{\"@id\":\"https:\\\/\\\/birgit-itse.com\\\/et\\\/kaks-puukallistajat-ja-koer-nimega-lily\\\/#primaryimage\"},\"image\":{\"@id\":\"https:\\\/\\\/birgit-itse.com\\\/et\\\/kaks-puukallistajat-ja-koer-nimega-lily\\\/#primaryimage\"},\"thumbnailUrl\":\"https:\\\/\\\/1.bp.blogspot.com\\\/-duP5J2zKv8k\\\/XnIb9dXT77I\\\/AAAAAAAAOEM\\\/kjrw2e-5UhMDhyxDjnJAwC4UGiig3YcpQCLcBGAsYHQ\\\/s640\\\/20200315_164651.jpg\",\"datePublished\":\"2020-03-18T13:47:00+00:00\",\"breadcrumb\":{\"@id\":\"https:\\\/\\\/birgit-itse.com\\\/et\\\/kaks-puukallistajat-ja-koer-nimega-lily\\\/#breadcrumb\"},\"inLanguage\":\"et\",\"potentialAction\":[{\"@type\":\"ReadAction\",\"target\":[\"https:\\\/\\\/birgit-itse.com\\\/et\\\/kaks-puukallistajat-ja-koer-nimega-lily\\\/\"]}]},{\"@type\":\"ImageObject\",\"inLanguage\":\"et\",\"@id\":\"https:\\\/\\\/birgit-itse.com\\\/et\\\/kaks-puukallistajat-ja-koer-nimega-lily\\\/#primaryimage\",\"url\":\"https:\\\/\\\/1.bp.blogspot.com\\\/-duP5J2zKv8k\\\/XnIb9dXT77I\\\/AAAAAAAAOEM\\\/kjrw2e-5UhMDhyxDjnJAwC4UGiig3YcpQCLcBGAsYHQ\\\/s640\\\/20200315_164651.jpg\",\"contentUrl\":\"https:\\\/\\\/1.bp.blogspot.com\\\/-duP5J2zKv8k\\\/XnIb9dXT77I\\\/AAAAAAAAOEM\\\/kjrw2e-5UhMDhyxDjnJAwC4UGiig3YcpQCLcBGAsYHQ\\\/s640\\\/20200315_164651.jpg\"},{\"@type\":\"BreadcrumbList\",\"@id\":\"https:\\\/\\\/birgit-itse.com\\\/et\\\/kaks-puukallistajat-ja-koer-nimega-lily\\\/#breadcrumb\",\"itemListElement\":[{\"@type\":\"ListItem\",\"position\":1,\"name\":\"Home\",\"item\":\"https:\\\/\\\/birgit-itse.com\\\/\"},{\"@type\":\"ListItem\",\"position\":2,\"name\":\"Kaks puukallistajat ja koer nimega Lily\"}]},{\"@type\":\"WebSite\",\"@id\":\"https:\\\/\\\/birgit-itse.com\\\/#website\",\"url\":\"https:\\\/\\\/birgit-itse.com\\\/\",\"name\":\"Birgit Itse - Be Inspired\",\"description\":\"Ghostwriter, Author, Keynote Speaker\",\"publisher\":{\"@id\":\"https:\\\/\\\/birgit-itse.com\\\/#organization\"},\"potentialAction\":[{\"@type\":\"SearchAction\",\"target\":{\"@type\":\"EntryPoint\",\"urlTemplate\":\"https:\\\/\\\/birgit-itse.com\\\/?s={search_term_string}\"},\"query-input\":{\"@type\":\"PropertyValueSpecification\",\"valueRequired\":true,\"valueName\":\"search_term_string\"}}],\"inLanguage\":\"et\"},{\"@type\":\"Organization\",\"@id\":\"https:\\\/\\\/birgit-itse.com\\\/#organization\",\"name\":\"Birgit Itse - Be Inspired\",\"url\":\"https:\\\/\\\/birgit-itse.com\\\/\",\"logo\":{\"@type\":\"ImageObject\",\"inLanguage\":\"et\",\"@id\":\"https:\\\/\\\/birgit-itse.com\\\/#\\\/schema\\\/logo\\\/image\\\/\",\"url\":\"https:\\\/\\\/www.birgit-itse.com\\\/wp-content\\\/uploads\\\/2020\\\/10\\\/cropped-Birgit-name-logo-orange.png\",\"contentUrl\":\"https:\\\/\\\/www.birgit-itse.com\\\/wp-content\\\/uploads\\\/2020\\\/10\\\/cropped-Birgit-name-logo-orange.png\",\"width\":1326,\"height\":841,\"caption\":\"Birgit Itse - Be Inspired\"},\"image\":{\"@id\":\"https:\\\/\\\/birgit-itse.com\\\/#\\\/schema\\\/logo\\\/image\\\/\"}},{\"@type\":\"Person\",\"@id\":\"https:\\\/\\\/birgit-itse.com\\\/#\\\/schema\\\/person\\\/3f7c1c34cf70c1ed6f580544f8ae6b7b\",\"name\":\"Birgit\",\"image\":{\"@type\":\"ImageObject\",\"inLanguage\":\"et\",\"@id\":\"https:\\\/\\\/secure.gravatar.com\\\/avatar\\\/?s=96&d=mm&r=g\",\"url\":\"https:\\\/\\\/secure.gravatar.com\\\/avatar\\\/?s=96&d=mm&r=g\",\"contentUrl\":\"https:\\\/\\\/secure.gravatar.com\\\/avatar\\\/?s=96&d=mm&r=g\",\"caption\":\"Birgit\"},\"url\":\"https:\\\/\\\/www.birgit-itse.com\\\/et\\\/author\\\/birgit\\\/\"}]}<\/script>\n<!-- \/ Yoast SEO plugin. -->","yoast_head_json":{"title":"Kaks puukallistajat ja koer nimega Lily - Birgit Itse - Be Inspired","robots":{"index":"index","follow":"follow","max-snippet":"max-snippet:-1","max-image-preview":"max-image-preview:large","max-video-preview":"max-video-preview:-1"},"canonical":"https:\/\/birgit-itse.com\/et\/kaks-puukallistajat-ja-koer-nimega-lily\/","og_locale":"et_EE","og_type":"article","og_title":"Kaks puukallistajat ja koer nimega Lily - Birgit Itse - Be Inspired","og_description":"Mul on v\u00e4lja kujunemas kaks lemmikkohta, kus jalutamas k\u00e4ia. \u00dcks on mere\u00e4\u00e4rne promenaad ja teine on Scotstown Moor ehk kohalik n\u00f5mm. Nendes paikades paar-kolm tundi ringi uidata ja m\u00f5tteid puhastada, end helidesse ja vaatepilti \u00e4ra kaotada on \u00fcsna lihtne.\ud83d\udc99 See meeldib mulle. J\u00f5e\u00e4\u00e4rsed rajad on ka toredad, kuid kui hing rahu otsib, siis t\u00f5mbab esimesse [&hellip;]","og_url":"https:\/\/birgit-itse.com\/et\/kaks-puukallistajat-ja-koer-nimega-lily\/","og_site_name":"Birgit Itse - Be Inspired","article_published_time":"2020-03-18T13:47:00+00:00","og_image":[{"url":"https:\/\/1.bp.blogspot.com\/-duP5J2zKv8k\/XnIb9dXT77I\/AAAAAAAAOEM\/kjrw2e-5UhMDhyxDjnJAwC4UGiig3YcpQCLcBGAsYHQ\/s640\/20200315_164651.jpg","type":"","width":"","height":""}],"author":"Birgit","twitter_card":"summary_large_image","twitter_misc":{"Written by":"Birgit","Est. reading time":"5 minutit"},"schema":{"@context":"https:\/\/schema.org","@graph":[{"@type":"Article","@id":"https:\/\/birgit-itse.com\/et\/kaks-puukallistajat-ja-koer-nimega-lily\/#article","isPartOf":{"@id":"https:\/\/birgit-itse.com\/et\/kaks-puukallistajat-ja-koer-nimega-lily\/"},"author":{"name":"Birgit","@id":"https:\/\/birgit-itse.com\/#\/schema\/person\/3f7c1c34cf70c1ed6f580544f8ae6b7b"},"headline":"Kaks puukallistajat ja koer nimega Lily","datePublished":"2020-03-18T13:47:00+00:00","mainEntityOfPage":{"@id":"https:\/\/birgit-itse.com\/et\/kaks-puukallistajat-ja-koer-nimega-lily\/"},"wordCount":1024,"commentCount":0,"publisher":{"@id":"https:\/\/birgit-itse.com\/#organization"},"image":{"@id":"https:\/\/birgit-itse.com\/et\/kaks-puukallistajat-ja-koer-nimega-lily\/#primaryimage"},"thumbnailUrl":"https:\/\/1.bp.blogspot.com\/-duP5J2zKv8k\/XnIb9dXT77I\/AAAAAAAAOEM\/kjrw2e-5UhMDhyxDjnJAwC4UGiig3YcpQCLcBGAsYHQ\/s640\/20200315_164651.jpg","articleSection":["astelhernes","bj\u00f6rn daehlie","eestlane \u0161otimaal","kirjutamine","lapsega \u0161otimaal","mis on moor","scotstown moor","\u0160otimaa ilm","\u0161otimaa n\u00f5mm"],"inLanguage":"et"},{"@type":"WebPage","@id":"https:\/\/birgit-itse.com\/et\/kaks-puukallistajat-ja-koer-nimega-lily\/","url":"https:\/\/birgit-itse.com\/et\/kaks-puukallistajat-ja-koer-nimega-lily\/","name":"Kaks puukallistajat ja koer nimega Lily - Birgit Itse - Be Inspired","isPartOf":{"@id":"https:\/\/birgit-itse.com\/#website"},"primaryImageOfPage":{"@id":"https:\/\/birgit-itse.com\/et\/kaks-puukallistajat-ja-koer-nimega-lily\/#primaryimage"},"image":{"@id":"https:\/\/birgit-itse.com\/et\/kaks-puukallistajat-ja-koer-nimega-lily\/#primaryimage"},"thumbnailUrl":"https:\/\/1.bp.blogspot.com\/-duP5J2zKv8k\/XnIb9dXT77I\/AAAAAAAAOEM\/kjrw2e-5UhMDhyxDjnJAwC4UGiig3YcpQCLcBGAsYHQ\/s640\/20200315_164651.jpg","datePublished":"2020-03-18T13:47:00+00:00","breadcrumb":{"@id":"https:\/\/birgit-itse.com\/et\/kaks-puukallistajat-ja-koer-nimega-lily\/#breadcrumb"},"inLanguage":"et","potentialAction":[{"@type":"ReadAction","target":["https:\/\/birgit-itse.com\/et\/kaks-puukallistajat-ja-koer-nimega-lily\/"]}]},{"@type":"ImageObject","inLanguage":"et","@id":"https:\/\/birgit-itse.com\/et\/kaks-puukallistajat-ja-koer-nimega-lily\/#primaryimage","url":"https:\/\/1.bp.blogspot.com\/-duP5J2zKv8k\/XnIb9dXT77I\/AAAAAAAAOEM\/kjrw2e-5UhMDhyxDjnJAwC4UGiig3YcpQCLcBGAsYHQ\/s640\/20200315_164651.jpg","contentUrl":"https:\/\/1.bp.blogspot.com\/-duP5J2zKv8k\/XnIb9dXT77I\/AAAAAAAAOEM\/kjrw2e-5UhMDhyxDjnJAwC4UGiig3YcpQCLcBGAsYHQ\/s640\/20200315_164651.jpg"},{"@type":"BreadcrumbList","@id":"https:\/\/birgit-itse.com\/et\/kaks-puukallistajat-ja-koer-nimega-lily\/#breadcrumb","itemListElement":[{"@type":"ListItem","position":1,"name":"Home","item":"https:\/\/birgit-itse.com\/"},{"@type":"ListItem","position":2,"name":"Kaks puukallistajat ja koer nimega Lily"}]},{"@type":"WebSite","@id":"https:\/\/birgit-itse.com\/#website","url":"https:\/\/birgit-itse.com\/","name":"Birgit Itse - Be Inspired","description":"Ghostwriter, Author, Keynote Speaker","publisher":{"@id":"https:\/\/birgit-itse.com\/#organization"},"potentialAction":[{"@type":"SearchAction","target":{"@type":"EntryPoint","urlTemplate":"https:\/\/birgit-itse.com\/?s={search_term_string}"},"query-input":{"@type":"PropertyValueSpecification","valueRequired":true,"valueName":"search_term_string"}}],"inLanguage":"et"},{"@type":"Organization","@id":"https:\/\/birgit-itse.com\/#organization","name":"Birgit Itse - Be Inspired","url":"https:\/\/birgit-itse.com\/","logo":{"@type":"ImageObject","inLanguage":"et","@id":"https:\/\/birgit-itse.com\/#\/schema\/logo\/image\/","url":"https:\/\/www.birgit-itse.com\/wp-content\/uploads\/2020\/10\/cropped-Birgit-name-logo-orange.png","contentUrl":"https:\/\/www.birgit-itse.com\/wp-content\/uploads\/2020\/10\/cropped-Birgit-name-logo-orange.png","width":1326,"height":841,"caption":"Birgit Itse - Be Inspired"},"image":{"@id":"https:\/\/birgit-itse.com\/#\/schema\/logo\/image\/"}},{"@type":"Person","@id":"https:\/\/birgit-itse.com\/#\/schema\/person\/3f7c1c34cf70c1ed6f580544f8ae6b7b","name":"Birgit","image":{"@type":"ImageObject","inLanguage":"et","@id":"https:\/\/secure.gravatar.com\/avatar\/?s=96&d=mm&r=g","url":"https:\/\/secure.gravatar.com\/avatar\/?s=96&d=mm&r=g","contentUrl":"https:\/\/secure.gravatar.com\/avatar\/?s=96&d=mm&r=g","caption":"Birgit"},"url":"https:\/\/www.birgit-itse.com\/et\/author\/birgit\/"}]}},"_links":{"self":[{"href":"https:\/\/www.birgit-itse.com\/et\/wp-json\/wp\/v2\/posts\/989","targetHints":{"allow":["GET"]}}],"collection":[{"href":"https:\/\/www.birgit-itse.com\/et\/wp-json\/wp\/v2\/posts"}],"about":[{"href":"https:\/\/www.birgit-itse.com\/et\/wp-json\/wp\/v2\/types\/post"}],"author":[{"embeddable":true,"href":"https:\/\/www.birgit-itse.com\/et\/wp-json\/wp\/v2\/users\/2"}],"replies":[{"embeddable":true,"href":"https:\/\/www.birgit-itse.com\/et\/wp-json\/wp\/v2\/comments?post=989"}],"version-history":[{"count":0,"href":"https:\/\/www.birgit-itse.com\/et\/wp-json\/wp\/v2\/posts\/989\/revisions"}],"wp:attachment":[{"href":"https:\/\/www.birgit-itse.com\/et\/wp-json\/wp\/v2\/media?parent=989"}],"wp:term":[{"taxonomy":"category","embeddable":true,"href":"https:\/\/www.birgit-itse.com\/et\/wp-json\/wp\/v2\/categories?post=989"},{"taxonomy":"post_tag","embeddable":true,"href":"https:\/\/www.birgit-itse.com\/et\/wp-json\/wp\/v2\/tags?post=989"}],"curies":[{"name":"wp","href":"https:\/\/api.w.org\/{rel}","templated":true}]}}