{"id":990,"date":"2020-03-13T23:28:00","date_gmt":"2020-03-13T23:28:00","guid":{"rendered":"https:\/\/birgit-itse.com\/2020\/03\/13\/kas-edukas-lend-voi-pehme-porumine-%f0%9f%98%ae\/"},"modified":"2020-03-13T23:28:00","modified_gmt":"2020-03-13T23:28:00","slug":"kas-edukas-lend-voi-pehme-porumine-%f0%9f%98%ae","status":"publish","type":"post","link":"https:\/\/www.birgit-itse.com\/et\/kas-edukas-lend-voi-pehme-porumine-%f0%9f%98%ae\/","title":{"rendered":"Kas edukas lend v\u00f5i pehme p\u00f5rumine? \ud83d\ude2e"},"content":{"rendered":"<p><a href=\"https:\/\/1.bp.blogspot.com\/-cxsi6I4sytM\/XmvQaZVcOTI\/AAAAAAAAODQ\/WKKdTvIDIJ0KPPyXJV6tWCKErscIXM2fACLcBGAsYHQ\/s1600\/20200214_165811.jpg\" style=\"clear: left; float: left; margin-bottom: 1em; margin-right: 1em; text-align: center;\"><img fetchpriority=\"high\" decoding=\"async\" border=\"0\" data-original-height=\"1600\" data-original-width=\"739\" height=\"400\" src=\"https:\/\/1.bp.blogspot.com\/-cxsi6I4sytM\/XmvQaZVcOTI\/AAAAAAAAODQ\/WKKdTvIDIJ0KPPyXJV6tWCKErscIXM2fACLcBGAsYHQ\/s400\/20200214_165811.jpg\" width=\"183\" \/><\/a>Viimane n\u00e4dal aega on olnud selline aeg, kus on toimunud mingi murdumine. Meis m\u00f5lemas. K\u00f5ige paremas m\u00f5ttes. See hetk, kus toimus meil omavahel mitu t\u00f5sist vestlust, t\u00e4htsamad asjad panime isegi kirja.<br \/>Nimelt kogunesid Kuti ajusoppidesse ja hakkasid teda h\u00e4irima episoodid, mida v\u00f5ib kokku v\u00f5tta kui keelelisi ja kultuurilisi erinevusi. Ei midagi erakordset, klassikalised juhtumid sellest, kuidas s\u00f5nad on k\u00f5lalt sarnased, kuid t\u00e4hendavad erinevaid asju. \ud83d\ude36\u00dcks \u00fctleb \u00fcht, teine teist. \u00dcks ei saa aru, et teine sai valesti aru ja teine ei m\u00f5ista, miks talle nii \u00f6eldi&#8230;<br \/>Eks see ikka t\u00f5mbab veidi motti ja enesehinnangut maha, kui eeldad, et saad v\u00e4ga h\u00e4sti keelest aru ning \u00fcmberringi kohalikud ka muudkui kiidavad, et nii h\u00e4sti r\u00e4\u00e4gid, aga tegelikkuses on n\u00e4dala jooksul kolm-neli arusaamatust. Ei, Eestisse tagasi ta tulla ei taha. Seda k\u00fcsisin mitu korda. Tunnistas, et tunneb end veidi \u00fcksildasena, igatseb Eestis olevate s\u00f5prade j\u00e4rele ja kartuses konflikte, hoiab pigem eraldi. \ud83d\ude2cSeda enam, et m\u00f5ningaid vahejuhtumeid, kus keegi keelt teritas, oli olnud.<br \/>Eks need erimeelsused S\u00f5braga j\u00f5udsid minu k\u00f5rva ka, saime ikka kolmel eri \u00f5htul neid puntraid harutada, poisid \u00fcksteiselt vabandust paluda jne. Kutile tuli meelde tuletada, et ta <b>peab <\/b>ise \u00fctlema teistele, kui ta aru ei saa. Sest muidu pole teistel \u00f5rna aimugi, et ta ei saanud aru ja nad eeldavad, et ta sai aru.<br \/>L\u00f5plik murdumine oli vist esmasp\u00e4eval. Hommikul oli veel j\u00f5ustamine, kus ikka oma paark\u00fcmmend minutit maadlesime verbaalselt sellega, et Kutt leiaks endast \u00fcles emotsioonid, mis olid seal veel 2 n\u00e4dalat tagasi hommikuti minnes ja \u00f5htuti tulles. \u00d5htused emotsioonid olid endiselt r\u00f5\u00f5msad, r\u00e4\u00e4kis elavalt, kui m\u00f5ni uus \u00f5petaja tuli v\u00f5i esitles koolis tehtud t\u00f6id, aga hommikuti oli tal veidi murelik n\u00e4gu peas. \ud83d\ude1f Ma siis n\u00e4itasin Kutile neid pilte, ja k\u00fcsisin, et kas ta ise julgeks sellise n\u00e4oga poisi juurde astuda ja temaga juttu ajada. Arvas, et ei tahaks. Hoiaks eemale. Sai l\u00f5puks ikka r\u00f5\u00f5msa n\u00e4o p\u00e4he hommikuti.<\/p>\n<p>See kadettides k\u00e4imine on ka k\u00f5vasti ta keeleoskusele kaasa aidanud. Merendusterminoloogiat teab inglise keeles minust kindlalt paremini juba. \ud83d\ude1c T\u00e4na \u00f5htul l\u00e4heb ka n\u00e4dalavahetuseks laagrisse. Me S\u00f5bra emaga andsime end vabatahtlikult kokanaati \u00fcles. Eile \u00f5htul oli veel erakorraline &#8220;t\u00f6\u00f6koosolek&#8221; messengeri kaudu. Selgus, et asjapulk, kes poest toidukauba \u00e4ra pidi tooma, avastas, et poes pole ei makarone ega ube. Meil oli aga men\u00fc\u00fcs 2 pastarooga ning <i>chilli con carne<\/i>. Eks n\u00e4is, mis roll mulle lubatakse, ei hakka kohe kohalikke kartulite ja hakklihasoustiga hirmutama. \ud83d\ude0e<\/p>\n<p><a href=\"https:\/\/1.bp.blogspot.com\/-OAiT0UP8ztg\/XmvP6t4btsI\/AAAAAAAAODI\/liWfuNwepvYv2cudEwmDhEFBNL4Zs7v0ACLcBGAsYHQ\/s1600\/20200306_064807.jpg\" style=\"clear: right; float: right; margin-bottom: 1em; margin-left: 1em;\"><img decoding=\"async\" border=\"0\" data-original-height=\"1600\" data-original-width=\"739\" height=\"320\" src=\"https:\/\/1.bp.blogspot.com\/-OAiT0UP8ztg\/XmvP6t4btsI\/AAAAAAAAODI\/liWfuNwepvYv2cudEwmDhEFBNL4Zs7v0ACLcBGAsYHQ\/s320\/20200306_064807.jpg\" width=\"147\" \/><\/a>Teisip\u00e4eval sain ise korraliku ehmatuse osaliseks. N\u00f5rgan\u00e4rvilistele \u00fctle kohe, et <i>j\u00e4rgnev kirjeldus v\u00f5ib sisaldada h\u00e4irivaid detaile<\/i>. P\u00e4ev otsa oli seina tagant kostnud m\u00f5nusat undamist. \ud83d\udc4cSellist toredat, madalat remondiga kaasnevat puuri undamist. Istusin suurema osa p\u00e4evast klapid k\u00f5rvas ja telefonil heli maas, kuigi vahepeal oli k\u00f5nesid, mida vastu v\u00f5tta.<br \/>Kella 14 paiku panin taas klapid k\u00f5rva ja s\u00fcvenesin avatud \u00fclikooli kirjutamiskursusse. Kirjutamine on midagi sellist, mille juures end t\u00e4iesti n-\u00f6 unustan. Telefoni panin kohe kaugemale kapile, et ei kuuleks. Ca 15.50 paiku end sirutades, klappe k\u00f5rvast v\u00f5ttes kuulsin vibreerimist, aga j\u00e4in k\u00f5ne vastu v\u00f5tmisega hiljaks. \ud83d\udcf2Saatsin Kutile s\u00f5numi, et kas ta s\u00fc\u00fca toob (neil on teisip\u00e4eviti kokandus, ja siis ta on \u00f6elnud, et tema toob ise mulle s\u00fc\u00fca). Ta vastas jaatavalt ja palus helistada. J\u00e4tsin t\u00e4helepanuta 4 vastamata k\u00f5net v\u00f5\u00f5ralt \u0160oti&nbsp; numbrilt ja helistasin Kutile.<br \/>&#8220;K\u00f5ik on h\u00e4sti, aga ma lasen \u00f5petajatel r\u00e4\u00e4kida, mis juhtus.&#8221; N\u00fc\u00fcd vajus k\u00fcll s\u00fcda saapas\u00e4\u00e4rde. Hingasin v\u00e4lja, tegin r\u00f5\u00f5msa n\u00e4o ette ja kuulasin. \u00d5petaja tutvustas end ning kinnitas, et ta on praegu Kuti juures. Esialgu sain aru ainult s\u00f5nadest &#8220;\u00f5nnetus&#8221; ja &#8220;vaja haiglasse minna&#8221; ning Kuti nimi. Kartsin kaklust, sest Kutt on ikka r\u00e4\u00e4kinud, kuidas paar t\u00fc\u00fcpi provotseerivad, ja kuna juttu oli ka sellest, siis ehmatasin v\u00e4ga-v\u00e4ga. \ud83d\ude30 Palusin aeglasemalt korrata, et mis juhtus ja kes haiglasse peab minema. Siis sain teada, et Kutt oli trepil libisenud ja kukkunud. Et tema peas on suur muhk ning jalg paistes ja sinine. \ud83d\ude28\ud83d\ude28 &#8220;Kindlasti tuleb ta viia erakorralise meditsiini osakonda kontrolli,&#8221; r\u00f5hutas minuga r\u00e4\u00e4kinud \u00f5petaja.<br \/>&#8220;Kas ta kaotas teadvuse?&#8221;<br \/>&#8220;Me ei tea, sest ainult \u00fcks t\u00fcdruk n\u00e4gi k\u00fcll kukkumise algust, aga l\u00f5ppu mitte. Selleks ajaks, kui teised lapsed ja meie, \u00f5petajad, juurde j\u00f5udsime, oli ta teadvusel. Kas te saate kooli tulla?&#8221;<br \/>&#8220;Jah, muidugi ma saan. Kas ta jalale toetada saab?&#8221;<br \/>&#8220;Ta \u00fctleb, et ei saa ning see jalg n\u00e4eb p\u00e4ris kole v\u00e4lja.&#8221;&nbsp;<br \/><a href=\"https:\/\/1.bp.blogspot.com\/-X_lc0OjAf_8\/XmvQawwW_1I\/AAAAAAAAODY\/l3StX6rBBB0m5bTfYfckJI77PMCtO16IgCLcBGAsYHQ\/s1600\/20200306_063221.jpg\" style=\"clear: right; float: right; margin-bottom: 1em; margin-left: 1em;\"><img decoding=\"async\" border=\"0\" data-original-height=\"1600\" data-original-width=\"739\" height=\"320\" src=\"https:\/\/1.bp.blogspot.com\/-X_lc0OjAf_8\/XmvQawwW_1I\/AAAAAAAAODY\/l3StX6rBBB0m5bTfYfckJI77PMCtO16IgCLcBGAsYHQ\/s320\/20200306_063221.jpg\" width=\"147\" \/><\/a>Mu pead l\u00e4bisid sekundis sajad m\u00f5tted, sest mul polnud \u00f5rna aimugi, kuhu ma minema peaksin. Kas sinna perearstikeskuse juurde? &#8220;Mul pole autot, mul l\u00e4heb ca 15 minutit sinna j\u00f5udmiseks.&#8221;<br \/>&#8220;V\u00f5ime teile takso kutsuda, et saaksite sinna minna.&#8221;<br \/>&#8220;H\u00e4sti, ma vahetan riided ja tulen nii kiiresti, kui v\u00e4hegi v\u00f5imalik.&#8221;<br \/>Mul ei olnud aega isegi ropendada mitte. Ma ei m\u00e4leta, millal ma nii kiiresti viimati riideid vahetasin. Ilmselt siis, kui Kutil s\u00e4\u00e4remarja arter puruks oli ja sealt verd nagu Tallinna Politseipargi purskkaevust pritsis.<br \/>&#8220;Takso&#8221;, k\u00e4is mul peast l\u00e4bi. &#8220;Ma v\u00f5in ju ise ka takso kutsuda.&#8221; Helistasin juba tuttavasse, korduvalt mind \u00e4gedate taksojuhtidega varustanud Rainbow Taxi&#8217;sse ning palusin taksot esimesel v\u00f5imalusel, et s\u00f5ita kooli ja sealt erakorralisse.<br \/>Sel korral ei hakanud nad smsi-dega vaeva n\u00e4gema. Ca viie minutiga&nbsp; &#8211; aga me teame, et sellistel hetkedel tunduvad minutid p\u00e4evadena &#8211; oli valge Audi ukse ees ning taksojuht teadis <b>t\u00e4pselt<\/b>, kuhu minna. Ei olnud vaja kooli asukohta selgitada &#8220;Mul poiss k\u00e4ib siinsamas k\u00f5rval&#8221; ega kus see erakorraline on. &#8220;Tuleb ikka suurde lastehaiglasse minna,&#8221; \u00fctles ta. Seal oli ta ka paar korda oma poisiga k\u00e4inud. \ud83d\ude2e<br \/>S\u00f5itsime koolimaja ette ja Kutt l\u00fckati juba ratastooliga v\u00e4lja. Oli teine n\u00e4ost sama hall, nagu see kunagi siniseks v\u00e4rvitud juuksetutt ta peas. Aga toidukarpi hoidis k\u00e4es nagu aaret. &#8220;Emme, see on Sulle.&#8221; \u00d5petajad heldisid. &#8220;Nii suure s\u00fcdamega poiss, ta on nii heas\u00fcdamlik&#8221;.<br \/>Palusin veelkord vabandust, et mu telefon h\u00e4\u00e4letul re\u017eiimil oli. &#8220;Ei ole midagi,&#8221; lohutasid nad ja andsid kaasa paberi, kus oli kirjas, mis juhtus, mis kell juhtus ja mis on n\u00e4ilised vigastused. &#8220;Selle annate seal vastuv\u00f5tus neile,&#8221; r\u00f5hutasid nad korduvalt. P\u00fc\u00fcdsin meelde j\u00e4tta. M\u00e4rkasin, et \u00f5nnetus juhtus ca 5 minutit p\u00e4rast kolme. 40 minuti jooksul olid nad mind p\u00fc\u00fcdnud tabada. \ud83d\ude25 Jah, ma j\u00f5udsin endale juba moraalset n\u00e4opeksu teha m\u00f5tetes.<br \/>Taksojuht t\u00f5stis Kuti asjad pagasnikusse, Kutt pandi tagaistmele ja \u00f5petajad leidsid veelgi v\u00f5imalust kiita ja tunnustada. K\u00fcsida, kuidas ta end tunneb. P\u00f5gusalt r\u00e4\u00e4kisime, aga kinnitasin, et ta v\u00e4ga tahab. &#8220;Ta on v\u00e4ga p\u00fc\u00fcdlik ja tal l\u00e4heb nii h\u00e4sti, teeb ilusti k\u00f5ik kaasa, areng on v\u00e4ga kiire,&#8221; kiitsid nad.<\/p>\n<p>See muidugi pani emotsioonid veel rohkem laperdama, sest pole see ju alati olnud nii. Paide Hammerbecki koolis k\u00e4ies suurem osa hingehaavu paranesid, aga eks nende vanade &#8220;vigastustega&#8221; ole ikka nii, et ilmamuutuse korral kipuvad nad m\u00e4rku andma. Seda m\u00f5tet, et k\u00f5ne koolist on pigem neutraalne v\u00f5i siis soe, s\u00f5bralik, pean endale edaspidi v\u00e4he tugevamini sisestama. \ud83d\ude07<\/p>\n<p>Taksojuht teadis t\u00e4pselt kuhu minna. Haiglakompleks on tohutu suur. &#8220;V\u00f5tke selle ukse eest ratastool, sest seal ei pruugi neid olla, ma s\u00f5idan niikaua sinna, siis poiss saab \u00fcmber istuda rahulikult,&#8221; suunas ta mind. Nii tegimegi. Aitas veel Kuti istuma, pani asjad s\u00fclle, soovitas jope peale v\u00f5tta ja l\u00e4ksime sisse. Selle kollaa\u017ei\ud83d\udc47 peal on n\u00e4ha nii imeline tervenemine kui ka protseduurid, mida meiega tehti.<\/p>\n<div style=\"clear: both; text-align: center;\"><a href=\"https:\/\/1.bp.blogspot.com\/-xFdivqv6vcA\/XmwLVmvEU4I\/AAAAAAAAODo\/I3o7lMpGim0MPiyBOZFCHrak60u3FuFqQCLcBGAsYHQ\/s1600\/haiglas.jpg\" style=\"margin-left: 1em; margin-right: 1em;\"><img loading=\"lazy\" decoding=\"async\" border=\"0\" data-original-height=\"1136\" data-original-width=\"1600\" height=\"452\" src=\"https:\/\/1.bp.blogspot.com\/-xFdivqv6vcA\/XmwLVmvEU4I\/AAAAAAAAODo\/I3o7lMpGim0MPiyBOZFCHrak60u3FuFqQCLcBGAsYHQ\/s640\/haiglas.jpg\" width=\"640\" \/><\/a><\/div>\n<p>Jap. K\u00fcpsist ja \u00f5unamahla. Pool k\u00fcpsistest oli ta juba \u00e4ra s\u00f6\u00f6nud selleks ajaks. Pilvekesed on palatist. Siniste toolidega oli fuajee. Esimese ja viimase pildi vahe oli 2 tundi ning kohalike arvates l\u00e4ks meil v\u00e4ga kaua. Ise k\u00fcll nii ei arva. R\u00f6ntgenpilti ei tehtud, MRT-uuringut ka mitte. Kutt kurtis peavalu, jutust oli aru saada, et osade inimeste nimesid ta ei m\u00e4leta ning jume k\u00f5ikus valgest lillakaspunaste laikudeni, olemine oli kahtlaselt rahulik. Lisaks verer\u00f5hu m\u00f5\u00f5tmisele ja veres hapniku m\u00f5\u00f5tmisele kontrolliti pupille, vaadati muhud ja sinikad \u00fcle (v\u00f5rreldi teise jalaga). Ma igaks juhuks jalast pilti ei pane, sest see sinikas on p\u00f5lvest h\u00fcppeliigeseni. Pole siis ime, et see jalg hell oli. Kaks \u00f5de k\u00fcsitlesid, kontrollisid reflekse ja see teine \u00f5de siis k\u00fcsiski, et kas Kutt sooviks s\u00fc\u00fca-juua midagi. Pakuti v\u00f5ikut ja jogurtit ka, aga k\u00fcpsised tundusid talle k\u00f5ige turvalisem valik.\ud83c\udf6a\ud83c\udf6a &#8220;Kui see toit tal sees p\u00fcsib, siis l\u00e4ks h\u00e4sti,&#8221; lisati mulle julgustavalt. &#8220;Seda m\u00f5tlesin ma ise ka,&#8221; noogutasin m\u00f5istvalt.<br \/>Paluti veel vabandust, et arsti tulekuni v\u00f5ib veidi aega minna, sest pisikesi patsiente on t\u00e4na palju. &#8220;Me ei l\u00e4he siit kuhugi,&#8221; lubasin naeratades. \ud83d\ude00 \u00d5de sai naljast aru. V\u00f5i tegin mina lihtsalt nalja, mis oli naljakas.<br \/>Arst oli h\u00e4sti r\u00f5\u00f5msameelne. Tutvustas ennast ja k\u00fcsis kohe Kutilt. &#8220;Noh, millega sina siis t\u00e4na hakkama said, et sa selles toolis istud?&#8221;<br \/>&#8220;Kukkusin trepist alla.&#8221;<br \/>&#8220;See n\u00fc\u00fcd k\u00fcll eriti m\u00f5istlik tegu ei olnud. Kas teised n\u00e4gid pealt ka?&#8221;<br \/>&#8220;Ei n\u00e4inud, \u00fcks t\u00fcdruk ainult n\u00e4gi. Teised n\u00e4gid mind siis, kui ma juba trepist all olin ja karjuma hakkasin.&#8221;<br \/>&#8220;Noh, siis l\u00e4ks sul h\u00e4sti, et teised ei n\u00e4inud. Ei olnud nii piinlik, onju?&#8221;<br \/>&#8220;Mhmh.&#8221; Ja Kutt hakkas muigama.<br \/>J\u00e4rgnesid k\u00fcsimused vigastuste kohta, palus k\u00e4tt suruda m\u00f5lema k\u00e4ega, vaatas pupille ja selline r\u00f5\u00f5mus vestlus sekka. Ja siis&nbsp; &#8211; palus ta Kutil p\u00fcsti t\u00f5usta. &#8220;Kas sa istud seal toolis seep\u00e4rast, et sa ei saa jalale toetuda?&#8221;<br \/>&#8220;Ei saa jah, valus on.&#8221;<br \/>&#8220;Kas sa ei saa v\u00f5i sa ei taha, sest sa kardad, et on valus?&#8221;<br \/>Kutt ei osanud selle peale midagi muud vastata, kui et valus on. &#8220;Noh, aga proovime,&#8221; j\u00e4tkas arst r\u00f5\u00f5msameelselt. Kutt t\u00f5usis p\u00fcsti, toetus tervele jalale. &#8220;No nii, n\u00e4ed seisadki p\u00fcsti. V\u00e4ga tubli. N\u00fc\u00fcd proovi minu juurde k\u00f5ndida.&#8221;<br \/>Kutt h\u00fcppas tervel jalal. &#8220;Kuule, h\u00fcppamine n\u00f5uab palju suuremat energiat kui k\u00f5ndimine, h\u00fcppamine on palju raskem. Proovi siis juba k\u00e4ia ka.&#8221; Kutt liipas v\u00e4he. &#8220;Noh, v\u00e4ga tubli, n\u00e4ed saad k\u00fcll. V\u00f5id minna tooli tagasi istuma.&#8221; <b>JA &#8211; siis juhtus ime. <\/b>Tegelikult ka. Kutt k\u00f5ndis rahulikult ratastooli juurde ja istus sinna. Ainult kergelt longates. Me vaatasime arstiga \u00fcksteisele otsa ja naersime. &#8220;Te tegite t\u00f5esti imesid praegu.&#8221;<br \/>\ud83d\ude4bArst selgitas Kutile seepeale, et jalas on kaks suuremat luud ning kui tal oleks luu katki olnud, oleks olnud v\u00f5imatu jalale toetuda. &#8220;Aga hell on see jalg Sul veel mitu p\u00e4eva ja pea v\u00f5ib ka valutada,&#8221; teatas ta r\u00f5\u00f5msa naeratuse saatel. &#8220;Praegu pea enam ei valuta,&#8221; teatas Kutt. Mingit valuvaigistit talle ei olnud antud.<br \/>Mulle andis arst kaasa paberi, kus kirjas, mida j\u00e4lgima peab ja soovituse Kutil v\u00f5tta valuvaigisti \u00f5htul enne uinumist ja ka hommikul ajada ta vara \u00fcles, et ta v\u00f5taks valuvaigisti ja siis \u00e4rkab, millal \u00e4rkab. &#8220;See on hea m\u00f5te ta homme koju j\u00e4tta,&#8221; kiitis ta. Ei, ei mingit visiiditasu. Jah, k\u00fcpsised ja mahl olid ka ravihinna sees. \ud83d\ude00Mul \u00d5de \u00fctles ilusti, et k\u00fcpsised on odavamad, kui kompuuteruuring. Ma ise arvan, et ka last s\u00e4\u00e4stvam.<\/p>\n<div style=\"clear: both; text-align: center;\"><a href=\"https:\/\/1.bp.blogspot.com\/-L_COW7ECeWU\/XmvQaqXwljI\/AAAAAAAAODc\/7WxAgtVryx8A0htMZoF5SlZexIkRYJHlgCEwYBhgL\/s1600\/20200217_125907.jpg\" style=\"margin-left: 1em; margin-right: 1em;\"><img loading=\"lazy\" decoding=\"async\" border=\"0\" data-original-height=\"739\" data-original-width=\"1600\" height=\"294\" src=\"https:\/\/1.bp.blogspot.com\/-L_COW7ECeWU\/XmvQaqXwljI\/AAAAAAAAODc\/7WxAgtVryx8A0htMZoF5SlZexIkRYJHlgCEwYBhgL\/s640\/20200217_125907.jpg\" width=\"640\" \/><\/a><\/div>\n<p>\u00d5htul sai Kutt valuvaigisti k\u00fcll, aga hommikul lasin tal magada. Tundis end enamv\u00e4hem h\u00e4sti. Ca 12 paiku helistati taas koolist. \u00dcks tugispetsialistidest. &#8220;Ma tahtsin lihtsalt teada, kuidas tal l\u00e4heb. Eilne \u00f5nnetus tundus p\u00e4ris t\u00f5sine olevat.&#8221; \ud83d\ude02Hea, et ma nutma ei hakanud toru otsas. Inimene oli nii siiralt r\u00f5\u00f5mus, et Kutt j\u00e4rgmine p\u00e4ev taas koolis. Selleks ajaks oli juba Kuti S\u00f5bra ema uurinud, kuidas Kutt end tunneb (ta t\u00f6\u00f6tab samas haiglas ja t\u00f5i meid eelmine \u00f5htu koju), taksojuht, kellega eelmisel p\u00e4eval olin s\u00f5itnud (sest olin endale kolmap\u00e4eva hommikuks massaa\u017ei kokku leppinud ja sinna kohta \u00fchistransport s\u00f5idab umbes sama tihti nagu Paidest Tartusse. \ud83d\ude01 Eestist ka paar inimest k\u00fcsisid, et kuidas ta end tunneb. Neljap\u00e4eva hommikul ka veel pea kergelt tuikas, aga kui s\u00f5i, l\u00e4ks paremaks ning t\u00e4na kekas hoidis end h\u00fcppamisega tagasi, aga see on arvestades pikka \u00f5hulendu &#8211; ca 10 astet, p\u00e4ris h\u00e4sti. Seljakott p\u00e4\u00e4stis ta selgroo. Ta ise \u00fctles, et jalg nagu j\u00e4i kuskile taha kinni ja siis kukkuski ettepoole.<br \/>\u00dctlesin kadettide laagri\u00fclemale ka igaks juhuks, et selline asi juhtus. Lisasin, et vaevalt see midagi m\u00f5jutab, aga ehk on hea teada.<\/p>\n<div style=\"clear: both; text-align: center;\"><a href=\"https:\/\/1.bp.blogspot.com\/-VPr6JS6TKI8\/XmwWJEBWbwI\/AAAAAAAAOD0\/83Ac0vIp1oM1zgKirpW7G5_4xdkGuvwmwCLcBGAsYHQ\/s1600\/89656398_493998188170493_8219327816852832256_n.jpg\" style=\"margin-left: 1em; margin-right: 1em;\"><img loading=\"lazy\" decoding=\"async\" border=\"0\" data-original-height=\"739\" data-original-width=\"1600\" height=\"294\" src=\"https:\/\/1.bp.blogspot.com\/-VPr6JS6TKI8\/XmwWJEBWbwI\/AAAAAAAAOD0\/83Ac0vIp1oM1zgKirpW7G5_4xdkGuvwmwCLcBGAsYHQ\/s640\/89656398_493998188170493_8219327816852832256_n.jpg\" width=\"640\" \/><\/a><\/div>\n<p>Neljap\u00e4ev oli \u00fcliv\u00e4gev p\u00e4ev just minu ametialases m\u00f5ttes. Ma sain l\u00f5puks ometi pihta, mis on \u00fcks asi, mida praegu veel keegi teinud pole ja mis tuleks p\u00fcsti panna. Mul on m\u00f5ttekaaslased olemas juba ka, kellega hakkame seda asja \u00fcles ehitama. \ud83d\udc4d Sihtgrupp on t\u00e4itsa olemas ning seda suisa kahesuunalisena. Nii, rohkem ei r\u00e4\u00e4gi esialgu. \ud83d\ude0e<br \/>Teine asi oli see, et ma k\u00e4isin <a href=\"https:\/\/www.jamesjauncey.com\/about.htm\" target=\"_blank\" rel=\"noopener\">Jamie Jauncey<\/a> koolitusel. T\u00e4itsa Aberdeenist p\u00e4rit, aga n\u00fc\u00fcd valdavalt Edinburghi kandis elav, kuigi \u00fcleilmselt tegutsev. Tema poolteise tunni pikkune koolitus oli superlahe mitmes m\u00f5ttes.<br \/>\ud83d\udc49Esiteks s\u00f5nastasin ma endale kirjalikult elus esimest korda, miks mulle kirjutamine meeldib ja ma sellesse nii kirglikult suhtun.<br \/>\ud83d\udc49Teiseks, sain aru, kui absoluutselt 1000% \u00f5igel teel olin ma oma turundustegevuses ise\u00f5ppijana, lihtsalt sisetunnet j\u00e4rgides.<br \/>\ud83d\udc49Kolmandaks, kirjutasin ma elus esimest korda haikut.<br \/>\ud83d\udc49Neljandaks. Kui mu k\u00e4est on k\u00fcsitud, et okei, tahad kirjutada, aga kas ilukirjandust, tarbetekste, l\u00fc\u00fcrikat v\u00f5i hoopis n-\u00f6 sisuloomega tegeleda, siis ma olen vastamisega j\u00e4nni j\u00e4\u00e4nud. Kui uskumatult kergeks l\u00e4ks mu hing, kui Jauncey end tutvustas ja ma sain aru, et ma ei peagi valima nende vahel. Saab teha k\u00f5ik ja edukalt, sest need \u017eanrid on \u00fcksteist t\u00e4iendavad.<br \/>Ta tegi meile nii ilusti n\u00e4itlikult selgeks, kuidas loov kirjutamine aitab kaasa paremale sisuloomele veebis ja paberil.<br \/>\ud83d\udc99Lisaks veel see aspekt, et Joy, kes seda raamatukogu poolt organiseeris, tundis huvi mu IG loomingu vastu ning tahab mind aidata \u0160otimaal autori\u00f5iguse teemadega kurssi viia, sest talle lihtsalt meeldib see, mida ma teen.<br \/>\ud83d\udc99Ning nagu heade asjadega ikka, siis SEE ei ole veel k\u00f5ik, mis 12. m\u00e4rtsil juhtus. Mulle helistati kohalikust \u00e4rin\u00f5uandlast &#8220;(business hub), ja mul on n\u00fc\u00fcd oma isiklik ettev\u00f5tlusn\u00f5ustaja. \ud83d\ude48 Ma tean, tahaks n\u00e4pistada end, aga sinikad j\u00e4\u00e4vad. Kui ta mu \u00e4ra kuulas, oli ta nii vaimustuses, et lubas mulle posti kohe mingeid materjale panna ja saatis mulle meiliga ka t\u00f6\u00f6kohti, mis mulle v\u00f5iksid t\u00e4iega sobida.<br \/>\ud83d\ude0eVahepeal v\u00f5tsin ma vastu pakkumise, millest oli raske keelduda ja lasin siis professionaalidel oma CV \u00fcmber kirjutada, teha kaaskirja ja ka Linked-Ini kontole muudatused teha. Selle mustandi sain ka t\u00e4na k\u00e4tte, seega saame kohe j\u00e4rele katsetada, kas nende lubadused peavad vett. \ud83d\ude0a<\/p>\n<p><\/p>","protected":false},"excerpt":{"rendered":"<p>Viimane n\u00e4dal aega on olnud selline aeg, kus on toimunud mingi murdumine. Meis m\u00f5lemas. K\u00f5ige paremas m\u00f5ttes. See hetk, kus toimus meil omavahel mitu t\u00f5sist vestlust, t\u00e4htsamad asjad panime isegi kirja.Nimelt kogunesid Kuti ajusoppidesse ja hakkasid teda h\u00e4irima episoodid, mida v\u00f5ib kokku v\u00f5tta kui keelelisi ja kultuurilisi erinevusi. Ei midagi erakordset, klassikalised juhtumid sellest, kuidas [&hellip;]<\/p>\n","protected":false},"author":2,"featured_media":0,"comment_status":"open","ping_status":"open","sticky":false,"template":"","format":"standard","meta":{"footnotes":""},"categories":[45,118,21,116,110,76,135,159,131,22,120],"tags":[],"class_list":["post-990","post","type-post","status-publish","format-standard","hentry","category-aberdeen","category-arstiabi-sotimaal","category-eestlane-sotimaal","category-head-uudised","category-kirjutamine","category-lapsega-sotimaal","category-loominguline-kirjutamine","category-merekadetid","category-minu-aberdeen","category-sotimaa-koolid","category-valismaale-kolimine","entry","owp-thumbs-layout-horizontal","owp-btn-normal","owp-tabs-layout-horizontal","has-no-thumbnails","has-product-nav"],"yoast_head":"<!-- This site is optimized with the Yoast SEO plugin v27.4 - https:\/\/yoast.com\/product\/yoast-seo-wordpress\/ -->\n<title>Kas edukas lend v\u00f5i pehme p\u00f5rumine? \ud83d\ude2e - Birgit Itse - Be Inspired<\/title>\n<meta name=\"robots\" content=\"index, follow, max-snippet:-1, max-image-preview:large, max-video-preview:-1\" \/>\n<link rel=\"canonical\" href=\"https:\/\/www.birgit-itse.com\/et\/kas-edukas-lend-voi-pehme-porumine-\ud83d\ude2e\/\" \/>\n<meta property=\"og:locale\" content=\"et_EE\" \/>\n<meta property=\"og:type\" content=\"article\" \/>\n<meta property=\"og:title\" content=\"Kas edukas lend v\u00f5i pehme p\u00f5rumine? \ud83d\ude2e - Birgit Itse - Be Inspired\" \/>\n<meta property=\"og:description\" content=\"Viimane n\u00e4dal aega on olnud selline aeg, kus on toimunud mingi murdumine. Meis m\u00f5lemas. K\u00f5ige paremas m\u00f5ttes. See hetk, kus toimus meil omavahel mitu t\u00f5sist vestlust, t\u00e4htsamad asjad panime isegi kirja.Nimelt kogunesid Kuti ajusoppidesse ja hakkasid teda h\u00e4irima episoodid, mida v\u00f5ib kokku v\u00f5tta kui keelelisi ja kultuurilisi erinevusi. Ei midagi erakordset, klassikalised juhtumid sellest, kuidas [&hellip;]\" \/>\n<meta property=\"og:url\" content=\"https:\/\/www.birgit-itse.com\/et\/kas-edukas-lend-voi-pehme-porumine-\ud83d\ude2e\/\" \/>\n<meta property=\"og:site_name\" content=\"Birgit Itse - Be Inspired\" \/>\n<meta property=\"article:published_time\" content=\"2020-03-13T23:28:00+00:00\" \/>\n<meta property=\"og:image\" content=\"https:\/\/1.bp.blogspot.com\/-cxsi6I4sytM\/XmvQaZVcOTI\/AAAAAAAAODQ\/WKKdTvIDIJ0KPPyXJV6tWCKErscIXM2fACLcBGAsYHQ\/s400\/20200214_165811.jpg\" \/>\n<meta name=\"author\" content=\"Birgit\" \/>\n<meta name=\"twitter:card\" content=\"summary_large_image\" \/>\n<meta name=\"twitter:label1\" content=\"Written by\" \/>\n\t<meta name=\"twitter:data1\" content=\"Birgit\" \/>\n\t<meta name=\"twitter:label2\" content=\"Est. reading time\" \/>\n\t<meta name=\"twitter:data2\" content=\"13 minutit\" \/>\n<script type=\"application\/ld+json\" class=\"yoast-schema-graph\">{\"@context\":\"https:\\\/\\\/schema.org\",\"@graph\":[{\"@type\":\"Article\",\"@id\":\"https:\\\/\\\/www.birgit-itse.com\\\/kas-edukas-lend-voi-pehme-porumine-%f0%9f%98%ae\\\/#article\",\"isPartOf\":{\"@id\":\"https:\\\/\\\/www.birgit-itse.com\\\/kas-edukas-lend-voi-pehme-porumine-%f0%9f%98%ae\\\/\"},\"author\":{\"name\":\"Birgit\",\"@id\":\"https:\\\/\\\/birgit-itse.com\\\/#\\\/schema\\\/person\\\/3f7c1c34cf70c1ed6f580544f8ae6b7b\"},\"headline\":\"Kas edukas lend v\u00f5i pehme p\u00f5rumine? \ud83d\ude2e\",\"datePublished\":\"2020-03-13T23:28:00+00:00\",\"mainEntityOfPage\":{\"@id\":\"https:\\\/\\\/www.birgit-itse.com\\\/kas-edukas-lend-voi-pehme-porumine-%f0%9f%98%ae\\\/\"},\"wordCount\":2552,\"commentCount\":0,\"publisher\":{\"@id\":\"https:\\\/\\\/birgit-itse.com\\\/#organization\"},\"image\":{\"@id\":\"https:\\\/\\\/www.birgit-itse.com\\\/kas-edukas-lend-voi-pehme-porumine-%f0%9f%98%ae\\\/#primaryimage\"},\"thumbnailUrl\":\"https:\\\/\\\/1.bp.blogspot.com\\\/-cxsi6I4sytM\\\/XmvQaZVcOTI\\\/AAAAAAAAODQ\\\/WKKdTvIDIJ0KPPyXJV6tWCKErscIXM2fACLcBGAsYHQ\\\/s400\\\/20200214_165811.jpg\",\"articleSection\":[\"aberdeen\",\"arstiabi \u0161otimaal\",\"eestlane \u0161otimaal\",\"head uudised\",\"kirjutamine\",\"lapsega \u0161otimaal\",\"loominguline kirjutamine\",\"merekadetid\",\"minu aberdeen\",\"\u0161otimaa koolid\",\"v\u00e4lismaale kolimine\"],\"inLanguage\":\"et\"},{\"@type\":\"WebPage\",\"@id\":\"https:\\\/\\\/www.birgit-itse.com\\\/kas-edukas-lend-voi-pehme-porumine-%f0%9f%98%ae\\\/\",\"url\":\"https:\\\/\\\/www.birgit-itse.com\\\/kas-edukas-lend-voi-pehme-porumine-%f0%9f%98%ae\\\/\",\"name\":\"Kas edukas lend v\u00f5i pehme p\u00f5rumine? \ud83d\ude2e - Birgit Itse - Be Inspired\",\"isPartOf\":{\"@id\":\"https:\\\/\\\/birgit-itse.com\\\/#website\"},\"primaryImageOfPage\":{\"@id\":\"https:\\\/\\\/www.birgit-itse.com\\\/kas-edukas-lend-voi-pehme-porumine-%f0%9f%98%ae\\\/#primaryimage\"},\"image\":{\"@id\":\"https:\\\/\\\/www.birgit-itse.com\\\/kas-edukas-lend-voi-pehme-porumine-%f0%9f%98%ae\\\/#primaryimage\"},\"thumbnailUrl\":\"https:\\\/\\\/1.bp.blogspot.com\\\/-cxsi6I4sytM\\\/XmvQaZVcOTI\\\/AAAAAAAAODQ\\\/WKKdTvIDIJ0KPPyXJV6tWCKErscIXM2fACLcBGAsYHQ\\\/s400\\\/20200214_165811.jpg\",\"datePublished\":\"2020-03-13T23:28:00+00:00\",\"breadcrumb\":{\"@id\":\"https:\\\/\\\/www.birgit-itse.com\\\/kas-edukas-lend-voi-pehme-porumine-%f0%9f%98%ae\\\/#breadcrumb\"},\"inLanguage\":\"et\",\"potentialAction\":[{\"@type\":\"ReadAction\",\"target\":[\"https:\\\/\\\/www.birgit-itse.com\\\/kas-edukas-lend-voi-pehme-porumine-%f0%9f%98%ae\\\/\"]}]},{\"@type\":\"ImageObject\",\"inLanguage\":\"et\",\"@id\":\"https:\\\/\\\/www.birgit-itse.com\\\/kas-edukas-lend-voi-pehme-porumine-%f0%9f%98%ae\\\/#primaryimage\",\"url\":\"https:\\\/\\\/1.bp.blogspot.com\\\/-cxsi6I4sytM\\\/XmvQaZVcOTI\\\/AAAAAAAAODQ\\\/WKKdTvIDIJ0KPPyXJV6tWCKErscIXM2fACLcBGAsYHQ\\\/s400\\\/20200214_165811.jpg\",\"contentUrl\":\"https:\\\/\\\/1.bp.blogspot.com\\\/-cxsi6I4sytM\\\/XmvQaZVcOTI\\\/AAAAAAAAODQ\\\/WKKdTvIDIJ0KPPyXJV6tWCKErscIXM2fACLcBGAsYHQ\\\/s400\\\/20200214_165811.jpg\"},{\"@type\":\"BreadcrumbList\",\"@id\":\"https:\\\/\\\/www.birgit-itse.com\\\/kas-edukas-lend-voi-pehme-porumine-%f0%9f%98%ae\\\/#breadcrumb\",\"itemListElement\":[{\"@type\":\"ListItem\",\"position\":1,\"name\":\"Home\",\"item\":\"https:\\\/\\\/birgit-itse.com\\\/\"},{\"@type\":\"ListItem\",\"position\":2,\"name\":\"Kas edukas lend v\u00f5i pehme p\u00f5rumine? \ud83d\ude2e\"}]},{\"@type\":\"WebSite\",\"@id\":\"https:\\\/\\\/birgit-itse.com\\\/#website\",\"url\":\"https:\\\/\\\/birgit-itse.com\\\/\",\"name\":\"Birgit Itse - Be Inspired\",\"description\":\"Ghostwriter, Author, Keynote Speaker\",\"publisher\":{\"@id\":\"https:\\\/\\\/birgit-itse.com\\\/#organization\"},\"potentialAction\":[{\"@type\":\"SearchAction\",\"target\":{\"@type\":\"EntryPoint\",\"urlTemplate\":\"https:\\\/\\\/birgit-itse.com\\\/?s={search_term_string}\"},\"query-input\":{\"@type\":\"PropertyValueSpecification\",\"valueRequired\":true,\"valueName\":\"search_term_string\"}}],\"inLanguage\":\"et\"},{\"@type\":\"Organization\",\"@id\":\"https:\\\/\\\/birgit-itse.com\\\/#organization\",\"name\":\"Birgit Itse - Be Inspired\",\"url\":\"https:\\\/\\\/birgit-itse.com\\\/\",\"logo\":{\"@type\":\"ImageObject\",\"inLanguage\":\"et\",\"@id\":\"https:\\\/\\\/birgit-itse.com\\\/#\\\/schema\\\/logo\\\/image\\\/\",\"url\":\"https:\\\/\\\/birgit-itse.com\\\/wp-content\\\/uploads\\\/2020\\\/10\\\/cropped-Birgit-name-logo-orange.png\",\"contentUrl\":\"https:\\\/\\\/birgit-itse.com\\\/wp-content\\\/uploads\\\/2020\\\/10\\\/cropped-Birgit-name-logo-orange.png\",\"width\":1326,\"height\":841,\"caption\":\"Birgit Itse - Be Inspired\"},\"image\":{\"@id\":\"https:\\\/\\\/birgit-itse.com\\\/#\\\/schema\\\/logo\\\/image\\\/\"}},{\"@type\":\"Person\",\"@id\":\"https:\\\/\\\/birgit-itse.com\\\/#\\\/schema\\\/person\\\/3f7c1c34cf70c1ed6f580544f8ae6b7b\",\"name\":\"Birgit\",\"image\":{\"@type\":\"ImageObject\",\"inLanguage\":\"et\",\"@id\":\"https:\\\/\\\/secure.gravatar.com\\\/avatar\\\/?s=96&d=mm&r=g\",\"url\":\"https:\\\/\\\/secure.gravatar.com\\\/avatar\\\/?s=96&d=mm&r=g\",\"contentUrl\":\"https:\\\/\\\/secure.gravatar.com\\\/avatar\\\/?s=96&d=mm&r=g\",\"caption\":\"Birgit\"},\"url\":\"https:\\\/\\\/www.birgit-itse.com\\\/et\\\/author\\\/birgit\\\/\"}]}<\/script>\n<!-- \/ Yoast SEO plugin. -->","yoast_head_json":{"title":"Kas edukas lend v\u00f5i pehme p\u00f5rumine? \ud83d\ude2e - Birgit Itse - Be Inspired","robots":{"index":"index","follow":"follow","max-snippet":"max-snippet:-1","max-image-preview":"max-image-preview:large","max-video-preview":"max-video-preview:-1"},"canonical":"https:\/\/www.birgit-itse.com\/et\/kas-edukas-lend-voi-pehme-porumine-\ud83d\ude2e\/","og_locale":"et_EE","og_type":"article","og_title":"Kas edukas lend v\u00f5i pehme p\u00f5rumine? \ud83d\ude2e - Birgit Itse - Be Inspired","og_description":"Viimane n\u00e4dal aega on olnud selline aeg, kus on toimunud mingi murdumine. Meis m\u00f5lemas. K\u00f5ige paremas m\u00f5ttes. See hetk, kus toimus meil omavahel mitu t\u00f5sist vestlust, t\u00e4htsamad asjad panime isegi kirja.Nimelt kogunesid Kuti ajusoppidesse ja hakkasid teda h\u00e4irima episoodid, mida v\u00f5ib kokku v\u00f5tta kui keelelisi ja kultuurilisi erinevusi. Ei midagi erakordset, klassikalised juhtumid sellest, kuidas [&hellip;]","og_url":"https:\/\/www.birgit-itse.com\/et\/kas-edukas-lend-voi-pehme-porumine-\ud83d\ude2e\/","og_site_name":"Birgit Itse - Be Inspired","article_published_time":"2020-03-13T23:28:00+00:00","og_image":[{"url":"https:\/\/1.bp.blogspot.com\/-cxsi6I4sytM\/XmvQaZVcOTI\/AAAAAAAAODQ\/WKKdTvIDIJ0KPPyXJV6tWCKErscIXM2fACLcBGAsYHQ\/s400\/20200214_165811.jpg","type":"","width":"","height":""}],"author":"Birgit","twitter_card":"summary_large_image","twitter_misc":{"Written by":"Birgit","Est. reading time":"13 minutit"},"schema":{"@context":"https:\/\/schema.org","@graph":[{"@type":"Article","@id":"https:\/\/www.birgit-itse.com\/kas-edukas-lend-voi-pehme-porumine-%f0%9f%98%ae\/#article","isPartOf":{"@id":"https:\/\/www.birgit-itse.com\/kas-edukas-lend-voi-pehme-porumine-%f0%9f%98%ae\/"},"author":{"name":"Birgit","@id":"https:\/\/birgit-itse.com\/#\/schema\/person\/3f7c1c34cf70c1ed6f580544f8ae6b7b"},"headline":"Kas edukas lend v\u00f5i pehme p\u00f5rumine? \ud83d\ude2e","datePublished":"2020-03-13T23:28:00+00:00","mainEntityOfPage":{"@id":"https:\/\/www.birgit-itse.com\/kas-edukas-lend-voi-pehme-porumine-%f0%9f%98%ae\/"},"wordCount":2552,"commentCount":0,"publisher":{"@id":"https:\/\/birgit-itse.com\/#organization"},"image":{"@id":"https:\/\/www.birgit-itse.com\/kas-edukas-lend-voi-pehme-porumine-%f0%9f%98%ae\/#primaryimage"},"thumbnailUrl":"https:\/\/1.bp.blogspot.com\/-cxsi6I4sytM\/XmvQaZVcOTI\/AAAAAAAAODQ\/WKKdTvIDIJ0KPPyXJV6tWCKErscIXM2fACLcBGAsYHQ\/s400\/20200214_165811.jpg","articleSection":["aberdeen","arstiabi \u0161otimaal","eestlane \u0161otimaal","head uudised","kirjutamine","lapsega \u0161otimaal","loominguline kirjutamine","merekadetid","minu aberdeen","\u0161otimaa koolid","v\u00e4lismaale kolimine"],"inLanguage":"et"},{"@type":"WebPage","@id":"https:\/\/www.birgit-itse.com\/kas-edukas-lend-voi-pehme-porumine-%f0%9f%98%ae\/","url":"https:\/\/www.birgit-itse.com\/kas-edukas-lend-voi-pehme-porumine-%f0%9f%98%ae\/","name":"Kas edukas lend v\u00f5i pehme p\u00f5rumine? \ud83d\ude2e - Birgit Itse - Be Inspired","isPartOf":{"@id":"https:\/\/birgit-itse.com\/#website"},"primaryImageOfPage":{"@id":"https:\/\/www.birgit-itse.com\/kas-edukas-lend-voi-pehme-porumine-%f0%9f%98%ae\/#primaryimage"},"image":{"@id":"https:\/\/www.birgit-itse.com\/kas-edukas-lend-voi-pehme-porumine-%f0%9f%98%ae\/#primaryimage"},"thumbnailUrl":"https:\/\/1.bp.blogspot.com\/-cxsi6I4sytM\/XmvQaZVcOTI\/AAAAAAAAODQ\/WKKdTvIDIJ0KPPyXJV6tWCKErscIXM2fACLcBGAsYHQ\/s400\/20200214_165811.jpg","datePublished":"2020-03-13T23:28:00+00:00","breadcrumb":{"@id":"https:\/\/www.birgit-itse.com\/kas-edukas-lend-voi-pehme-porumine-%f0%9f%98%ae\/#breadcrumb"},"inLanguage":"et","potentialAction":[{"@type":"ReadAction","target":["https:\/\/www.birgit-itse.com\/kas-edukas-lend-voi-pehme-porumine-%f0%9f%98%ae\/"]}]},{"@type":"ImageObject","inLanguage":"et","@id":"https:\/\/www.birgit-itse.com\/kas-edukas-lend-voi-pehme-porumine-%f0%9f%98%ae\/#primaryimage","url":"https:\/\/1.bp.blogspot.com\/-cxsi6I4sytM\/XmvQaZVcOTI\/AAAAAAAAODQ\/WKKdTvIDIJ0KPPyXJV6tWCKErscIXM2fACLcBGAsYHQ\/s400\/20200214_165811.jpg","contentUrl":"https:\/\/1.bp.blogspot.com\/-cxsi6I4sytM\/XmvQaZVcOTI\/AAAAAAAAODQ\/WKKdTvIDIJ0KPPyXJV6tWCKErscIXM2fACLcBGAsYHQ\/s400\/20200214_165811.jpg"},{"@type":"BreadcrumbList","@id":"https:\/\/www.birgit-itse.com\/kas-edukas-lend-voi-pehme-porumine-%f0%9f%98%ae\/#breadcrumb","itemListElement":[{"@type":"ListItem","position":1,"name":"Home","item":"https:\/\/birgit-itse.com\/"},{"@type":"ListItem","position":2,"name":"Kas edukas lend v\u00f5i pehme p\u00f5rumine? \ud83d\ude2e"}]},{"@type":"WebSite","@id":"https:\/\/birgit-itse.com\/#website","url":"https:\/\/birgit-itse.com\/","name":"Birgit Itse - Be Inspired","description":"Ghostwriter, Author, Keynote Speaker","publisher":{"@id":"https:\/\/birgit-itse.com\/#organization"},"potentialAction":[{"@type":"SearchAction","target":{"@type":"EntryPoint","urlTemplate":"https:\/\/birgit-itse.com\/?s={search_term_string}"},"query-input":{"@type":"PropertyValueSpecification","valueRequired":true,"valueName":"search_term_string"}}],"inLanguage":"et"},{"@type":"Organization","@id":"https:\/\/birgit-itse.com\/#organization","name":"Birgit Itse - Be Inspired","url":"https:\/\/birgit-itse.com\/","logo":{"@type":"ImageObject","inLanguage":"et","@id":"https:\/\/birgit-itse.com\/#\/schema\/logo\/image\/","url":"https:\/\/birgit-itse.com\/wp-content\/uploads\/2020\/10\/cropped-Birgit-name-logo-orange.png","contentUrl":"https:\/\/birgit-itse.com\/wp-content\/uploads\/2020\/10\/cropped-Birgit-name-logo-orange.png","width":1326,"height":841,"caption":"Birgit Itse - Be Inspired"},"image":{"@id":"https:\/\/birgit-itse.com\/#\/schema\/logo\/image\/"}},{"@type":"Person","@id":"https:\/\/birgit-itse.com\/#\/schema\/person\/3f7c1c34cf70c1ed6f580544f8ae6b7b","name":"Birgit","image":{"@type":"ImageObject","inLanguage":"et","@id":"https:\/\/secure.gravatar.com\/avatar\/?s=96&d=mm&r=g","url":"https:\/\/secure.gravatar.com\/avatar\/?s=96&d=mm&r=g","contentUrl":"https:\/\/secure.gravatar.com\/avatar\/?s=96&d=mm&r=g","caption":"Birgit"},"url":"https:\/\/www.birgit-itse.com\/et\/author\/birgit\/"}]}},"_links":{"self":[{"href":"https:\/\/www.birgit-itse.com\/et\/wp-json\/wp\/v2\/posts\/990","targetHints":{"allow":["GET"]}}],"collection":[{"href":"https:\/\/www.birgit-itse.com\/et\/wp-json\/wp\/v2\/posts"}],"about":[{"href":"https:\/\/www.birgit-itse.com\/et\/wp-json\/wp\/v2\/types\/post"}],"author":[{"embeddable":true,"href":"https:\/\/www.birgit-itse.com\/et\/wp-json\/wp\/v2\/users\/2"}],"replies":[{"embeddable":true,"href":"https:\/\/www.birgit-itse.com\/et\/wp-json\/wp\/v2\/comments?post=990"}],"version-history":[{"count":0,"href":"https:\/\/www.birgit-itse.com\/et\/wp-json\/wp\/v2\/posts\/990\/revisions"}],"wp:attachment":[{"href":"https:\/\/www.birgit-itse.com\/et\/wp-json\/wp\/v2\/media?parent=990"}],"wp:term":[{"taxonomy":"category","embeddable":true,"href":"https:\/\/www.birgit-itse.com\/et\/wp-json\/wp\/v2\/categories?post=990"},{"taxonomy":"post_tag","embeddable":true,"href":"https:\/\/www.birgit-itse.com\/et\/wp-json\/wp\/v2\/tags?post=990"}],"curies":[{"name":"wp","href":"https:\/\/api.w.org\/{rel}","templated":true}]}}