{"id":993,"date":"2020-02-26T20:29:00","date_gmt":"2020-02-26T20:29:00","guid":{"rendered":"https:\/\/birgit-itse.com\/2020\/02\/26\/millal-kogesid-viimati-midagi-elus-esimest-korda\/"},"modified":"2020-02-26T20:29:00","modified_gmt":"2020-02-26T20:29:00","slug":"millal-kogesid-viimati-midagi-elus-esimest-korda","status":"publish","type":"post","link":"https:\/\/www.birgit-itse.com\/et\/millal-kogesid-viimati-midagi-elus-esimest-korda\/","title":{"rendered":"Millal kogesid viimati midagi elus esimest korda?"},"content":{"rendered":"<p>Inimaju l\u00e4hemalt uurinute s\u00f5nul on see \u00e4\u00e4retult oluline: kogeda aeg-ajalt midagi elus esimest korda. Lapsena on see lihtne, aga mida vanemaks saad, seda keerulisem justkui &#8211; kuigi elutarkust, kuidas neid tundeid, hetki, kogemusi luua, peaks olema justkui rohkem ja seega ka v\u00f5imalusi rohkem.<br \/>\ud83e\udde0<\/p>\n<div style=\"clear: both; text-align: center;\"><a href=\"https:\/\/1.bp.blogspot.com\/-lVrSYt2MHEw\/XlZ3xYt-fOI\/AAAAAAAAN8c\/wrzIBmbqH-Ah4xRLpDltTXysAi0bMGsOACLcBGAsYHQ\/s1600\/20200221_211305.jpg\" style=\"clear: right; float: right; margin-bottom: 1em; margin-left: 1em;\"><img fetchpriority=\"high\" decoding=\"async\" border=\"0\" data-original-height=\"1600\" data-original-width=\"739\" height=\"400\" src=\"https:\/\/1.bp.blogspot.com\/-lVrSYt2MHEw\/XlZ3xYt-fOI\/AAAAAAAAN8c\/wrzIBmbqH-Ah4xRLpDltTXysAi0bMGsOACLcBGAsYHQ\/s400\/20200221_211305.jpg\" width=\"183\" \/><\/a><\/div>\n<p>Miks see on oluline? Sest see pakub meile v\u00f5imalust areneda, aju t\u00f6\u00f6s hoida ja sellega igasuguseid taandarenguid ajus ja ka mujal organismis edasi l\u00fckata. L\u00fchidalt \u00f6eldes &#8211; hoiab meis elutahet.<\/p>\n<p><b>Ait\u00e4h k\u00f5igile \u00f5nnitlejatele. \ud83d\ude4f\ud83d\udc96\ud83d\ude00<\/b>Kutt on v\u00e4ga \u00f5nnelik ja rahulolev. K\u00f5ik kingitused ja saadetised olid v\u00e4ga toredad. Nende kohaletooja oli veel eriti tore. \ud83d\ude18<br \/>Eks mul oli enne Hr Kahemillise saabumist v\u00e4ike \u00e4revus ka sees. Seda, et ta minu vaimustust \u0160otimaa osas jagab, ma mitte ei m\u00f5elnudki, aga uskusin v\u00e4ga, et talle v\u00f5iks siin meeldida. Nii l\u00e4ks ka. Ta \u00fctles, et j\u00e4i rahule ja tundis end h\u00e4sti. Ning tuleb tagasi. V\u00e4hem kui kuu aja p\u00e4rast. \ud83d\udc4f<br \/>Saabumishetkest pilti ei teinud, vaid pakkusime selle asemel korralikku tervitust: perekalli ja k\u00f5ik muu sinna juurde kuuluv. Kes teab, see teab. Kes ei tea, siis otsige endas seda tunnet, et oled kedagi kaua oodanud ning kohtumise hetkel polegi muu maailm t\u00e4htis. Pole t\u00e4htis, kui kaua on kaua. M\u00f5nikord on ka kaks minutit liiga pikk aeg.<br \/>Saabumisel j\u00e4i lennuk k\u00fcmmekond minutit hiljaks, ja Eestis tuli kohvri lisakilode eest ka maksta, aga kokkuv\u00f5ttes oli sel moel odavam, kui osa asju postiga saata.<br \/>See kohver oli armastusest ja heast paremast pungil, sest kui hr Kahemillise talvejope v\u00e4lja arvata, siis \u00fclej\u00e4\u00e4nud sisu oli k\u00f5ik meile. \ud83d\ude0b<br \/>Kusjuures kolm v\u00e4ga head raamatut, Aune leivad ja m\u00f5ned asjad veel olid Hr Kahemillise seljakotis. V\u00f5ime n\u00fc\u00fcd \u00f6elda, et m\u00f5neks ajaks oleme Eesti kommidega h\u00e4sti varustatud. \u0160okolaadiga ka. Ning k\u00f6\u00f6gikapp on Armastusest pungil. \ud83d\ude00<br \/>K\u00f6\u00f6gikappidel on minul Napoleon Hilli &#8220;M\u00f5tlemist muutes rikkaks&#8221;&nbsp; &#8211; ait\u00e4h Kai \ud83d\ude4f- ning Maxwell Maltzi ps\u00fchhok\u00fcberneetika raamat. \ud83d\udc4d Kutt sai lugemiseks Marek Sadama &#8220;Grifoon Leenu&#8221;. &#8220;Ahah, Marek Sadam kirjutab siin oma tunnetest.&#8221; oli tema esimene reaktsioon. \ud83d\ude48\ud83d\ude48<br \/>Vannituppa lisandus 3 uut <a href=\"https:\/\/thorma.ee\/\" target=\"_blank\" rel=\"noopener\">Thorma <\/a>bambushambaharja ning <a href=\"https:\/\/signeseebid.ee\/\" target=\"_blank\" rel=\"noopener\">Signe Seepide<\/a> m\u00fcndi-meresoolaseepe. M\u00f5lema ettev\u00f5tte klienditeenindus on \u00fcle prahi. Kusjuures ei ole makstud postitus. Kasutan neid asju, sest need meeldivad, sobivad ja on head. Kirjutan neist, sest tunnustavaid s\u00f5nu ei ole kunagi maailmas liiga palju. \ud83d\udcac Kuidas see lause k\u00f5laski, et kui Sul midagi <i>ilusat \u00f6elda <\/i>ei ole, siis parem \u00e4ra \u00fctle midagi. Siin \ud83d\udc47\u00fcks <i>ilus <\/i>kollaa\u017e teile t\u00f5estuseks, et Hr Kahemilline t\u00f5esti k\u00e4is k\u00fclas, sest pilt <i>\u00fctleb <\/i>ju rohkem kui tuhat s\u00f5na. \ud83d\ude01<\/p>\n<div style=\"clear: both; text-align: center;\"><a href=\"https:\/\/1.bp.blogspot.com\/-8OAstlGoo_k\/XlbLoAb7ryI\/AAAAAAAAN9g\/cXKUMEqbb4YUEgKa_XQOx3mRFdpA6KYIgCLcBGAsYHQ\/s1600\/hr%2Bkahemilline.jpg\" style=\"margin-left: 1em; margin-right: 1em;\"><img decoding=\"async\" border=\"0\" data-original-height=\"900\" data-original-width=\"1600\" height=\"360\" src=\"https:\/\/1.bp.blogspot.com\/-8OAstlGoo_k\/XlbLoAb7ryI\/AAAAAAAAN9g\/cXKUMEqbb4YUEgKa_XQOx3mRFdpA6KYIgCLcBGAsYHQ\/s640\/hr%2Bkahemilline.jpg\" width=\"640\" \/><\/a><\/div>\n<p>Naah, ega te s\u00f5nadest ka ei p\u00e4\u00e4se. \ud83d\ude06<br \/>J\u00f5udsime l\u00fchikese ajaga \u00fcsna mitu kohta l\u00e4bi k\u00e4ia, arvestades, et Edinburghist Aberdeeni ainu\u00fcksi puhast autos\u00f5idu aega on 2,5h. Vasakpoolsemal pildil oleme taas Lechtis, kus 24h hiljem oli lund 20 sentimeetrit rohkem. Keskel siis Dunkeldi l\u00e4hedal Hermitage&#8217;i matkarajal ning parempoolne pilt on Slains&#8217;i lossi juures, jah seesama nn Dracula loss Bram Stokeri raamatust. Selle lossi juures n\u00e4gime ka delfiine meres ujumas. P\u00e4ris pikalt n\u00e4itasid end. Enne olime veel k\u00e4inud h\u00fclgeid vaatamas Newburghi rannas. Sel korral ujus osa h\u00fclgeid kaldast t\u00f5esti m\u00f5ne meetri kaugusel.&nbsp;<\/p>\n<div>P\u00fchap\u00e4eva \u00f5htul soojendasime EV102 kohaliku viski ja sn\u00e4kivaagnaga, kus aukohal on Eestist toodud suitsuvorst ja t\u00e4di Lea marineeritud kurgid. \ud83d\ude0b Ma tean v\u00e4hemalt 30 inimest, kes nende kurkide kohta on minuga \u00fchel n\u00f5ul: parimaid lihtsalt ei ole.&nbsp;<\/div>\n<div>Mis viskisse puutub, siis poes oligi m\u00fc\u00fcgil selline maitsmise komplekt. Meie m\u00f5lema senine varasem kokkupuude viskiga oli selline, millest \u0160otimaal k\u00f5va h\u00e4\u00e4lega r\u00e4\u00e4kida ei maksa. V\u00e4hemasti mitte viski-kontekstis. Sest igasugused redlabelid jms segatud kraam v\u00f5rdub siin autok\u00fctuse, mitte joogikraamiga. <b>Korralik <\/b>viski on \u00fchelinnaseviski ning k\u00fcsisin taksojuhi k\u00e4est \u00fcle ning ta kinnitas, et pubist v\u00f5i poest viskit ostes tuleb kirjeldada meeleolu v\u00f5i olustikku, mida sa naudid. Ning siis antakse sulle \u00f5ige. Noh, nendel pisikestel pudelitel ei olnud meeleolu kohta suurt midagi kirjas. \ud83d\ude0a<\/div>\n<div>\u00dctleks nii, et see esimene oli vist isegi k\u00f5ige parem, aga halb ei olnud \u00fckski. Kas ma just poest neid edaspidi ostaks&nbsp; &#8211; seda ka mitte, aga kui on k\u00fclmarohtu vaja, siis kurku \u00e4ra see ei p\u00f5leta ja v\u00e4lja ka ei s\u00fclita. Sellist r\u00e4iget alkoholi maitset neil ei olnud, pigem oligi mingite muude n\u00fcansside kogum.&nbsp;<\/div>\n<div>Hr Kahemilline proovis \u00e4ra ka neli kohalikku \u00f5lut. J\u00e4i rahule. Kohalik, Aberdeeni k\u00fclje all tehtav Brew Dog j\u00e4\u00e4b j\u00e4rgmiseks korraks. V\u00f5i \u00fclej\u00e4rgmiseks. \ud83d\ude01<\/p>\n<div style=\"clear: both; text-align: center;\"><a href=\"https:\/\/1.bp.blogspot.com\/-xOyofdh5tDs\/XlbPU47Ql_I\/AAAAAAAAN9w\/WwhRJG6Q2DcQpuLrS2qCFGc0eYoaHTTIwCLcBGAsYHQ\/s1600\/20200223_195755.jpg\" style=\"margin-left: 1em; margin-right: 1em;\"><img decoding=\"async\" border=\"0\" data-original-height=\"739\" data-original-width=\"1600\" height=\"292\" src=\"https:\/\/1.bp.blogspot.com\/-xOyofdh5tDs\/XlbPU47Ql_I\/AAAAAAAAN9w\/WwhRJG6Q2DcQpuLrS2qCFGc0eYoaHTTIwCLcBGAsYHQ\/s640\/20200223_195755.jpg\" width=\"640\" \/><\/a><\/div>\n<div>Reede \u00f5htul enne Hr Kahemillise saabumist hotelli j\u00f5udes ja check-ini tehes sain j\u00e4lle veidi targemaks. Kui hotell on tehtud ajaloolisse hoonesse, siis ei ole sugugi ka peretoa puhul enesestm\u00f5istetav, et tualett ja vannituba on igas toas olemas. Ei. Neid oli koridoris kaks t\u00fckki. Kui ikka toa kirjelduses pole eraldi v\u00e4lja toodud, et WC ja vannituba on toas olemas, siis v\u00f5ivad need vabalt ka kolmet\u00e4rnises hotellis koridoris asuda.<br \/>See info on kasulik neile, kes \u0160otimaale tuleku osas jutust kaugemale kavatsevad j\u00f5uda. Lubajaid on olnud rohkem, kui meil kahepeale s\u00f5rmi, aga mulle teadaolevalt pileti ostnuid veel pole. \ud83d\ude1c<\/p>\n<div style=\"clear: both; text-align: center;\"><a href=\"https:\/\/1.bp.blogspot.com\/-wZZRuAc0qBo\/XlZ9DsWHi7I\/AAAAAAAAN8o\/J7KfuZla6cIKcaw3RM8mpAIskoiqYKBcwCLcBGAsYHQ\/s1600\/20200222_122855.jpg\" style=\"clear: right; float: right; margin-bottom: 1em; margin-left: 1em;\"><img loading=\"lazy\" decoding=\"async\" border=\"0\" data-original-height=\"1600\" data-original-width=\"739\" height=\"640\" src=\"https:\/\/1.bp.blogspot.com\/-wZZRuAc0qBo\/XlZ9DsWHi7I\/AAAAAAAAN8o\/J7KfuZla6cIKcaw3RM8mpAIskoiqYKBcwCLcBGAsYHQ\/s640\/20200222_122855.jpg\" width=\"294\" \/><\/a><\/div>\n<p>Loomaaeda pandasid vaatama me ei saanudki, sest loomaaed teatas reedel, et ilmaolud on sellised, mis loomade ega inimeste turvalisusele m\u00f5eldes v\u00e4ravaid lahti teha ei luba. \ud83d\ude1eTuulisev\u00f5itu oli t\u00f5esti ning laup\u00e4eva hommikul hotellis hommikus\u00f6\u00f6ki s\u00fc\u00fces n\u00e4gime ka midagi l\u00f6rtsilaadset. Hiljem s\u00f5idu ajal sadas ka, aga \u00fcldiselt oli nii nagu ikka &#8211; ilmataat hoidis meid ja lasi t\u00e4htsamad asjad \u00e4ra vaadata ilma, et oleksime panget\u00e4ite kaupa mingit jama krae vahele saanud.<br \/>\ud83d\udc49Sellel pildil on Birnami tamm, mida mainib Shakespeare oma &#8220;Leedi Macbethis&#8221;. 900 aastat vana ning viimane Birnami tammesalust. Sildilt tamme juures v\u00f5is lugeda, kuidas see tamm on koduks sadadel putukaliikidele. L\u00e4hemalt uurima minna ei saanud, sest tamme taga paistab Tay j\u00f5gi, mis ajas korralikult \u00fcle kallaste. Teisel pool Tay j\u00f5ge on Dunkeldi linn ning alles kaht linna \u00fchendava\/eraldava silla peal seistes sain aru, et see on seesama linn, kus Kutiga 2017 aasta suvel peatusime. Lihtsalt eelmisel korral s\u00f5itsimegi autoga \u00fcle j\u00f5e. Tahtsime ka siis seda tamme vaadata, aga ei osanud otsida.<br \/><a href=\"https:\/\/1.bp.blogspot.com\/-0dsvec3L5Zc\/XlaqDAeL1_I\/AAAAAAAAN80\/BWQ2kzzInhkunFet5iau3lAt2KdWBTlCwCLcBGAsYHQ\/s1600\/20200222_124725.jpg\" style=\"clear: left; float: left; margin-bottom: 1em; margin-right: 1em;\"><img loading=\"lazy\" decoding=\"async\" border=\"0\" data-original-height=\"1600\" data-original-width=\"739\" height=\"320\" src=\"https:\/\/1.bp.blogspot.com\/-0dsvec3L5Zc\/XlaqDAeL1_I\/AAAAAAAAN80\/BWQ2kzzInhkunFet5iau3lAt2KdWBTlCwCLcBGAsYHQ\/s320\/20200222_124725.jpg\" width=\"147\" \/><\/a>Igal juhul oli mul j\u00f5e kaldal selle silla peal t\u00f5eline <i>d\u00e9ja vu<\/i> tunne. Nagu oleks olnud siin. Ja siis vaatasin l\u00e4hemalt m\u00f5lemale poole silda ning sain aru, et olemegi ju&#8230;.. Kutt v\u00e4itis, et ei m\u00e4letanud ning isegi siis, kui talle Instagramist pilti n\u00e4itasin, ei meenunud talle.<br \/>\ud83d\ude49\ud83d\ude3b<br \/>Vasakul pool seda silda on igavesti v\u00e4gev katedraal ning puuks p\u00fcgatud rododendronid, erinevat v\u00e4rvi. Paremal pool aga parkla ning piknikuala. Me jalutasime toona m\u00f5lemal pool silda, seekord s\u00f5itsime autoga \u00fcle silla ning paremale, m\u00e4en\u00f5lva pidi \u00fcles.<br \/>Sealsamas l\u00e4hedal on ka The Hermitage, m\u00f5nus poolteisekilomeetrine matkarada kose, v\u00e4ikese majakese, koopa ning v\u00e4idetavalt \u0160otimaa k\u00f5ige k\u00f5rgemate kuuskedega. Pikad ja j\u00e4medad olid need puud k\u00fcll, mitte ainult kuused vaid m\u00e4nnid ka. See, et vett oli palju, t\u00e4hendas ka kose juures imelist vetem\u00e4ngu. Mis veel muutis selle metsaraja p\u00f5nevaks ja salap\u00e4raseks, olid rohelised samblikud ja s\u00f5najalad puudel. Oli natuke m\u00fcstiline, kuidas peenikesed raagus oksad, aga \u00fcleni rohelised, vee kohale kummarduvad. \u00dcks v\u00e4ike kollaa\u017e nendest okstest, sest see, kuidas valgus neile langes tekitas t\u00f5esti tunde, nagu oleks kuskile muinasjuttu sattunud. \ud83d\udcab\ud83d\udc47<\/p>\n<p><a href=\"https:\/\/1.bp.blogspot.com\/-umjdcK-r2NY\/XlaxS2FDzhI\/AAAAAAAAN9A\/IOvk7_9rZycfAQ-oFGcsuxPfom0VN0NAQCLcBGAsYHQ\/s1600\/rohelised%2Bpuud.jpg\" style=\"clear: left; float: left; margin-bottom: 1em; margin-right: 1em;\"><img loading=\"lazy\" decoding=\"async\" border=\"0\" data-original-height=\"312\" data-original-width=\"820\" height=\"241\" src=\"https:\/\/1.bp.blogspot.com\/-umjdcK-r2NY\/XlaxS2FDzhI\/AAAAAAAAN9A\/IOvk7_9rZycfAQ-oFGcsuxPfom0VN0NAQCLcBGAsYHQ\/s640\/rohelised%2Bpuud.jpg\" width=\"640\" \/><\/a>Kosk ise oli ka muidugi v\u00f5imas. Ja need suurte puude ladvad pea kohal \u00f5\u00f5tsumas. Metsa all n\u00e4gime ka mitut k\u00e4ndu, kuhu oli m\u00fcnte sisse pandud. Selle kombe kohta internetist infot otsides sain teada, et need on \u00f5nnem\u00fcndid. M\u00fcnte pannakse ainult k\u00e4ndudesse puu hingehaldjatele, et need aitaksid soove t\u00e4ita.<br \/><a href=\"https:\/\/1.bp.blogspot.com\/-9JXEs3dZB9g\/Xla08OtxzgI\/AAAAAAAAN9M\/8MgXZ33mq-MYheHrBHPL8Ej--fxZ-gN5QCLcBGAsYHQ\/s1600\/20200222_141006.jpg\" style=\"clear: left; float: left; margin-bottom: 1em; margin-right: 1em;\"><img loading=\"lazy\" decoding=\"async\" border=\"0\" data-original-height=\"1600\" data-original-width=\"739\" height=\"400\" src=\"https:\/\/1.bp.blogspot.com\/-9JXEs3dZB9g\/Xla08OtxzgI\/AAAAAAAAN9M\/8MgXZ33mq-MYheHrBHPL8Ej--fxZ-gN5QCLcBGAsYHQ\/s400\/20200222_141006.jpg\" width=\"183\" \/><\/a>Komme on sajandeid vana, nagu ka m\u00fcndid, mis nendest mahakukkunud puudest leitud on.<br \/>\ud83d\udc81Mis ehk \u0160otimaal ringi reisides veel oluline teada &#8211; ka sellistes kohtades nagu The Hermitage, hoidke m\u00fcndid endal taskus. Kui loodus ise on vaatamiseks tasuta, siis parkimise eest on viisakas maksta. Ilmselt turismi k\u00f5rghooajal on ka j\u00e4relvalve suurem ja parklad\/piknikukohad rohkem t\u00e4is. Samas, tualett ja infokiosk oli seal ka t\u00e4itsa olemas, rada ilusti t\u00e4histatud ja hooldatud.<br \/>Ka enamik losse tehakse lahti alates 2. aprillist ehk siis suviseks hooajaks. Lossi aedades saab praegugi ringi jalutada, ja seda v\u00f5imalust kasutasime me ka nt Perthi juures asuva Scone palee juures. See on olnud aastasadade jooksul \u0160oti kuningate\/kuningannade kroonimispalee. Praegu, kui \u0160otimaal on oma parlament ja ministrid, annavad nemad seal ametivande.<\/p>\n<p>Nagu \u00fclaltpoolt vihjamisi lugeda v\u00f5is, siis p\u00fchap\u00e4eval n\u00e4gime h\u00fclgeid, delfiine ja lund. Tegime sellise korraliku tiiru ja m\u00e4gedes saime isegi natuke lumes\u00f5da m\u00e4ngida. Lechtis, kus Kutiga suusatamas k\u00e4isime, tegime peatuse ja k\u00e4isime s\u00f6\u00f6mas.<br \/>Mulle v\u00e4ga meeldib \u0160otimaa m\u00e4gede avarus. Cairngormis on see veel eriti h\u00e4sti tajutav. L\u00e4\u00e4ne-ja P\u00f5hja-\u0160otimaal pole lihtsalt veel k\u00e4inud, ainult piltidelt n\u00e4inud. \u00d5hk liigub ja valgus m\u00e4ngib, pilvede liikumist on maapinnalt n\u00e4ha. Praegu on kanarbik pruun, aga kui see \u00fchel hetkel \u00f5itseb, siis on m\u00e4ek\u00fcljed imeilusad ja kutsuvad. Samas, nagu raamatutest lugenud olen, siis peab olema ettevaatlik, sest kanarbik, mustikad jms Eestis tuntud rabataimed annavad m\u00e4rku pehmest, soisest pinnasest ning meeles on ka see, kui Aunega esimest korda \u0160otimaal olime, kuidas p\u00f5lvist saati m\u00e4rjaks sain, kui \u00fcritasime aia taga m\u00e4giveiseid paitada. \ud83d\ude01<\/p>\n<div style=\"clear: both; text-align: center;\"><a href=\"https:\/\/1.bp.blogspot.com\/-ShaWSaSDiAc\/XlbTX5tSnCI\/AAAAAAAAN-M\/ZVVSkLlSZicZtcj3DdzcKsQ3ekB4a5-XACLcBGAsYHQ\/s1600\/20200223_151444.jpg\" style=\"margin-left: 1em; margin-right: 1em;\"><img loading=\"lazy\" decoding=\"async\" border=\"0\" data-original-height=\"739\" data-original-width=\"1600\" height=\"294\" src=\"https:\/\/1.bp.blogspot.com\/-ShaWSaSDiAc\/XlbTX5tSnCI\/AAAAAAAAN-M\/ZVVSkLlSZicZtcj3DdzcKsQ3ekB4a5-XACLcBGAsYHQ\/s640\/20200223_151444.jpg\" width=\"640\" \/><\/a><\/div>\n<p>Sain mitu korda muiata, kui Hr Kahemilline liiklusest r\u00e4\u00e4kis. Ta on \u00fcsna kogenud ja tasakaalukas autojuht, s\u00f5itis Mallorcal nagu Mi\u0161ka m\u00e4giteedel ja kiirteedel, aga \u0160otimaal teatas, et unustagu ma \u00e4ra tema rooli panek. \ud83d\ude02\ud83d\ude02 Ringristmikud olid talle eriti arusaamatud, kuigi minu arvates ristmikel paremp\u00f6\u00f6re on veel hullem. Ringristmikel valepidi s\u00f5ita oleks veider, sest kaar l\u00e4heb ju teistpidi&#8230;. \ud83d\ude0a<br \/>Ehh, ma arvan, et aprillis, kui ta n\u00e4dalaks tuleb, on ta juba \u00fcsna harjunud ning julgeb rooli taha istuda k\u00fcll.<br \/>Esmasp\u00e4eva hommikul s\u00f5ime kiluleiba (ait\u00e4h Aune nii kilude kui ka maitsva leiva eest). Sadas. See oli seni ka ainus p\u00e4ev, kus \u00fcldse mingitki p\u00e4ikesekiirt ei n\u00e4inud. \ud83d\ude12Seevastu sain Hr Kahemillist Edinburghi transportides s\u00f5ita paksus lumepudrus, tihedas vihmasajus ning \u00fctlesin talle ka, et \u0160otimaa nutab tema lahkumise p\u00e4rast. Tagasi tulek oli nukker, kuigi teeolud olid paremad. Aga k\u00f5ik on nii, nagu talle \u00fctlesin: mul on kahju, et ta l\u00e4heb, aga ma olen \u00f5nnelik ja t\u00e4nulik, et ta tuli, oli ja ta nautis, et ta tundis ennast meie juures h\u00e4sti ning siinne loodus meeldis talle. Uute seiklusteni!<\/p>\n<div style=\"clear: both; text-align: center;\"><\/div>\n<\/div>\n<\/div>","protected":false},"excerpt":{"rendered":"<p>Inimaju l\u00e4hemalt uurinute s\u00f5nul on see \u00e4\u00e4retult oluline: kogeda aeg-ajalt midagi elus esimest korda. Lapsena on see lihtne, aga mida vanemaks saad, seda keerulisem justkui &#8211; kuigi elutarkust, kuidas neid tundeid, hetki, kogemusi luua, peaks olema justkui rohkem ja seega ka v\u00f5imalusi rohkem.\ud83e\udde0 Miks see on oluline? Sest see pakub meile v\u00f5imalust areneda, aju t\u00f6\u00f6s [&hellip;]<\/p>\n","protected":false},"author":2,"featured_media":0,"comment_status":"open","ping_status":"open","sticky":false,"template":"","format":"standard","meta":{"footnotes":""},"categories":[21,141,76,168,170,167,129,128,169,120,171],"tags":[],"class_list":["post-993","post","type-post","status-publish","format-standard","hentry","category-eestlane-sotimaal","category-hulgevaatlus","category-lapsega-sotimaal","category-lecht2090","category-lumised-maed","category-matkarada","category-soti-viski","category-sotimaa-ilm","category-sotimaa-lossid","category-valismaale-kolimine","category-vasakpoolne-liiklus","entry","owp-thumbs-layout-horizontal","owp-btn-normal","owp-tabs-layout-horizontal","has-no-thumbnails","has-product-nav"],"yoast_head":"<!-- This site is optimized with the Yoast SEO plugin v27.4 - https:\/\/yoast.com\/product\/yoast-seo-wordpress\/ -->\n<title>Millal kogesid viimati midagi elus esimest korda? - Birgit Itse - Be Inspired<\/title>\n<meta name=\"robots\" content=\"index, follow, max-snippet:-1, max-image-preview:large, max-video-preview:-1\" \/>\n<link rel=\"canonical\" href=\"https:\/\/www.birgit-itse.com\/et\/millal-kogesid-viimati-midagi-elus-esimest-korda\/\" \/>\n<meta property=\"og:locale\" content=\"et_EE\" \/>\n<meta property=\"og:type\" content=\"article\" \/>\n<meta property=\"og:title\" content=\"Millal kogesid viimati midagi elus esimest korda? - Birgit Itse - Be Inspired\" \/>\n<meta property=\"og:description\" content=\"Inimaju l\u00e4hemalt uurinute s\u00f5nul on see \u00e4\u00e4retult oluline: kogeda aeg-ajalt midagi elus esimest korda. Lapsena on see lihtne, aga mida vanemaks saad, seda keerulisem justkui &#8211; kuigi elutarkust, kuidas neid tundeid, hetki, kogemusi luua, peaks olema justkui rohkem ja seega ka v\u00f5imalusi rohkem.\ud83e\udde0 Miks see on oluline? Sest see pakub meile v\u00f5imalust areneda, aju t\u00f6\u00f6s [&hellip;]\" \/>\n<meta property=\"og:url\" content=\"https:\/\/www.birgit-itse.com\/et\/millal-kogesid-viimati-midagi-elus-esimest-korda\/\" \/>\n<meta property=\"og:site_name\" content=\"Birgit Itse - Be Inspired\" \/>\n<meta property=\"article:published_time\" content=\"2020-02-26T20:29:00+00:00\" \/>\n<meta property=\"og:image\" content=\"https:\/\/1.bp.blogspot.com\/-lVrSYt2MHEw\/XlZ3xYt-fOI\/AAAAAAAAN8c\/wrzIBmbqH-Ah4xRLpDltTXysAi0bMGsOACLcBGAsYHQ\/s400\/20200221_211305.jpg\" \/>\n<meta name=\"author\" content=\"Birgit\" \/>\n<meta name=\"twitter:card\" content=\"summary_large_image\" \/>\n<meta name=\"twitter:label1\" content=\"Written by\" \/>\n\t<meta name=\"twitter:data1\" content=\"Birgit\" \/>\n\t<meta name=\"twitter:label2\" content=\"Est. reading time\" \/>\n\t<meta name=\"twitter:data2\" content=\"9 minutit\" \/>\n<script type=\"application\/ld+json\" class=\"yoast-schema-graph\">{\"@context\":\"https:\\\/\\\/schema.org\",\"@graph\":[{\"@type\":\"Article\",\"@id\":\"https:\\\/\\\/www.birgit-itse.com\\\/millal-kogesid-viimati-midagi-elus-esimest-korda\\\/#article\",\"isPartOf\":{\"@id\":\"https:\\\/\\\/www.birgit-itse.com\\\/millal-kogesid-viimati-midagi-elus-esimest-korda\\\/\"},\"author\":{\"name\":\"Birgit\",\"@id\":\"https:\\\/\\\/birgit-itse.com\\\/#\\\/schema\\\/person\\\/3f7c1c34cf70c1ed6f580544f8ae6b7b\"},\"headline\":\"Millal kogesid viimati midagi elus esimest korda?\",\"datePublished\":\"2020-02-26T20:29:00+00:00\",\"mainEntityOfPage\":{\"@id\":\"https:\\\/\\\/www.birgit-itse.com\\\/millal-kogesid-viimati-midagi-elus-esimest-korda\\\/\"},\"wordCount\":1801,\"commentCount\":0,\"publisher\":{\"@id\":\"https:\\\/\\\/birgit-itse.com\\\/#organization\"},\"image\":{\"@id\":\"https:\\\/\\\/www.birgit-itse.com\\\/millal-kogesid-viimati-midagi-elus-esimest-korda\\\/#primaryimage\"},\"thumbnailUrl\":\"https:\\\/\\\/1.bp.blogspot.com\\\/-lVrSYt2MHEw\\\/XlZ3xYt-fOI\\\/AAAAAAAAN8c\\\/wrzIBmbqH-Ah4xRLpDltTXysAi0bMGsOACLcBGAsYHQ\\\/s400\\\/20200221_211305.jpg\",\"articleSection\":[\"eestlane \u0161otimaal\",\"h\u00fclgevaatlus\",\"lapsega \u0161otimaal\",\"lecht2090\",\"lumised m\u00e4ed\",\"matkarada\",\"\u0161oti viski\",\"\u0160otimaa ilm\",\"\u0160otimaa lossid\",\"v\u00e4lismaale kolimine\",\"vasakpoolne liiklus\"],\"inLanguage\":\"et\"},{\"@type\":\"WebPage\",\"@id\":\"https:\\\/\\\/www.birgit-itse.com\\\/millal-kogesid-viimati-midagi-elus-esimest-korda\\\/\",\"url\":\"https:\\\/\\\/www.birgit-itse.com\\\/millal-kogesid-viimati-midagi-elus-esimest-korda\\\/\",\"name\":\"Millal kogesid viimati midagi elus esimest korda? - Birgit Itse - Be Inspired\",\"isPartOf\":{\"@id\":\"https:\\\/\\\/birgit-itse.com\\\/#website\"},\"primaryImageOfPage\":{\"@id\":\"https:\\\/\\\/www.birgit-itse.com\\\/millal-kogesid-viimati-midagi-elus-esimest-korda\\\/#primaryimage\"},\"image\":{\"@id\":\"https:\\\/\\\/www.birgit-itse.com\\\/millal-kogesid-viimati-midagi-elus-esimest-korda\\\/#primaryimage\"},\"thumbnailUrl\":\"https:\\\/\\\/1.bp.blogspot.com\\\/-lVrSYt2MHEw\\\/XlZ3xYt-fOI\\\/AAAAAAAAN8c\\\/wrzIBmbqH-Ah4xRLpDltTXysAi0bMGsOACLcBGAsYHQ\\\/s400\\\/20200221_211305.jpg\",\"datePublished\":\"2020-02-26T20:29:00+00:00\",\"breadcrumb\":{\"@id\":\"https:\\\/\\\/www.birgit-itse.com\\\/millal-kogesid-viimati-midagi-elus-esimest-korda\\\/#breadcrumb\"},\"inLanguage\":\"et\",\"potentialAction\":[{\"@type\":\"ReadAction\",\"target\":[\"https:\\\/\\\/www.birgit-itse.com\\\/millal-kogesid-viimati-midagi-elus-esimest-korda\\\/\"]}]},{\"@type\":\"ImageObject\",\"inLanguage\":\"et\",\"@id\":\"https:\\\/\\\/www.birgit-itse.com\\\/millal-kogesid-viimati-midagi-elus-esimest-korda\\\/#primaryimage\",\"url\":\"https:\\\/\\\/1.bp.blogspot.com\\\/-lVrSYt2MHEw\\\/XlZ3xYt-fOI\\\/AAAAAAAAN8c\\\/wrzIBmbqH-Ah4xRLpDltTXysAi0bMGsOACLcBGAsYHQ\\\/s400\\\/20200221_211305.jpg\",\"contentUrl\":\"https:\\\/\\\/1.bp.blogspot.com\\\/-lVrSYt2MHEw\\\/XlZ3xYt-fOI\\\/AAAAAAAAN8c\\\/wrzIBmbqH-Ah4xRLpDltTXysAi0bMGsOACLcBGAsYHQ\\\/s400\\\/20200221_211305.jpg\"},{\"@type\":\"BreadcrumbList\",\"@id\":\"https:\\\/\\\/www.birgit-itse.com\\\/millal-kogesid-viimati-midagi-elus-esimest-korda\\\/#breadcrumb\",\"itemListElement\":[{\"@type\":\"ListItem\",\"position\":1,\"name\":\"Home\",\"item\":\"https:\\\/\\\/birgit-itse.com\\\/\"},{\"@type\":\"ListItem\",\"position\":2,\"name\":\"Millal kogesid viimati midagi elus esimest korda?\"}]},{\"@type\":\"WebSite\",\"@id\":\"https:\\\/\\\/birgit-itse.com\\\/#website\",\"url\":\"https:\\\/\\\/birgit-itse.com\\\/\",\"name\":\"Birgit Itse - Be Inspired\",\"description\":\"Ghostwriter, Author, Keynote Speaker\",\"publisher\":{\"@id\":\"https:\\\/\\\/birgit-itse.com\\\/#organization\"},\"potentialAction\":[{\"@type\":\"SearchAction\",\"target\":{\"@type\":\"EntryPoint\",\"urlTemplate\":\"https:\\\/\\\/birgit-itse.com\\\/?s={search_term_string}\"},\"query-input\":{\"@type\":\"PropertyValueSpecification\",\"valueRequired\":true,\"valueName\":\"search_term_string\"}}],\"inLanguage\":\"et\"},{\"@type\":\"Organization\",\"@id\":\"https:\\\/\\\/birgit-itse.com\\\/#organization\",\"name\":\"Birgit Itse - Be Inspired\",\"url\":\"https:\\\/\\\/birgit-itse.com\\\/\",\"logo\":{\"@type\":\"ImageObject\",\"inLanguage\":\"et\",\"@id\":\"https:\\\/\\\/birgit-itse.com\\\/#\\\/schema\\\/logo\\\/image\\\/\",\"url\":\"https:\\\/\\\/birgit-itse.com\\\/wp-content\\\/uploads\\\/2020\\\/10\\\/cropped-Birgit-name-logo-orange.png\",\"contentUrl\":\"https:\\\/\\\/birgit-itse.com\\\/wp-content\\\/uploads\\\/2020\\\/10\\\/cropped-Birgit-name-logo-orange.png\",\"width\":1326,\"height\":841,\"caption\":\"Birgit Itse - Be Inspired\"},\"image\":{\"@id\":\"https:\\\/\\\/birgit-itse.com\\\/#\\\/schema\\\/logo\\\/image\\\/\"}},{\"@type\":\"Person\",\"@id\":\"https:\\\/\\\/birgit-itse.com\\\/#\\\/schema\\\/person\\\/3f7c1c34cf70c1ed6f580544f8ae6b7b\",\"name\":\"Birgit\",\"image\":{\"@type\":\"ImageObject\",\"inLanguage\":\"et\",\"@id\":\"https:\\\/\\\/secure.gravatar.com\\\/avatar\\\/?s=96&d=mm&r=g\",\"url\":\"https:\\\/\\\/secure.gravatar.com\\\/avatar\\\/?s=96&d=mm&r=g\",\"contentUrl\":\"https:\\\/\\\/secure.gravatar.com\\\/avatar\\\/?s=96&d=mm&r=g\",\"caption\":\"Birgit\"},\"url\":\"https:\\\/\\\/www.birgit-itse.com\\\/et\\\/author\\\/birgit\\\/\"}]}<\/script>\n<!-- \/ Yoast SEO plugin. -->","yoast_head_json":{"title":"Millal kogesid viimati midagi elus esimest korda? - Birgit Itse - Be Inspired","robots":{"index":"index","follow":"follow","max-snippet":"max-snippet:-1","max-image-preview":"max-image-preview:large","max-video-preview":"max-video-preview:-1"},"canonical":"https:\/\/www.birgit-itse.com\/et\/millal-kogesid-viimati-midagi-elus-esimest-korda\/","og_locale":"et_EE","og_type":"article","og_title":"Millal kogesid viimati midagi elus esimest korda? - Birgit Itse - Be Inspired","og_description":"Inimaju l\u00e4hemalt uurinute s\u00f5nul on see \u00e4\u00e4retult oluline: kogeda aeg-ajalt midagi elus esimest korda. Lapsena on see lihtne, aga mida vanemaks saad, seda keerulisem justkui &#8211; kuigi elutarkust, kuidas neid tundeid, hetki, kogemusi luua, peaks olema justkui rohkem ja seega ka v\u00f5imalusi rohkem.\ud83e\udde0 Miks see on oluline? Sest see pakub meile v\u00f5imalust areneda, aju t\u00f6\u00f6s [&hellip;]","og_url":"https:\/\/www.birgit-itse.com\/et\/millal-kogesid-viimati-midagi-elus-esimest-korda\/","og_site_name":"Birgit Itse - Be Inspired","article_published_time":"2020-02-26T20:29:00+00:00","og_image":[{"url":"https:\/\/1.bp.blogspot.com\/-lVrSYt2MHEw\/XlZ3xYt-fOI\/AAAAAAAAN8c\/wrzIBmbqH-Ah4xRLpDltTXysAi0bMGsOACLcBGAsYHQ\/s400\/20200221_211305.jpg","type":"","width":"","height":""}],"author":"Birgit","twitter_card":"summary_large_image","twitter_misc":{"Written by":"Birgit","Est. reading time":"9 minutit"},"schema":{"@context":"https:\/\/schema.org","@graph":[{"@type":"Article","@id":"https:\/\/www.birgit-itse.com\/millal-kogesid-viimati-midagi-elus-esimest-korda\/#article","isPartOf":{"@id":"https:\/\/www.birgit-itse.com\/millal-kogesid-viimati-midagi-elus-esimest-korda\/"},"author":{"name":"Birgit","@id":"https:\/\/birgit-itse.com\/#\/schema\/person\/3f7c1c34cf70c1ed6f580544f8ae6b7b"},"headline":"Millal kogesid viimati midagi elus esimest korda?","datePublished":"2020-02-26T20:29:00+00:00","mainEntityOfPage":{"@id":"https:\/\/www.birgit-itse.com\/millal-kogesid-viimati-midagi-elus-esimest-korda\/"},"wordCount":1801,"commentCount":0,"publisher":{"@id":"https:\/\/birgit-itse.com\/#organization"},"image":{"@id":"https:\/\/www.birgit-itse.com\/millal-kogesid-viimati-midagi-elus-esimest-korda\/#primaryimage"},"thumbnailUrl":"https:\/\/1.bp.blogspot.com\/-lVrSYt2MHEw\/XlZ3xYt-fOI\/AAAAAAAAN8c\/wrzIBmbqH-Ah4xRLpDltTXysAi0bMGsOACLcBGAsYHQ\/s400\/20200221_211305.jpg","articleSection":["eestlane \u0161otimaal","h\u00fclgevaatlus","lapsega \u0161otimaal","lecht2090","lumised m\u00e4ed","matkarada","\u0161oti viski","\u0160otimaa ilm","\u0160otimaa lossid","v\u00e4lismaale kolimine","vasakpoolne liiklus"],"inLanguage":"et"},{"@type":"WebPage","@id":"https:\/\/www.birgit-itse.com\/millal-kogesid-viimati-midagi-elus-esimest-korda\/","url":"https:\/\/www.birgit-itse.com\/millal-kogesid-viimati-midagi-elus-esimest-korda\/","name":"Millal kogesid viimati midagi elus esimest korda? - Birgit Itse - Be Inspired","isPartOf":{"@id":"https:\/\/birgit-itse.com\/#website"},"primaryImageOfPage":{"@id":"https:\/\/www.birgit-itse.com\/millal-kogesid-viimati-midagi-elus-esimest-korda\/#primaryimage"},"image":{"@id":"https:\/\/www.birgit-itse.com\/millal-kogesid-viimati-midagi-elus-esimest-korda\/#primaryimage"},"thumbnailUrl":"https:\/\/1.bp.blogspot.com\/-lVrSYt2MHEw\/XlZ3xYt-fOI\/AAAAAAAAN8c\/wrzIBmbqH-Ah4xRLpDltTXysAi0bMGsOACLcBGAsYHQ\/s400\/20200221_211305.jpg","datePublished":"2020-02-26T20:29:00+00:00","breadcrumb":{"@id":"https:\/\/www.birgit-itse.com\/millal-kogesid-viimati-midagi-elus-esimest-korda\/#breadcrumb"},"inLanguage":"et","potentialAction":[{"@type":"ReadAction","target":["https:\/\/www.birgit-itse.com\/millal-kogesid-viimati-midagi-elus-esimest-korda\/"]}]},{"@type":"ImageObject","inLanguage":"et","@id":"https:\/\/www.birgit-itse.com\/millal-kogesid-viimati-midagi-elus-esimest-korda\/#primaryimage","url":"https:\/\/1.bp.blogspot.com\/-lVrSYt2MHEw\/XlZ3xYt-fOI\/AAAAAAAAN8c\/wrzIBmbqH-Ah4xRLpDltTXysAi0bMGsOACLcBGAsYHQ\/s400\/20200221_211305.jpg","contentUrl":"https:\/\/1.bp.blogspot.com\/-lVrSYt2MHEw\/XlZ3xYt-fOI\/AAAAAAAAN8c\/wrzIBmbqH-Ah4xRLpDltTXysAi0bMGsOACLcBGAsYHQ\/s400\/20200221_211305.jpg"},{"@type":"BreadcrumbList","@id":"https:\/\/www.birgit-itse.com\/millal-kogesid-viimati-midagi-elus-esimest-korda\/#breadcrumb","itemListElement":[{"@type":"ListItem","position":1,"name":"Home","item":"https:\/\/birgit-itse.com\/"},{"@type":"ListItem","position":2,"name":"Millal kogesid viimati midagi elus esimest korda?"}]},{"@type":"WebSite","@id":"https:\/\/birgit-itse.com\/#website","url":"https:\/\/birgit-itse.com\/","name":"Birgit Itse - Be Inspired","description":"Ghostwriter, Author, Keynote Speaker","publisher":{"@id":"https:\/\/birgit-itse.com\/#organization"},"potentialAction":[{"@type":"SearchAction","target":{"@type":"EntryPoint","urlTemplate":"https:\/\/birgit-itse.com\/?s={search_term_string}"},"query-input":{"@type":"PropertyValueSpecification","valueRequired":true,"valueName":"search_term_string"}}],"inLanguage":"et"},{"@type":"Organization","@id":"https:\/\/birgit-itse.com\/#organization","name":"Birgit Itse - Be Inspired","url":"https:\/\/birgit-itse.com\/","logo":{"@type":"ImageObject","inLanguage":"et","@id":"https:\/\/birgit-itse.com\/#\/schema\/logo\/image\/","url":"https:\/\/birgit-itse.com\/wp-content\/uploads\/2020\/10\/cropped-Birgit-name-logo-orange.png","contentUrl":"https:\/\/birgit-itse.com\/wp-content\/uploads\/2020\/10\/cropped-Birgit-name-logo-orange.png","width":1326,"height":841,"caption":"Birgit Itse - Be Inspired"},"image":{"@id":"https:\/\/birgit-itse.com\/#\/schema\/logo\/image\/"}},{"@type":"Person","@id":"https:\/\/birgit-itse.com\/#\/schema\/person\/3f7c1c34cf70c1ed6f580544f8ae6b7b","name":"Birgit","image":{"@type":"ImageObject","inLanguage":"et","@id":"https:\/\/secure.gravatar.com\/avatar\/?s=96&d=mm&r=g","url":"https:\/\/secure.gravatar.com\/avatar\/?s=96&d=mm&r=g","contentUrl":"https:\/\/secure.gravatar.com\/avatar\/?s=96&d=mm&r=g","caption":"Birgit"},"url":"https:\/\/www.birgit-itse.com\/et\/author\/birgit\/"}]}},"_links":{"self":[{"href":"https:\/\/www.birgit-itse.com\/et\/wp-json\/wp\/v2\/posts\/993","targetHints":{"allow":["GET"]}}],"collection":[{"href":"https:\/\/www.birgit-itse.com\/et\/wp-json\/wp\/v2\/posts"}],"about":[{"href":"https:\/\/www.birgit-itse.com\/et\/wp-json\/wp\/v2\/types\/post"}],"author":[{"embeddable":true,"href":"https:\/\/www.birgit-itse.com\/et\/wp-json\/wp\/v2\/users\/2"}],"replies":[{"embeddable":true,"href":"https:\/\/www.birgit-itse.com\/et\/wp-json\/wp\/v2\/comments?post=993"}],"version-history":[{"count":0,"href":"https:\/\/www.birgit-itse.com\/et\/wp-json\/wp\/v2\/posts\/993\/revisions"}],"wp:attachment":[{"href":"https:\/\/www.birgit-itse.com\/et\/wp-json\/wp\/v2\/media?parent=993"}],"wp:term":[{"taxonomy":"category","embeddable":true,"href":"https:\/\/www.birgit-itse.com\/et\/wp-json\/wp\/v2\/categories?post=993"},{"taxonomy":"post_tag","embeddable":true,"href":"https:\/\/www.birgit-itse.com\/et\/wp-json\/wp\/v2\/tags?post=993"}],"curies":[{"name":"wp","href":"https:\/\/api.w.org\/{rel}","templated":true}]}}