{"id":994,"date":"2020-02-20T20:58:00","date_gmt":"2020-02-20T20:58:00","guid":{"rendered":"https:\/\/birgit-itse.com\/2020\/02\/20\/lumepiltide-uputus-%e2%9d%86%e2%9d%86%e2%9d%86kaks-paeva-pidu-ja-nadalavahetus-levist-valjas-%e2%9d%86%e2%9d%86%e2%9d%86\/"},"modified":"2020-02-20T20:58:00","modified_gmt":"2020-02-20T20:58:00","slug":"lumepiltide-uputus-%e2%9d%86%e2%9d%86%e2%9d%86kaks-paeva-pidu-ja-nadalavahetus-levist-valjas-%e2%9d%86%e2%9d%86%e2%9d%86","status":"publish","type":"post","link":"https:\/\/www.birgit-itse.com\/et\/lumepiltide-uputus-%e2%9d%86%e2%9d%86%e2%9d%86kaks-paeva-pidu-ja-nadalavahetus-levist-valjas-%e2%9d%86%e2%9d%86%e2%9d%86\/","title":{"rendered":"Lume(piltide) uputus: \u2746\u2746\u2746Kaks p\u00e4eva pidu ja n\u00e4dalavahetus levist v\u00e4ljas \u2746\u2746\u2746"},"content":{"rendered":"<p><a href=\"https:\/\/1.bp.blogspot.com\/-M449IJhC0-c\/Xk7Zy_4gJ-I\/AAAAAAAAN50\/6OVzEy_pXzcc5z22F9QfjfETgoUV7G9vACLcBGAsYHQ\/s1600\/20200218_074855.jpg\" style=\"clear: right; float: right; margin-bottom: 1em; margin-left: 1em;\"><img fetchpriority=\"high\" decoding=\"async\" border=\"0\" data-original-height=\"1600\" data-original-width=\"739\" height=\"400\" src=\"https:\/\/1.bp.blogspot.com\/-M449IJhC0-c\/Xk7Zy_4gJ-I\/AAAAAAAAN50\/6OVzEy_pXzcc5z22F9QfjfETgoUV7G9vACLcBGAsYHQ\/s400\/20200218_074855.jpg\" width=\"183\" \/><\/a>See, et blogis on vaikus olnud, ei t\u00e4henda, et meil midagi ei toimu. Pigem vastupidi &#8211;&nbsp; n\u00e4dal on kulgenud praegu ja kulgeb edaspidi ka t\u00e4histades. Oleme h\u00e4sti palju olnud koos ja teinud koos. Olen j\u00f5udnud \u00f5ppida, kirjutada, CVd uuendada jpm.<br \/>\u00c4rge isegi mitte lootke sel n\u00e4dalal veel \u00fcht postitust, \ud83d\ude07sest homme l\u00e4heme Hr Kahemillisele lennujaama vastu ning me kavatseme iga hetke p\u00e4riselt koos olemiseks kasutada, mitte netis viibida. Hr Kahemilline juba \u00fctles, et arvestades inimesi, kes teda homme lennujaamas teele saadavad, oleks ta nagu VIP. \ud83d\ude1aNo tegelt ongi ju meie isiklikul skaalal.<br \/>\ud83c\udf87Kutil oli sel n\u00e4dalal s\u00fcnnip\u00e4ev, mis t\u00e4hendab, et paljude lennufirmade jaoks on ta n\u00fc\u00fcd t\u00e4iskasvanutega samas kategoorias. \u00dcksikud pakuvad veel juuniorpileti v\u00f5imalust, aga enamikel tundub olevat alates 12. eluaastast t\u00e4iskasvanuga sama hind.<br \/>Siin saare peal on ta siiski Juuniorite liigas. Ka nt m\u00e4esuusakeskuses, kus k\u00e4isime, kehtis talle tema s\u00fcnnip\u00e4eval juba juuniorite, mitte enam laste hind. \ud83d\ude0f<\/p>\n<p>M\u00f5nikord on ta ikka t\u00e4iega nunnu &#8211; ma tean, \u00fckski lugupidav ema ei tohiks teismelise poja kohta enam avalikult nunnu \u00f6elda, aga hetkedel, kui laps loeb hoolega ema kirjutatud kaarti, oskab hinnata kodus valmistatud kohupiimatorti (esiplaanil) paremaks poekraamist (kuigi see on uhkem ja v\u00e4rvilisem) \ud83c\udf82 ning on absoluutselt rahul sellega, et tema s\u00fcnnip\u00e4evakingitus on s\u00f5it lumistesse m\u00e4gedesse, tunnen ma, et ma emana olen \u00fcsna h\u00e4sti hakkama saanud. Jah, mul on olnud abilisi, sest p\u00e4ris \u00fcksi v\u00e4gevat meest ei kasvata ja suuri asju korda ei saada. Ait\u00e4h teile k\u00f5igile. \ud83d\ude4f<\/p>\n<p><a href=\"https:\/\/1.bp.blogspot.com\/-77rbWfFuiJE\/Xk7ut_D3qcI\/AAAAAAAAN68\/PTq935AsiDE7kjh_ROj650VfXlIvBmnzgCLcBGAsYHQ\/s1600\/20200218_133128.jpg\" style=\"clear: left; float: left; margin-bottom: 1em; margin-right: 1em;\"><img decoding=\"async\" border=\"0\" data-original-height=\"739\" data-original-width=\"1600\" height=\"183\" src=\"https:\/\/1.bp.blogspot.com\/-77rbWfFuiJE\/Xk7ut_D3qcI\/AAAAAAAAN68\/PTq935AsiDE7kjh_ROj650VfXlIvBmnzgCLcBGAsYHQ\/s400\/20200218_133128.jpg\" width=\"400\" \/><\/a>Kuna Kutt on talvine laps, siis ta on leebelt v\u00e4ljendudes lumelemb. Nii sai antud lubadus, et s\u00fcnnip\u00e4eval saab ta lumes hullata. Vaatasin v\u00e4lja, et Lecht 2090 suusakeskuses on tuubitamise v\u00f5imalus ka. Sinna me teisip\u00e4eva hommikul suundusime, enne panime veel 2 s\u00fcnnip\u00e4eva kaarti posti. V\u00e4ljas\u00f5it k\u00fcll hilines ca tunnikese minust s\u00f5ltuvatel asjaoludel ning \u0160otimaa m\u00e4giteedel s\u00f5idan ma ka enam kui 30 minutit aeglasemalt kui GPS alguses v\u00e4lja pakkus, seega oli s\u00f5iduaeg 2 tundi, algse 1.20 asemel. Aga vaatepilt oli v\u00f5imas. Kui veel 20 miili enne p\u00e4rale j\u00f5udmist ei uskunud Kutt, et \u00fcldse v\u00f5iks lund olla, siis viimased 7 miili, kus tee kulges \u00fcsna selgelt t\u00f5usvas joones, olid lumised m\u00e4etipud meie p\u00e4ralt.<\/p>\n<div style=\"clear: both; text-align: center;\"><\/div>\n<p><\/p>\n<div style=\"clear: both; text-align: center;\"><a href=\"https:\/\/1.bp.blogspot.com\/-dS4awyPbME0\/Xk7ut4KnV8I\/AAAAAAAAN7g\/973OgrxrikUjgwDucbQ5oQfUIVzuRa6igCEwYBhgL\/s1600\/20200218_154816.jpg\" style=\"clear: right; float: right; margin-bottom: 1em; margin-left: 1em;\"><img decoding=\"async\" border=\"0\" data-original-height=\"739\" data-original-width=\"1600\" height=\"147\" src=\"https:\/\/1.bp.blogspot.com\/-dS4awyPbME0\/Xk7ut4KnV8I\/AAAAAAAAN7g\/973OgrxrikUjgwDucbQ5oQfUIVzuRa6igCEwYBhgL\/s320\/20200218_154816.jpg\" width=\"320\" \/><\/a><\/div>\n<p><a href=\"https:\/\/1.bp.blogspot.com\/-n1jMoUVzIP0\/Xk7ut4v_KkI\/AAAAAAAAN7c\/tOim4usffXMlOPE6qu_nFcXSY1xF-trmwCEwYBhgL\/s1600\/20200218_154547.jpg\" style=\"clear: left; float: left; margin-bottom: 1em; margin-right: 1em; text-align: center;\"><img loading=\"lazy\" decoding=\"async\" border=\"0\" data-original-height=\"1600\" data-original-width=\"739\" height=\"320\" src=\"https:\/\/1.bp.blogspot.com\/-n1jMoUVzIP0\/Xk7ut4v_KkI\/AAAAAAAAN7c\/tOim4usffXMlOPE6qu_nFcXSY1xF-trmwCEwYBhgL\/s320\/20200218_154547.jpg\" width=\"147\" \/><\/a>&nbsp;\ud83d\udc71Kutt oli \u00fcli\u00f5nnelik. J\u00e4rts varustuse laenutamiseks oli korralik &#8211; oma 40 minutit seisime. Esialgu oli Kutt veendunud, et tema \u00fcldse m\u00e4esuuska ei proovi, sest aega nii v\u00e4he ja keskendub tuubitamisele, aga suutsin ta ikka \u00e4ra r\u00e4\u00e4kida. P\u00e4rast selgus, et tuubirada on \u00fcldse ainult kuni 8-aastastele.<br \/>Oeh, pikemalt kirjeldamata, aga saime m\u00f5lemad \u00f5ppetunni, kuidas m\u00f5tteviis on see 95%, millest s\u00f5ltub, kas tegevusel on tulemus v\u00f5i tagaj\u00e4rg. L\u00f5pp hea &#8211; k\u00f5ik hea, see t\u00e4hendab, et p\u00e4rast kolmandat laskumist oli tal enesekindlust juba m\u00e4\u00e4ral, et tahtis v\u00f5idu teha ja v\u00e4he j\u00e4rsema n\u00f5lva v\u00f5tta. Kokku k\u00e4is ta k\u00e4na kolm korda, aga kuna sai ka 3 v\u00f5itu, siis oli \u00fclirahul. Ma panin ka korraks kannid maha, aga alles siis, kui oli aeg suusad alt \u00e4ra v\u00f5tta.<br \/>Minu jaoks t\u00e4hendas see m\u00e4esuusatamine muu hulgas ka j\u00e4rjekordset t\u00e4idetud eesm\u00e4rki aastal 2020.<\/p>\n<div style=\"clear: both; text-align: center;\"><a href=\"https:\/\/1.bp.blogspot.com\/-PkX26gKekbQ\/Xk7uvdfoaVI\/AAAAAAAAN7k\/rXs6Qq7Of6ApCw11OVcJOgO6wG0ib2qaACEwYBhgL\/s1600\/20200218_154829.jpg\" style=\"clear: right; float: right; margin-bottom: 1em; margin-left: 1em;\"><img loading=\"lazy\" decoding=\"async\" border=\"0\" data-original-height=\"1600\" data-original-width=\"1200\" height=\"320\" src=\"https:\/\/1.bp.blogspot.com\/-PkX26gKekbQ\/Xk7uvdfoaVI\/AAAAAAAAN7k\/rXs6Qq7Of6ApCw11OVcJOgO6wG0ib2qaACEwYBhgL\/s320\/20200218_154829.jpg\" width=\"240\" \/><\/a><\/div>\n<p><a href=\"https:\/\/1.bp.blogspot.com\/-cZHGpCXMb5U\/Xk7uwiqNxbI\/AAAAAAAAN7g\/p1FNnYM9fSA_vwhAWb8cjVZeHT5MbxPGQCEwYBhgL\/s1600\/20200218_164357.jpg\" style=\"clear: left; float: left; margin-bottom: 1em; margin-right: 1em;\"><img loading=\"lazy\" decoding=\"async\" border=\"0\" data-original-height=\"739\" data-original-width=\"1600\" height=\"147\" src=\"https:\/\/1.bp.blogspot.com\/-cZHGpCXMb5U\/Xk7uwiqNxbI\/AAAAAAAAN7g\/p1FNnYM9fSA_vwhAWb8cjVZeHT5MbxPGQCEwYBhgL\/s320\/20200218_164357.jpg\" width=\"320\" \/><\/a>\ud83d\udc4d\ud83d\udcaa Kuti arvates v\u00f5iks sinna veel minna, talle hakkas ka see suuskadega m\u00e4est alla s\u00f5itmine ja liftiga \u00fcles minemine meeldima. Sai nipi k\u00e4tte. Samas &#8211; poolteist tundi esimeseks korraks oli t\u00e4itsa paras. \u00c4ge oli veel see, et just siis, kui lift suleti, hakkas t\u00e4iega tihedat lund sadama ning 10 minutit hiljem oli auto ca 2 cm paksuse lumega kaetud. S\u00f5it tagasi oli ka imeline. Valguse m\u00e4ng oli lihtsalt v\u00f5rratu ning ikka mitmel korral peatusime pildi tegemiseks. Auto GPS juhatas meid ka kiirteid v\u00e4ltides, aga ses m\u00f5ttes oligi k\u00f5ik h\u00e4sti, et sain samal ajal Kai vebinari kuulata ja isegi kaasa m\u00f5elda. \u2746<\/p>\n<div style=\"clear: both; text-align: center;\"><a href=\"https:\/\/1.bp.blogspot.com\/-Rr2ZbFWR5kI\/Xk7ux5ACIzI\/AAAAAAAAN7k\/yA5nc5RFX7oaGIhTkyA3E2EqTciSm5A0ACEwYBhgL\/s1600\/20200218_170816.jpg\" style=\"margin-left: 1em; margin-right: 1em;\"><img loading=\"lazy\" decoding=\"async\" border=\"0\" data-original-height=\"739\" data-original-width=\"1600\" height=\"294\" src=\"https:\/\/1.bp.blogspot.com\/-Rr2ZbFWR5kI\/Xk7ux5ACIzI\/AAAAAAAAN7k\/yA5nc5RFX7oaGIhTkyA3E2EqTciSm5A0ACEwYBhgL\/s640\/20200218_170816.jpg\" width=\"640\" \/><\/a><\/div>\n<p>\ud83d\udc71\ud83d\udc66Eile oli Kutil S\u00f5ber k\u00fclas. K\u00e4isid koos kinos, p\u00e4rast k\u00e4isime s\u00f6\u00f6mas, siis oli aeg juba trenni minna ja \u00f5htul merekadettidesse. Kuskil selle vahepeal k\u00e4isid naabrid ukse taga ning t\u00f5id ka v\u00e4ikse \u00fcmbriku&nbsp; ning maiustusi. \ud83d\udc9b<br \/>Millalgi trenni ja merekadettide vahel tuli meelde, et Kutil on prantsuse keele kodut\u00f6\u00f6 tegemata. See, et minu prantsuse keelest pole enam suurt midagi alles, selgus juba kuu aega tagasi. Seega, mina oskan teda aidata ainult Google translate&#8217;i abiga, aga see ei ole vist k\u00f5ige parem. S\u00f5ber oli aga valmis aitama ning nii sai veel p\u00e4rast merekadette ka veel meil oldud. Me S\u00f5bra Emaga j\u00f5ime teed ja avastasime, et meil on ikka suht palju sarnast elus, isegi s\u00fcnnip\u00e4evadel on vaid n\u00e4dal vahet. \ud83d\udc9a\ud83d\udc9b Eile sai Kutt merekadettides oma vormiriietuse ka k\u00e4tte. Selle nn tavavormi, mitte paraadvormi. T\u00e4na pesin \u00e4ra, aga alles hiljem selgus, et seda baretti ei oleks tohtinud vette pannagi, ainult keemilisse. \ud83d\ude1f T\u00f5mbas veits kokku. Eks n\u00e4is, mida imet 2 pooleliitrist veepudelit ja vitamiinitopsikud teha suudavad. Ehk ikka saab \u00f5igesse peam\u00f5\u00f5tu ja kuju tagasi. Igal juhul on ta seal huviringis ka silma j\u00e4\u00e4nud kui tohutu huvilisena mootorite ja tehnika valdkonnas. Inseneeria. Ilmselgelt on tal mehelikke eeskujusid. \ud83d\ude00 \ud83d\udc4d<\/p>\n<p>Kui ma eelmises postituses kirjutasin tormidest, siis see Dennis oli t\u00f5esti paras nuhtlus. Eriti Inglismaa ja Walesi jaoks. Laup\u00e4eval said paljud piirkonnad, sh \u0160otimaa korraliku vihma, aga p\u00fchap\u00e4eva hommikuks oli \u0160otimaa jaoks suurem sajuala m\u00f6\u00f6dumas, saareriigi l\u00f5unaosa ootas aga halvim ees. Selline \ud83d\udc47oli vaatepilt teisip\u00e4eva hommikuks Inglismaal ja Walesis. Ega ma p\u00e4ris t\u00e4pselt ei teagi, mitu inimest selle tormi t\u00f5ttu hukkus, viimane number, mis ma n\u00e4gin, oli kolm. Neist \u00fche viis tuul naftaplatvormilt minema, \u00fcks kukkus sillalt j\u00f5kke, kolmanda puhul ei m\u00e4leta asjaolusid.<\/p>\n<div style=\"clear: both; text-align: center;\"><iframe allowfullscreen=\"\" data-thumbnail-src=\"https:\/\/i.ytimg.com\/vi\/qzkYGKZC4w0\/0.jpg\" frameborder=\"0\" height=\"266\" src=\"https:\/\/www.youtube.com\/embed\/qzkYGKZC4w0?feature=player_embedded\" width=\"320\"><\/iframe><\/div>\n<p>Praeguseks on osa madalamaid piirkondi j\u00e4tkuvalt vee all ning ega seal Inglismaa poolel asi paremaks ei l\u00e4he ka, sest kuigi torm, mida Elleniks peeti, on \u0160otimaa m\u00f5istes lihtsalt talvega kaasnev sadu ja veidi tuulisem ilm, siis piirkondadele, mis on veel vee all, ei meeldi see &#8220;lihtsalt sadu&#8221; ilmselgelt mitte.<br \/>Ma v\u00e4ga loodan, et saame laup\u00e4eval siiski pandad \ud83d\udc3c ja pingviinid \ud83d\udc27paraadil \u00e4ra vaadata ning loomaaeda ei panda kinni. T\u00e4na tuligi kiri, et &#8220;avame hiljem, hoiame teid kursis&#8221;. Tormi m\u00f5\u00f5tmed pidi ilm taas esmasp\u00e4eval v\u00f5tma. \ud83d\ude14 See juhtub kindlasti p\u00e4rast seda, kui Hr Kahemilline on \u00e4ra lennanud, eks? Mitte, et mul midagi selle vastu oleks, et ta kauemaks siia j\u00e4\u00e4b, aga parem oleks, kui ta oleks siin vabatahtlikult, mitte seep\u00e4rast, et ilm ei lase \u00e4ra.<\/p>\n<table align=\"center\" cellpadding=\"0\" cellspacing=\"0\" style=\"margin-left: auto; margin-right: auto; text-align: center;\">\n<tbody>\n<tr>\n<td style=\"text-align: center;\"><a href=\"https:\/\/1.bp.blogspot.com\/-qAPd83x3bhI\/Xk7pIF8gBVI\/AAAAAAAAN6Q\/yCOSsTZpHCgW_jdaTKsfBJgPBcs7vhx2QCLcBGAsYHQ\/s1600\/20200215_115157.jpg\" style=\"margin-left: auto; margin-right: auto;\"><img loading=\"lazy\" decoding=\"async\" border=\"0\" data-original-height=\"739\" data-original-width=\"1600\" height=\"294\" src=\"https:\/\/1.bp.blogspot.com\/-qAPd83x3bhI\/Xk7pIF8gBVI\/AAAAAAAAN6Q\/yCOSsTZpHCgW_jdaTKsfBJgPBcs7vhx2QCLcBGAsYHQ\/s640\/20200215_115157.jpg\" width=\"640\" \/><\/a><\/td>\n<\/tr>\n<tr>\n<td style=\"text-align: center;\">Dundee kesklinn, kunstigalerii ja muuseum.&nbsp;<\/td>\n<\/tr>\n<\/tbody>\n<\/table>\n<table align=\"center\" cellpadding=\"0\" cellspacing=\"0\" style=\"margin-left: auto; margin-right: auto; text-align: center;\">\n<tbody>\n<tr><\/tr>\n<\/tbody>\n<\/table>\n<p>Laup\u00e4eval selle suure sajuga k\u00e4isime Dundees, sest mul oli \u00fcks t\u00f6\u00f6vestlus kokku lepitud. Kuidas kaks linna ikka nii erinevad on! Mis mulle kohe silma j\u00e4i, oli \u00fchesuunaliste t\u00e4navate rohkus ja h\u00e4sti palju jalak\u00e4ijate alasid kesklinnas. Kui keegi v\u00f5rdles \u00fckskord Aberdeeni Tartuga, siis ma pigem \u00fctleks, et Dundee on nagu Tartu. Oma loogikalt.<br \/><a href=\"https:\/\/1.bp.blogspot.com\/-JLel1lZdSuQ\/Xk7pIdqlIeI\/AAAAAAAAN6U\/c37V3vTj9iAw6e8EQ7HFBqgHnocnOXkJwCLcBGAsYHQ\/s1600\/20200215_115220.jpg\" style=\"clear: left; display: inline !important; float: left; margin-bottom: 1em; margin-right: 1em; text-align: center;\"><img loading=\"lazy\" decoding=\"async\" border=\"0\" data-original-height=\"1600\" data-original-width=\"739\" height=\"200\" src=\"https:\/\/1.bp.blogspot.com\/-JLel1lZdSuQ\/Xk7pIdqlIeI\/AAAAAAAAN6U\/c37V3vTj9iAw6e8EQ7HFBqgHnocnOXkJwCLcBGAsYHQ\/s200\/20200215_115220.jpg\" width=\"91\" \/><\/a>Aberdeen&#8230;..ma ei oskagi \u00f6elda. See \u00fcli\u00f5pilaslinnak &#8211; see ongi nagu eraldi linnaosa. Rannapromenaad, mis on kilomeetreid pikk. Bridge of Doni linnaosa meenutab pigem Lagedit vms Tallinna l\u00e4hedal asuvat ajaloolist asumit, seevastu Dee j\u00f5e \u00e4\u00e4rne on rohkem \u00e4ra planeeritud: k\u00f5rged kortermajad otse j\u00f5e kaldal, neljarealise tee \u00e4\u00e4res. Kuidagi oli nii, et sattusime laup\u00e4eval Dundeest tagasi tulles Aberdeenis Dee j\u00f5e \u00e4\u00e4rt pidi kodu poole s\u00f5itma ja taaskord veendusime, kui hea valiku olime teinud, et just selles piirkonnas maja valisime. \ud83d\udc96<br \/>Dundee t\u00f6\u00f6vestlus oli edukas- avaldasin muljet. \ud83d\ude0e N\u00fc\u00fcd on mul igap\u00e4evaselt 2-3 tundi vabatahtlikku t\u00f6\u00f6d, aga kuna vabatahtlik t\u00f6\u00f6kogemus on siin v\u00f5rdsustatud palgalise t\u00f6\u00f6kogemusega, siis see on v\u00e4\u00e4rtus. Lisaks on Dundee projektil k\u00f5vasti potentsiaali kasvada millekski, kus ka reaalselt raha tuleb &#8211; saan jagada oma teadmisi-kogemusi ajakirjanikuna. \ud83d\udc4d<\/p>\n<table cellpadding=\"0\" cellspacing=\"0\" style=\"float: right; text-align: right;\">\n<tbody>\n<tr>\n<td style=\"text-align: center;\"><a href=\"https:\/\/1.bp.blogspot.com\/-DsI5mzx4rlo\/Xk7pwAdUmzI\/AAAAAAAAN6k\/3XMqPgU0zXkEVpRgzZWbU_JFSHU1gHnXwCLcBGAsYHQ\/s1600\/20200215_142746.jpg\" style=\"clear: right; margin-bottom: 1em; margin-left: auto; margin-right: auto;\"><img loading=\"lazy\" decoding=\"async\" border=\"0\" data-original-height=\"739\" data-original-width=\"1600\" height=\"147\" src=\"https:\/\/1.bp.blogspot.com\/-DsI5mzx4rlo\/Xk7pwAdUmzI\/AAAAAAAAN6k\/3XMqPgU0zXkEVpRgzZWbU_JFSHU1gHnXwCLcBGAsYHQ\/s320\/20200215_142746.jpg\" width=\"320\" \/><\/a><\/td>\n<\/tr>\n<tr>\n<td style=\"text-align: center;\">Glamis loss<\/td>\n<\/tr>\n<\/tbody>\n<\/table>\n<p>Tagasiteel p\u00f5ikasime l\u00e4bi ka Glamis lossi juurest. Seal elas lapsep\u00f5lves praeguse kuninganna Elizabeth II ema. V\u00e4lja ei l\u00e4inud, sest \u00e4mbriga loobiti auto pihta igast k\u00fcljest vett. \ud83d\udca6\ud83d\ude02 Aga faasanid jalutasid nii seal lossiaias vabalt ringi. Lambakari oli siiski aias. Veised ka. M\u00e4gedes tuiab neid faasaneid ka &#8211; p\u00e4\u00e4stsin teisip\u00e4eval \u00fche lollaka elu sellega, et pidurdasin ja lasin tal kolme kiire h\u00fcppega kuluheina kaduda. Laup\u00e4eva \u00f5htuks hakkas kiirteedel ka vaikselt Dennise p\u00f5hjustatud sadu tagaj\u00e4rgi n\u00e4itama &#8211; vesi ei voolanud madalamatelt kohtadelt \u00e4ra ning p\u00fchap\u00e4eval kuulsime, kuidas osa kiirteid oli \u00fcldse kinni pandud. Dundees korraks n\u00e4gime p\u00e4ikest, aga \u00fcldiselt oli selline m\u00f5nus hallus. Ma tean, et teile k\u00f5lab see seal veidralt, aga kui ikka p\u00e4ikeselised ilmad on \u00fclekaalus, siis on aeg-ajalt hea silmi puhata. \ud83d\ude0e<\/p>\n<div style=\"clear: both; text-align: center;\"><a href=\"https:\/\/1.bp.blogspot.com\/-YxKhwKW0lGE\/Xk7sxJvPFWI\/AAAAAAAAN6w\/PY8HCCrzLTk4SI4qD3uOrCO7HiYRuVKKQCLcBGAsYHQ\/s1600\/20200217_145141.jpg\" style=\"clear: right; float: right; margin-bottom: 1em; margin-left: 1em;\"><img loading=\"lazy\" decoding=\"async\" border=\"0\" data-original-height=\"1600\" data-original-width=\"739\" height=\"200\" src=\"https:\/\/1.bp.blogspot.com\/-YxKhwKW0lGE\/Xk7sxJvPFWI\/AAAAAAAAN6w\/PY8HCCrzLTk4SI4qD3uOrCO7HiYRuVKKQCLcBGAsYHQ\/s200\/20200217_145141.jpg\" width=\"91\" \/><\/a><\/div>\n<p>P\u00fchap\u00e4eval oli plaanis \u00f5ue minna, aga nautisime hoopis majaomanikuga m\u00f5nusat vestlust. Ta n\u00e4itas mulle veel \u00fcht-teist maja juures, kus miskit on. Seega l\u00fckkuski h\u00fcljeste vaatlus edasi, aga kuna tuul oli t\u00f5esti v\u00e4ga tugev, siis ei olnud ka v\u00e4ga kahju sellest. Pesu kuivas ka n\u00f6\u00f6ridel kiiresti \u00e4ra. \ud83d\ude06<\/p>\n<p>Esmasp\u00e4eval t\u00e4histasime alanud koolivaheaega h\u00fcljeste vaatamisega Newburghi rannas, saime kokku \u00fche \u0160otimaal 14 aastat elanud eestlasega ning nautisime p\u00e4ikeselist ilma (ei midagi uut, ainult p\u00e4ike \ud83d\ude02).&nbsp; P\u00e4rast k\u00e4isime veel Ellonis, vaatasime sealse lossi \u00fcle ja saime teada, et nartsissid on siin v\u00f5ilille staatuses. V\u00e4ga \u00e4ge p\u00e4rastl\u00f5una oli &#8211; ait\u00e4h!<br \/>H\u00fclged olid muidugi omaette elamus. Pole neid kunagi nii l\u00e4hedalt n\u00e4inud, veel v\u00e4hem sellises koguses. Kutt viskas vahepeal lutsu ja siis osa h\u00fclgeid ujus p\u00e4ris l\u00e4hedale ka &#8211; ca 10 meetri kaugusele. See heli, mida nad seal karjakesi kuuldavale toovad on segu ulgumisest, krudinast ning kurguh\u00e4\u00e4lsest kurisemisest. Natuke meenutab vaalade h\u00e4\u00e4li, aga mitte p\u00e4ris. Selliseid kolooniaid nagu pildil, \ud83d\udc47oli seal mitu. Ja see on meie kodust vaid ca 20 minuti kaugusel. \ud83d\udc4d<br \/>Lumikellukesed aga \u00f5itsevad metsa all sellise vaibana nagu Eestis sinililled. Vat sinililledega on k\u00fcll nii, et mul pole \u00f5rna aimu ka, kas neid siin kasvab, aga v\u00f5ite absoluutselt kindlad olla, et uurin v\u00e4lja. Lemmikud ikkagi. \ud83d\udc99\ud83d\udc99<\/p>\n<table align=\"center\" cellpadding=\"0\" cellspacing=\"0\" style=\"margin-left: auto; margin-right: auto; text-align: center;\">\n<tbody>\n<tr>\n<td style=\"text-align: center;\"><a href=\"https:\/\/1.bp.blogspot.com\/-NtOkyoBTfj0\/Xk7cYqZ8F4I\/AAAAAAAAN6A\/QlmudkFA8EgKnznyEi4zNxuLa9iAT-cqQCLcBGAsYHQ\/s1600\/20200217_123316.jpg\" style=\"margin-left: auto; margin-right: auto;\"><img loading=\"lazy\" decoding=\"async\" border=\"0\" data-original-height=\"739\" data-original-width=\"1600\" height=\"295\" src=\"https:\/\/1.bp.blogspot.com\/-NtOkyoBTfj0\/Xk7cYqZ8F4I\/AAAAAAAAN6A\/QlmudkFA8EgKnznyEi4zNxuLa9iAT-cqQCLcBGAsYHQ\/s640\/20200217_123316.jpg\" width=\"640\" \/><\/a><\/td>\n<\/tr>\n<tr>\n<td style=\"text-align: center;\">H\u00fclged Newburghi rannas<\/td>\n<\/tr>\n<\/tbody>\n<\/table>\n<p>Veebruari keskpaik on \u00fcldse minu tutvusringkonnas h\u00e4sti s\u00fcnnip\u00e4evalaste rohke. Tundub, et maikuu soojad \u00f5htud on paljudele inspireerivalt m\u00f5junud. \ud83d\ude07 Hea meel on, et k\u00f5ik 10 p\u00e4eva tagasi posti pandud \u00f5nnitluskaardid j\u00f5udsid kohale. Mida ma teada sain, oli see, et inimesed k\u00fcll vaatavad oma e-postkasti &#8211; m\u00f5ni ilmselt mitu korda p\u00e4evas, aga tavalisse postkasti \u00fcldjuhul ei vaadata. Ja siis imestame, et tigupost on kadumas&#8230;. Muidugi on, kui keegi isegi ei oota enam kirja&#8230;. Palju \u00f5nne k\u00f5igile s\u00fcnnip\u00e4evalastele siitkaudu ka veel. \ud83c\udf87 Empsi saadetud pakk j\u00f5udiski t\u00e4pselt Kuti s\u00fcnnal kohale, aga kuna me sel p\u00e4eval j\u00f5udsime enne kullerit kodust \u00e4ra minna, siis k\u00e4is Kutt (jah \u00fcksi) jaotuskeskuses j\u00e4rel. See on meil kodust v\u00e4hem kui 5 minuti kaugusel ja kui talle kaardil n\u00e4itasin, siis ta k\u00fcsis kohe, et &#8220;Kas seal, kus Royal Maili autod maja ees on.&#8221; Uskumatu ikka, kui palju ta m\u00e4rkab mingeid detaile.<\/p>\n<p>Kusjuures eile \u00f5htul oli esimene kord, kus Kutt v\u00e4ljendas mingilgi kujul igatsust tegevuste j\u00e4rgi, mida Eestis tegi. Ta tahaks traktorit remontida ja Hr Kahemillisega s\u00f5\u00f5rikuid teha koos tema Audiga. \ud83d\ude02\ud83d\ude02\ud83d\ude02 Seni on ikka \u00f6elnud, et tahaks et talle ka keegi helistaks, et tavaliselt helistab tema inimestele Eestisse. \ud83d\udcf2 No n\u00fc\u00fcd paar p\u00e4eva oodake, sest praegune nutikas otsustas lendamise kasuks, aga unustas \u00e4ra, et tal pole turvapatju. Seega j\u00f5uab Hr Kahemillisega uus telefon (ei, ei oleks olnud odavam siit osta) ja seadistamisega l\u00e4heb ka aega, aga noh, 24ndal Eesti aja j\u00e4rgi p\u00e4rast 18 (siis on tal kool l\u00e4bi) v\u00f5ite juba helistada talle ka j\u00e4lle. \ud83d\ude07 Aga kui k\u00fcsin, kas ta tagasi ei igatse, siis saan kindla EI. Ta pigem ikka r\u00e4\u00e4gib sellest, mida siin \u00f5ppida tahab ning et hiljemalt 16. eluaastaks hakkab golfi m\u00e4ngima. Ta usub, et k\u00e4ib Eestis k\u00fclas, kuid elukohana n\u00e4eb siiski \u0160otimaad. Samas loeb ta mulle s\u00f5nu peale, et ma temaga suheldes ikka eesti keelt kasutaks &#8211; muidu ununevad eestikeelsed s\u00f5nad \u00e4ra ja seda ei tohi.<\/p>\n<p>Ilusat saabuvat Eesti s\u00fcnnip\u00e4eva k\u00f5igile ja s\u00f6\u00f6ge siis meie eest ka vastlakukleid, sest meie laseme teie eest liugu. \ud83d\ude06 V\u00f5imalik, et katsetan ise ka siin midagi teha, sest vahukoor on t\u00e4itsa olemas ning nagu esimeselt pildilt n\u00e4ha, siis isegi kohupiima-k\u00fcpsisetorti saab teha &#8211; tooraine poes saada. Kutt arvas, et seda torti v\u00f5iks veel teha, aga seda Marks and Spencerist ostetud vikerkaaretorti rohkem ei osta. Liiiiiiiga magus. Isegi tema jaoks. \ud83d\ude2c Ma katsetasin seda suhkruta kohvi k\u00f5rvale. Ikka oli liiga magus. Just see pealmine kreemi osa. V\u00e4rvilised sisemised kihid olid t\u00e4itsa OK.<br \/>Ahjaa, ma saan Eesti s\u00fcnnip\u00e4eval s\u00fc\u00fca Eesti kodus k\u00fcpsenud musta koduleiba suitsuvorstiga. \ud83d\ude0b \u00dcht-teist tuleb veel, aga sellest juba uuel n\u00e4dalal.<\/p>","protected":false},"excerpt":{"rendered":"<p>See, et blogis on vaikus olnud, ei t\u00e4henda, et meil midagi ei toimu. Pigem vastupidi &#8211;&nbsp; n\u00e4dal on kulgenud praegu ja kulgeb edaspidi ka t\u00e4histades. Oleme h\u00e4sti palju olnud koos ja teinud koos. Olen j\u00f5udnud \u00f5ppida, kirjutada, CVd uuendada jpm.\u00c4rge isegi mitte lootke sel n\u00e4dalal veel \u00fcht postitust, \ud83d\ude07sest homme l\u00e4heme Hr Kahemillisele lennujaama vastu [&hellip;]<\/p>\n","protected":false},"author":2,"featured_media":0,"comment_status":"open","ping_status":"open","sticky":false,"template":"","format":"standard","meta":{"footnotes":""},"categories":[45,136,173,21,141,174,76,168,170,172,159,142,175],"tags":[],"class_list":["post-994","post","type-post","status-publish","format-standard","hentry","category-aberdeen","category-bridge-of-don","category-dundee","category-eestlane-sotimaal","category-hulgevaatlus","category-kohupiim-uks","category-lapsega-sotimaal","category-lecht2090","category-lumised-maed","category-maesuusatamine","category-merekadetid","category-sotimaa-ilmad","category-torm-dennis","entry","owp-thumbs-layout-horizontal","owp-btn-normal","owp-tabs-layout-horizontal","has-no-thumbnails","has-product-nav"],"yoast_head":"<!-- This site is optimized with the Yoast SEO plugin v27.4 - https:\/\/yoast.com\/product\/yoast-seo-wordpress\/ -->\n<title>Lume(piltide) uputus: \u2746\u2746\u2746Kaks p\u00e4eva pidu ja n\u00e4dalavahetus levist v\u00e4ljas \u2746\u2746\u2746 - Birgit Itse - Be Inspired<\/title>\n<meta name=\"robots\" content=\"index, follow, max-snippet:-1, max-image-preview:large, max-video-preview:-1\" \/>\n<link rel=\"canonical\" href=\"http:\/\/www.birgit-itse.com\/et\/lumepiltide-uputus-\u2746\u2746\u2746kaks-paeva-pidu-ja-nadalavahetus-levist-valjas-\u2746\u2746\u2746\/\" \/>\n<meta property=\"og:locale\" content=\"et_EE\" \/>\n<meta property=\"og:type\" content=\"article\" \/>\n<meta property=\"og:title\" content=\"Lume(piltide) uputus: \u2746\u2746\u2746Kaks p\u00e4eva pidu ja n\u00e4dalavahetus levist v\u00e4ljas \u2746\u2746\u2746 - Birgit Itse - Be Inspired\" \/>\n<meta property=\"og:description\" content=\"See, et blogis on vaikus olnud, ei t\u00e4henda, et meil midagi ei toimu. Pigem vastupidi &#8211;&nbsp; n\u00e4dal on kulgenud praegu ja kulgeb edaspidi ka t\u00e4histades. Oleme h\u00e4sti palju olnud koos ja teinud koos. Olen j\u00f5udnud \u00f5ppida, kirjutada, CVd uuendada jpm.\u00c4rge isegi mitte lootke sel n\u00e4dalal veel \u00fcht postitust, \ud83d\ude07sest homme l\u00e4heme Hr Kahemillisele lennujaama vastu [&hellip;]\" \/>\n<meta property=\"og:url\" content=\"http:\/\/www.birgit-itse.com\/et\/lumepiltide-uputus-\u2746\u2746\u2746kaks-paeva-pidu-ja-nadalavahetus-levist-valjas-\u2746\u2746\u2746\/\" \/>\n<meta property=\"og:site_name\" content=\"Birgit Itse - Be Inspired\" \/>\n<meta property=\"article:published_time\" content=\"2020-02-20T20:58:00+00:00\" \/>\n<meta property=\"og:image\" content=\"https:\/\/1.bp.blogspot.com\/-M449IJhC0-c\/Xk7Zy_4gJ-I\/AAAAAAAAN50\/6OVzEy_pXzcc5z22F9QfjfETgoUV7G9vACLcBGAsYHQ\/s400\/20200218_074855.jpg\" \/>\n<meta name=\"author\" content=\"Birgit\" \/>\n<meta name=\"twitter:card\" content=\"summary_large_image\" \/>\n<meta name=\"twitter:label1\" content=\"Written by\" \/>\n\t<meta name=\"twitter:data1\" content=\"Birgit\" \/>\n\t<meta name=\"twitter:label2\" content=\"Est. reading time\" \/>\n\t<meta name=\"twitter:data2\" content=\"11 minutit\" \/>\n<script type=\"application\/ld+json\" class=\"yoast-schema-graph\">{\"@context\":\"https:\\\/\\\/schema.org\",\"@graph\":[{\"@type\":\"Article\",\"@id\":\"http:\\\/\\\/www.birgit-itse.com\\\/et\\\/lumepiltide-uputus-%e2%9d%86%e2%9d%86%e2%9d%86kaks-paeva-pidu-ja-nadalavahetus-levist-valjas-%e2%9d%86%e2%9d%86%e2%9d%86\\\/#article\",\"isPartOf\":{\"@id\":\"http:\\\/\\\/www.birgit-itse.com\\\/et\\\/lumepiltide-uputus-%e2%9d%86%e2%9d%86%e2%9d%86kaks-paeva-pidu-ja-nadalavahetus-levist-valjas-%e2%9d%86%e2%9d%86%e2%9d%86\\\/\"},\"author\":{\"name\":\"Birgit\",\"@id\":\"https:\\\/\\\/birgit-itse.com\\\/#\\\/schema\\\/person\\\/3f7c1c34cf70c1ed6f580544f8ae6b7b\"},\"headline\":\"Lume(piltide) uputus: \u2746\u2746\u2746Kaks p\u00e4eva pidu ja n\u00e4dalavahetus levist v\u00e4ljas \u2746\u2746\u2746\",\"datePublished\":\"2020-02-20T20:58:00+00:00\",\"mainEntityOfPage\":{\"@id\":\"http:\\\/\\\/www.birgit-itse.com\\\/et\\\/lumepiltide-uputus-%e2%9d%86%e2%9d%86%e2%9d%86kaks-paeva-pidu-ja-nadalavahetus-levist-valjas-%e2%9d%86%e2%9d%86%e2%9d%86\\\/\"},\"wordCount\":2179,\"commentCount\":0,\"publisher\":{\"@id\":\"https:\\\/\\\/birgit-itse.com\\\/#organization\"},\"image\":{\"@id\":\"http:\\\/\\\/www.birgit-itse.com\\\/et\\\/lumepiltide-uputus-%e2%9d%86%e2%9d%86%e2%9d%86kaks-paeva-pidu-ja-nadalavahetus-levist-valjas-%e2%9d%86%e2%9d%86%e2%9d%86\\\/#primaryimage\"},\"thumbnailUrl\":\"https:\\\/\\\/1.bp.blogspot.com\\\/-M449IJhC0-c\\\/Xk7Zy_4gJ-I\\\/AAAAAAAAN50\\\/6OVzEy_pXzcc5z22F9QfjfETgoUV7G9vACLcBGAsYHQ\\\/s400\\\/20200218_074855.jpg\",\"articleSection\":[\"aberdeen\",\"bridge of don\",\"Dundee\",\"eestlane \u0161otimaal\",\"h\u00fclgevaatlus\",\"kohupiim UKs\",\"lapsega \u0161otimaal\",\"lecht2090\",\"lumised m\u00e4ed\",\"m\u00e4esuusatamine\",\"merekadetid\",\"\u0161otimaa ilmad\",\"torm Dennis\"],\"inLanguage\":\"et\"},{\"@type\":\"WebPage\",\"@id\":\"http:\\\/\\\/www.birgit-itse.com\\\/et\\\/lumepiltide-uputus-%e2%9d%86%e2%9d%86%e2%9d%86kaks-paeva-pidu-ja-nadalavahetus-levist-valjas-%e2%9d%86%e2%9d%86%e2%9d%86\\\/\",\"url\":\"http:\\\/\\\/www.birgit-itse.com\\\/et\\\/lumepiltide-uputus-%e2%9d%86%e2%9d%86%e2%9d%86kaks-paeva-pidu-ja-nadalavahetus-levist-valjas-%e2%9d%86%e2%9d%86%e2%9d%86\\\/\",\"name\":\"Lume(piltide) uputus: \u2746\u2746\u2746Kaks p\u00e4eva pidu ja n\u00e4dalavahetus levist v\u00e4ljas \u2746\u2746\u2746 - Birgit Itse - Be Inspired\",\"isPartOf\":{\"@id\":\"https:\\\/\\\/birgit-itse.com\\\/#website\"},\"primaryImageOfPage\":{\"@id\":\"http:\\\/\\\/www.birgit-itse.com\\\/et\\\/lumepiltide-uputus-%e2%9d%86%e2%9d%86%e2%9d%86kaks-paeva-pidu-ja-nadalavahetus-levist-valjas-%e2%9d%86%e2%9d%86%e2%9d%86\\\/#primaryimage\"},\"image\":{\"@id\":\"http:\\\/\\\/www.birgit-itse.com\\\/et\\\/lumepiltide-uputus-%e2%9d%86%e2%9d%86%e2%9d%86kaks-paeva-pidu-ja-nadalavahetus-levist-valjas-%e2%9d%86%e2%9d%86%e2%9d%86\\\/#primaryimage\"},\"thumbnailUrl\":\"https:\\\/\\\/1.bp.blogspot.com\\\/-M449IJhC0-c\\\/Xk7Zy_4gJ-I\\\/AAAAAAAAN50\\\/6OVzEy_pXzcc5z22F9QfjfETgoUV7G9vACLcBGAsYHQ\\\/s400\\\/20200218_074855.jpg\",\"datePublished\":\"2020-02-20T20:58:00+00:00\",\"breadcrumb\":{\"@id\":\"http:\\\/\\\/www.birgit-itse.com\\\/et\\\/lumepiltide-uputus-%e2%9d%86%e2%9d%86%e2%9d%86kaks-paeva-pidu-ja-nadalavahetus-levist-valjas-%e2%9d%86%e2%9d%86%e2%9d%86\\\/#breadcrumb\"},\"inLanguage\":\"et\",\"potentialAction\":[{\"@type\":\"ReadAction\",\"target\":[\"http:\\\/\\\/www.birgit-itse.com\\\/et\\\/lumepiltide-uputus-%e2%9d%86%e2%9d%86%e2%9d%86kaks-paeva-pidu-ja-nadalavahetus-levist-valjas-%e2%9d%86%e2%9d%86%e2%9d%86\\\/\"]}]},{\"@type\":\"ImageObject\",\"inLanguage\":\"et\",\"@id\":\"http:\\\/\\\/www.birgit-itse.com\\\/et\\\/lumepiltide-uputus-%e2%9d%86%e2%9d%86%e2%9d%86kaks-paeva-pidu-ja-nadalavahetus-levist-valjas-%e2%9d%86%e2%9d%86%e2%9d%86\\\/#primaryimage\",\"url\":\"https:\\\/\\\/1.bp.blogspot.com\\\/-M449IJhC0-c\\\/Xk7Zy_4gJ-I\\\/AAAAAAAAN50\\\/6OVzEy_pXzcc5z22F9QfjfETgoUV7G9vACLcBGAsYHQ\\\/s400\\\/20200218_074855.jpg\",\"contentUrl\":\"https:\\\/\\\/1.bp.blogspot.com\\\/-M449IJhC0-c\\\/Xk7Zy_4gJ-I\\\/AAAAAAAAN50\\\/6OVzEy_pXzcc5z22F9QfjfETgoUV7G9vACLcBGAsYHQ\\\/s400\\\/20200218_074855.jpg\"},{\"@type\":\"BreadcrumbList\",\"@id\":\"http:\\\/\\\/www.birgit-itse.com\\\/et\\\/lumepiltide-uputus-%e2%9d%86%e2%9d%86%e2%9d%86kaks-paeva-pidu-ja-nadalavahetus-levist-valjas-%e2%9d%86%e2%9d%86%e2%9d%86\\\/#breadcrumb\",\"itemListElement\":[{\"@type\":\"ListItem\",\"position\":1,\"name\":\"Home\",\"item\":\"https:\\\/\\\/birgit-itse.com\\\/\"},{\"@type\":\"ListItem\",\"position\":2,\"name\":\"Lume(piltide) uputus: \u2746\u2746\u2746Kaks p\u00e4eva pidu ja n\u00e4dalavahetus levist v\u00e4ljas \u2746\u2746\u2746\"}]},{\"@type\":\"WebSite\",\"@id\":\"https:\\\/\\\/birgit-itse.com\\\/#website\",\"url\":\"https:\\\/\\\/birgit-itse.com\\\/\",\"name\":\"Birgit Itse - Be Inspired\",\"description\":\"Ghostwriter, Author, Keynote Speaker\",\"publisher\":{\"@id\":\"https:\\\/\\\/birgit-itse.com\\\/#organization\"},\"potentialAction\":[{\"@type\":\"SearchAction\",\"target\":{\"@type\":\"EntryPoint\",\"urlTemplate\":\"https:\\\/\\\/birgit-itse.com\\\/?s={search_term_string}\"},\"query-input\":{\"@type\":\"PropertyValueSpecification\",\"valueRequired\":true,\"valueName\":\"search_term_string\"}}],\"inLanguage\":\"et\"},{\"@type\":\"Organization\",\"@id\":\"https:\\\/\\\/birgit-itse.com\\\/#organization\",\"name\":\"Birgit Itse - Be Inspired\",\"url\":\"https:\\\/\\\/birgit-itse.com\\\/\",\"logo\":{\"@type\":\"ImageObject\",\"inLanguage\":\"et\",\"@id\":\"https:\\\/\\\/birgit-itse.com\\\/#\\\/schema\\\/logo\\\/image\\\/\",\"url\":\"https:\\\/\\\/www.birgit-itse.com\\\/wp-content\\\/uploads\\\/2020\\\/10\\\/cropped-Birgit-name-logo-orange.png\",\"contentUrl\":\"https:\\\/\\\/www.birgit-itse.com\\\/wp-content\\\/uploads\\\/2020\\\/10\\\/cropped-Birgit-name-logo-orange.png\",\"width\":1326,\"height\":841,\"caption\":\"Birgit Itse - Be Inspired\"},\"image\":{\"@id\":\"https:\\\/\\\/birgit-itse.com\\\/#\\\/schema\\\/logo\\\/image\\\/\"}},{\"@type\":\"Person\",\"@id\":\"https:\\\/\\\/birgit-itse.com\\\/#\\\/schema\\\/person\\\/3f7c1c34cf70c1ed6f580544f8ae6b7b\",\"name\":\"Birgit\",\"image\":{\"@type\":\"ImageObject\",\"inLanguage\":\"et\",\"@id\":\"https:\\\/\\\/secure.gravatar.com\\\/avatar\\\/?s=96&d=mm&r=g\",\"url\":\"https:\\\/\\\/secure.gravatar.com\\\/avatar\\\/?s=96&d=mm&r=g\",\"contentUrl\":\"https:\\\/\\\/secure.gravatar.com\\\/avatar\\\/?s=96&d=mm&r=g\",\"caption\":\"Birgit\"},\"url\":\"https:\\\/\\\/www.birgit-itse.com\\\/et\\\/author\\\/birgit\\\/\"}]}<\/script>\n<!-- \/ Yoast SEO plugin. -->","yoast_head_json":{"title":"Lume(piltide) uputus: \u2746\u2746\u2746Kaks p\u00e4eva pidu ja n\u00e4dalavahetus levist v\u00e4ljas \u2746\u2746\u2746 - Birgit Itse - Be Inspired","robots":{"index":"index","follow":"follow","max-snippet":"max-snippet:-1","max-image-preview":"max-image-preview:large","max-video-preview":"max-video-preview:-1"},"canonical":"http:\/\/www.birgit-itse.com\/et\/lumepiltide-uputus-\u2746\u2746\u2746kaks-paeva-pidu-ja-nadalavahetus-levist-valjas-\u2746\u2746\u2746\/","og_locale":"et_EE","og_type":"article","og_title":"Lume(piltide) uputus: \u2746\u2746\u2746Kaks p\u00e4eva pidu ja n\u00e4dalavahetus levist v\u00e4ljas \u2746\u2746\u2746 - Birgit Itse - Be Inspired","og_description":"See, et blogis on vaikus olnud, ei t\u00e4henda, et meil midagi ei toimu. Pigem vastupidi &#8211;&nbsp; n\u00e4dal on kulgenud praegu ja kulgeb edaspidi ka t\u00e4histades. Oleme h\u00e4sti palju olnud koos ja teinud koos. Olen j\u00f5udnud \u00f5ppida, kirjutada, CVd uuendada jpm.\u00c4rge isegi mitte lootke sel n\u00e4dalal veel \u00fcht postitust, \ud83d\ude07sest homme l\u00e4heme Hr Kahemillisele lennujaama vastu [&hellip;]","og_url":"http:\/\/www.birgit-itse.com\/et\/lumepiltide-uputus-\u2746\u2746\u2746kaks-paeva-pidu-ja-nadalavahetus-levist-valjas-\u2746\u2746\u2746\/","og_site_name":"Birgit Itse - Be Inspired","article_published_time":"2020-02-20T20:58:00+00:00","og_image":[{"url":"https:\/\/1.bp.blogspot.com\/-M449IJhC0-c\/Xk7Zy_4gJ-I\/AAAAAAAAN50\/6OVzEy_pXzcc5z22F9QfjfETgoUV7G9vACLcBGAsYHQ\/s400\/20200218_074855.jpg","type":"","width":"","height":""}],"author":"Birgit","twitter_card":"summary_large_image","twitter_misc":{"Written by":"Birgit","Est. reading time":"11 minutit"},"schema":{"@context":"https:\/\/schema.org","@graph":[{"@type":"Article","@id":"http:\/\/www.birgit-itse.com\/et\/lumepiltide-uputus-%e2%9d%86%e2%9d%86%e2%9d%86kaks-paeva-pidu-ja-nadalavahetus-levist-valjas-%e2%9d%86%e2%9d%86%e2%9d%86\/#article","isPartOf":{"@id":"http:\/\/www.birgit-itse.com\/et\/lumepiltide-uputus-%e2%9d%86%e2%9d%86%e2%9d%86kaks-paeva-pidu-ja-nadalavahetus-levist-valjas-%e2%9d%86%e2%9d%86%e2%9d%86\/"},"author":{"name":"Birgit","@id":"https:\/\/birgit-itse.com\/#\/schema\/person\/3f7c1c34cf70c1ed6f580544f8ae6b7b"},"headline":"Lume(piltide) uputus: \u2746\u2746\u2746Kaks p\u00e4eva pidu ja n\u00e4dalavahetus levist v\u00e4ljas \u2746\u2746\u2746","datePublished":"2020-02-20T20:58:00+00:00","mainEntityOfPage":{"@id":"http:\/\/www.birgit-itse.com\/et\/lumepiltide-uputus-%e2%9d%86%e2%9d%86%e2%9d%86kaks-paeva-pidu-ja-nadalavahetus-levist-valjas-%e2%9d%86%e2%9d%86%e2%9d%86\/"},"wordCount":2179,"commentCount":0,"publisher":{"@id":"https:\/\/birgit-itse.com\/#organization"},"image":{"@id":"http:\/\/www.birgit-itse.com\/et\/lumepiltide-uputus-%e2%9d%86%e2%9d%86%e2%9d%86kaks-paeva-pidu-ja-nadalavahetus-levist-valjas-%e2%9d%86%e2%9d%86%e2%9d%86\/#primaryimage"},"thumbnailUrl":"https:\/\/1.bp.blogspot.com\/-M449IJhC0-c\/Xk7Zy_4gJ-I\/AAAAAAAAN50\/6OVzEy_pXzcc5z22F9QfjfETgoUV7G9vACLcBGAsYHQ\/s400\/20200218_074855.jpg","articleSection":["aberdeen","bridge of don","Dundee","eestlane \u0161otimaal","h\u00fclgevaatlus","kohupiim UKs","lapsega \u0161otimaal","lecht2090","lumised m\u00e4ed","m\u00e4esuusatamine","merekadetid","\u0161otimaa ilmad","torm Dennis"],"inLanguage":"et"},{"@type":"WebPage","@id":"http:\/\/www.birgit-itse.com\/et\/lumepiltide-uputus-%e2%9d%86%e2%9d%86%e2%9d%86kaks-paeva-pidu-ja-nadalavahetus-levist-valjas-%e2%9d%86%e2%9d%86%e2%9d%86\/","url":"http:\/\/www.birgit-itse.com\/et\/lumepiltide-uputus-%e2%9d%86%e2%9d%86%e2%9d%86kaks-paeva-pidu-ja-nadalavahetus-levist-valjas-%e2%9d%86%e2%9d%86%e2%9d%86\/","name":"Lume(piltide) uputus: \u2746\u2746\u2746Kaks p\u00e4eva pidu ja n\u00e4dalavahetus levist v\u00e4ljas \u2746\u2746\u2746 - Birgit Itse - Be Inspired","isPartOf":{"@id":"https:\/\/birgit-itse.com\/#website"},"primaryImageOfPage":{"@id":"http:\/\/www.birgit-itse.com\/et\/lumepiltide-uputus-%e2%9d%86%e2%9d%86%e2%9d%86kaks-paeva-pidu-ja-nadalavahetus-levist-valjas-%e2%9d%86%e2%9d%86%e2%9d%86\/#primaryimage"},"image":{"@id":"http:\/\/www.birgit-itse.com\/et\/lumepiltide-uputus-%e2%9d%86%e2%9d%86%e2%9d%86kaks-paeva-pidu-ja-nadalavahetus-levist-valjas-%e2%9d%86%e2%9d%86%e2%9d%86\/#primaryimage"},"thumbnailUrl":"https:\/\/1.bp.blogspot.com\/-M449IJhC0-c\/Xk7Zy_4gJ-I\/AAAAAAAAN50\/6OVzEy_pXzcc5z22F9QfjfETgoUV7G9vACLcBGAsYHQ\/s400\/20200218_074855.jpg","datePublished":"2020-02-20T20:58:00+00:00","breadcrumb":{"@id":"http:\/\/www.birgit-itse.com\/et\/lumepiltide-uputus-%e2%9d%86%e2%9d%86%e2%9d%86kaks-paeva-pidu-ja-nadalavahetus-levist-valjas-%e2%9d%86%e2%9d%86%e2%9d%86\/#breadcrumb"},"inLanguage":"et","potentialAction":[{"@type":"ReadAction","target":["http:\/\/www.birgit-itse.com\/et\/lumepiltide-uputus-%e2%9d%86%e2%9d%86%e2%9d%86kaks-paeva-pidu-ja-nadalavahetus-levist-valjas-%e2%9d%86%e2%9d%86%e2%9d%86\/"]}]},{"@type":"ImageObject","inLanguage":"et","@id":"http:\/\/www.birgit-itse.com\/et\/lumepiltide-uputus-%e2%9d%86%e2%9d%86%e2%9d%86kaks-paeva-pidu-ja-nadalavahetus-levist-valjas-%e2%9d%86%e2%9d%86%e2%9d%86\/#primaryimage","url":"https:\/\/1.bp.blogspot.com\/-M449IJhC0-c\/Xk7Zy_4gJ-I\/AAAAAAAAN50\/6OVzEy_pXzcc5z22F9QfjfETgoUV7G9vACLcBGAsYHQ\/s400\/20200218_074855.jpg","contentUrl":"https:\/\/1.bp.blogspot.com\/-M449IJhC0-c\/Xk7Zy_4gJ-I\/AAAAAAAAN50\/6OVzEy_pXzcc5z22F9QfjfETgoUV7G9vACLcBGAsYHQ\/s400\/20200218_074855.jpg"},{"@type":"BreadcrumbList","@id":"http:\/\/www.birgit-itse.com\/et\/lumepiltide-uputus-%e2%9d%86%e2%9d%86%e2%9d%86kaks-paeva-pidu-ja-nadalavahetus-levist-valjas-%e2%9d%86%e2%9d%86%e2%9d%86\/#breadcrumb","itemListElement":[{"@type":"ListItem","position":1,"name":"Home","item":"https:\/\/birgit-itse.com\/"},{"@type":"ListItem","position":2,"name":"Lume(piltide) uputus: \u2746\u2746\u2746Kaks p\u00e4eva pidu ja n\u00e4dalavahetus levist v\u00e4ljas \u2746\u2746\u2746"}]},{"@type":"WebSite","@id":"https:\/\/birgit-itse.com\/#website","url":"https:\/\/birgit-itse.com\/","name":"Birgit Itse - Be Inspired","description":"Ghostwriter, Author, Keynote Speaker","publisher":{"@id":"https:\/\/birgit-itse.com\/#organization"},"potentialAction":[{"@type":"SearchAction","target":{"@type":"EntryPoint","urlTemplate":"https:\/\/birgit-itse.com\/?s={search_term_string}"},"query-input":{"@type":"PropertyValueSpecification","valueRequired":true,"valueName":"search_term_string"}}],"inLanguage":"et"},{"@type":"Organization","@id":"https:\/\/birgit-itse.com\/#organization","name":"Birgit Itse - Be Inspired","url":"https:\/\/birgit-itse.com\/","logo":{"@type":"ImageObject","inLanguage":"et","@id":"https:\/\/birgit-itse.com\/#\/schema\/logo\/image\/","url":"https:\/\/www.birgit-itse.com\/wp-content\/uploads\/2020\/10\/cropped-Birgit-name-logo-orange.png","contentUrl":"https:\/\/www.birgit-itse.com\/wp-content\/uploads\/2020\/10\/cropped-Birgit-name-logo-orange.png","width":1326,"height":841,"caption":"Birgit Itse - Be Inspired"},"image":{"@id":"https:\/\/birgit-itse.com\/#\/schema\/logo\/image\/"}},{"@type":"Person","@id":"https:\/\/birgit-itse.com\/#\/schema\/person\/3f7c1c34cf70c1ed6f580544f8ae6b7b","name":"Birgit","image":{"@type":"ImageObject","inLanguage":"et","@id":"https:\/\/secure.gravatar.com\/avatar\/?s=96&d=mm&r=g","url":"https:\/\/secure.gravatar.com\/avatar\/?s=96&d=mm&r=g","contentUrl":"https:\/\/secure.gravatar.com\/avatar\/?s=96&d=mm&r=g","caption":"Birgit"},"url":"https:\/\/www.birgit-itse.com\/et\/author\/birgit\/"}]}},"_links":{"self":[{"href":"https:\/\/www.birgit-itse.com\/et\/wp-json\/wp\/v2\/posts\/994","targetHints":{"allow":["GET"]}}],"collection":[{"href":"https:\/\/www.birgit-itse.com\/et\/wp-json\/wp\/v2\/posts"}],"about":[{"href":"https:\/\/www.birgit-itse.com\/et\/wp-json\/wp\/v2\/types\/post"}],"author":[{"embeddable":true,"href":"https:\/\/www.birgit-itse.com\/et\/wp-json\/wp\/v2\/users\/2"}],"replies":[{"embeddable":true,"href":"https:\/\/www.birgit-itse.com\/et\/wp-json\/wp\/v2\/comments?post=994"}],"version-history":[{"count":0,"href":"https:\/\/www.birgit-itse.com\/et\/wp-json\/wp\/v2\/posts\/994\/revisions"}],"wp:attachment":[{"href":"https:\/\/www.birgit-itse.com\/et\/wp-json\/wp\/v2\/media?parent=994"}],"wp:term":[{"taxonomy":"category","embeddable":true,"href":"https:\/\/www.birgit-itse.com\/et\/wp-json\/wp\/v2\/categories?post=994"},{"taxonomy":"post_tag","embeddable":true,"href":"https:\/\/www.birgit-itse.com\/et\/wp-json\/wp\/v2\/tags?post=994"}],"curies":[{"name":"wp","href":"https:\/\/api.w.org\/{rel}","templated":true}]}}