{"id":995,"date":"2020-02-14T13:46:00","date_gmt":"2020-02-14T13:46:00","guid":{"rendered":"https:\/\/birgit-itse.com\/2020\/02\/14\/ciara-dennis-ellen-ja-teised-nadalavahetuse-kulalised%f0%9f%8c%8a\/"},"modified":"2020-02-14T13:46:00","modified_gmt":"2020-02-14T13:46:00","slug":"ciara-dennis-ellen-ja-teised-nadalavahetuse-kulalised%f0%9f%8c%8a","status":"publish","type":"post","link":"https:\/\/www.birgit-itse.com\/et\/ciara-dennis-ellen-ja-teised-nadalavahetuse-kulalised%f0%9f%8c%8a\/","title":{"rendered":"Ciara, Dennis, Ellen ja teised n\u00e4dalavahetuse k\u00fclalised\ud83c\udf0a"},"content":{"rendered":"<p><a href=\"https:\/\/1.bp.blogspot.com\/-032Zn-OKTcs\/XkaWwJ0utEI\/AAAAAAAAN0Y\/a_acpvMPUTAJ5rD0qId8xDsy9WDKbRvfwCLcBGAsYHQ\/s1600\/20200208_114859.jpg\" style=\"clear: right; float: right; margin-bottom: 1em; margin-left: 1em;\"><img fetchpriority=\"high\" decoding=\"async\" border=\"0\" data-original-height=\"1200\" data-original-width=\"1600\" height=\"240\" src=\"https:\/\/1.bp.blogspot.com\/-032Zn-OKTcs\/XkaWwJ0utEI\/AAAAAAAAN0Y\/a_acpvMPUTAJ5rD0qId8xDsy9WDKbRvfwCLcBGAsYHQ\/s320\/20200208_114859.jpg\" width=\"320\" \/><\/a>T\u00e4na siis teemal, mis m\u00f5nes m\u00f5ttes on v\u00e4ga oluline teema, teisalt j\u00e4lle mitte nii v\u00e4ga, sest kohalikud on selliste ilman\u00e4htustega harjunud. Tormid.<br \/>\ud83c\udf0a\ud83c\udf0a\ud83c\udf0aKui meie Aberdeenis saime eelmisel n\u00e4dalavahetusel nautida p\u00e4evast p\u00e4ikesepaistet ning v\u00f5imsaid P\u00f5hjamere laineid, siis mujal tegi Ciara ikka m\u00e4rkimisv\u00e4\u00e4rset pahandust. Suurema saju sai endale Kesk-ja L\u00f5una-\u0160otimaa, kus murdusid puud, olid suured \u00fcleujutused ning tormituuled sisemaal ulatusid 35 m\/s. Siin, p\u00f5hja pool ja mere \u00e4\u00e4res oli isegi 40 m\/s, aga kuigi sadas, siis sellist padusadu me ei t\u00e4heldanud.<\/p>\n<p>Ciara tagaj\u00e4rjede likvideerimine alles k\u00e4ib, nt maalihe sulges Glasgowst l\u00f5una poole suunduva raudtee nii et n\u00e4iteks rongiga Carlisle&#8217;i saamine on raskendatud. Hawicki linnas aga vajus kokku kohalik Bed&amp;Breakfast nimega Bridge House. \ud83d\udc47<\/p>\n<div style=\"clear: both; text-align: center;\"><iframe allowfullscreen=\"\" data-thumbnail-src=\"https:\/\/i.ytimg.com\/vi\/Cv4HwHHJEEY\/0.jpg\" frameborder=\"0\" height=\"266\" src=\"https:\/\/www.youtube.com\/embed\/Cv4HwHHJEEY?feature=player_embedded\" width=\"320\"><\/iframe><\/div>\n<p>Sel n\u00e4dalavahetusel on oodata tormi nimega Dennis, ja kuigi selle tuulte kiirus on kolmandiku v\u00f5rra v\u00e4iksem, on v\u00e4lja antud \u00fcleujutuste hoiatus, eriti l\u00e4\u00e4nekaldale, sest kaasnevad tugevad paduvihmad. N\u00e4dalavahetus edasi on v\u00e4idetavalt oodata Ellenit. \ud83d\udca7M\u00f5nes m\u00f5ttes hea, et n\u00e4dalavahetusel, inimesed v\u00f5iks ju kodus p\u00fcsida, aga meil on veidi teisid plaanid. K\u00e4isin just lennujaamas rendiautol j\u00e4rel. Sel korral on s\u00f5iduvahendiks Peugeot 2008\ud83d\ude97 ning jah, sel on all talverehvid. Rentisin s\u00f5iduki 25ndani, sest Kutil on j\u00e4rgmine n\u00e4dal koolivaheaeg, s\u00fcnnip\u00e4ev ning n\u00e4dala l\u00f5pus on ka Hr Kahemillist oodata. Loodame, et Ellen enne 23ndat ei tule ja me saame loomaaias \ud83d\udc3cpandad jt loomad \u00e4ra vaadata, sest nii nagu paljud mere\u00e4\u00e4rsed objektid sh lossid, suletakse kehva ilma korral ka loomaaed. Nii inimeste kui ka loomade turvalisuse huvides.<br \/>Kohalikega r\u00e4\u00e4kides selgus, et Aberdeen on justkui vanajumala seljatagune &#8211; viimane korralik lumesadu, kus lund oli kokku ca 10 cm, oli mitu aastat tagasi. Tuulega on nad harjunud, tegemist on Euroopa tuulisema piirkonnaga. Enamik on edelatuuled ning mitteametlik tuule kiiruse rekord on 312 km\/h Cairngormi m\u00e4gedes, mis teeb siis ca 86 m\/s. \ud83d\ude2e\ud83d\ude48 Ametlik on veidi v\u00e4iksem &#8211; 77m\/s.<br \/>Seevastu talvine keskmine \u00f5hutemperatuur on pigem plussis v\u00f5i nulli \u00fcmber. \u0160otimaa k\u00fclmarekord on aastast 1982, mil Braemaris (meist ca poolteist tundi s\u00f5itu) langes 10. jaanuaril \u00f5hutemperatuur \ud83d\udd0e-27,2 kraadini, sama madal oli see ka 30.12 aastal 1995 m\u00e4gismaal asuvas Altnaharras.<\/p>\n<div style=\"clear: both; text-align: center;\"><a href=\"https:\/\/1.bp.blogspot.com\/-bjfiaoc_oWw\/XkacVoWP-dI\/AAAAAAAAN0o\/bmUWKlItHSsft-Hexw9XPa14eZjt4Fj-gCLcBGAsYHQ\/s1600\/20200208_111031.jpg\" style=\"margin-left: 1em; margin-right: 1em;\"><img decoding=\"async\" border=\"0\" data-original-height=\"739\" data-original-width=\"1600\" height=\"292\" src=\"https:\/\/1.bp.blogspot.com\/-bjfiaoc_oWw\/XkacVoWP-dI\/AAAAAAAAN0o\/bmUWKlItHSsft-Hexw9XPa14eZjt4Fj-gCLcBGAsYHQ\/s640\/20200208_111031.jpg\" width=\"640\" \/><\/a><\/div>\n<p>Mis p\u00e4iksesse puutub, siis v\u00e4idetavalt on \u0160otimaa k\u00f5ige p\u00e4ikesepaistelisem linn Dundee, aga ma usun, et \ud83c\udf05Aberdeen on tihedalt kannul, sest me oleme t\u00f5esti iga p\u00e4ev, mis siin oleme olnud, n\u00e4inud p\u00e4ikest v\u00e4hemalt 15 minutit. Tavaliselt siiski rohkem. \ud83c\udf1eN-\u00f6 l\u00fchiajalist p\u00e4ikest on olnud vast viiendikul p\u00e4evadest. Kuigi me saabusime 27nda \u00f5htul, ja Aberdeenis oli sel hetkel juba pime, siis trammi-ja rongis\u00f5idu ajal Edinburghis ja sealt siia oli ka p\u00e4ikest. \ud83c\udf07 Kui ma n\u00fc\u00fcd p\u00e4evad \u00f5igesti kokku arvutasin, siis t\u00e4nasega on 50 p\u00e4eva. 50 p\u00e4ikesepaistelist p\u00e4eva. \ud83d\udc4d<\/p>\n<div style=\"clear: both; text-align: center;\"><a href=\"https:\/\/1.bp.blogspot.com\/-KnZ_lstP8KE\/Xkaci1w4D6I\/AAAAAAAAN0s\/FTQxZX1DwqohDHb6cM7WmwS8yNTPfMeAgCLcBGAsYHQ\/s1600\/20200208_113220.jpg\" style=\"margin-left: 1em; margin-right: 1em;\"><img decoding=\"async\" border=\"0\" data-original-height=\"739\" data-original-width=\"1600\" height=\"294\" src=\"https:\/\/1.bp.blogspot.com\/-KnZ_lstP8KE\/Xkaci1w4D6I\/AAAAAAAAN0s\/FTQxZX1DwqohDHb6cM7WmwS8yNTPfMeAgCLcBGAsYHQ\/s640\/20200208_113220.jpg\" width=\"640\" \/><\/a><\/div>\n<p>Need pildid on Aberdeeni rannapromenaadilt p\u00e4eval, mil Ciara hakkas oma n\u00e4gu n\u00e4itama. See jalutusk\u00e4ik oli t\u00e4iesti vapustav kogemus, sest see, kuidas lained murdudes m\u00fcrisesid, k\u00f5las nagu oleks tunnelist rong tulemas. Ainult, et iga laine oli nagu rong, ja kui neid saabus korraga 5-6, siis pole imestada, et Kutt kartis. Sellel pildil oli ta juba veidi julgem, ja p\u00e4rast seda ei l\u00e4inudki kaua aega, kui saime 9. laine saapasse. \ud83d\ude06\ud83d\ude02 Okei, mina sain, sest filmisin. Kutt oli juba sammukese k\u00f5rgemale j\u00f5udnud. Laine k\u00e4is ikka kohati sinna mummudega betoonini v\u00e4lja ja sealt \u00fcles ka.<\/p>\n<div style=\"clear: both; text-align: left;\"><a href=\"https:\/\/1.bp.blogspot.com\/-YNQSV1iQJUY\/XkadaJ7NkkI\/AAAAAAAAN04\/9wnRxUeo7uYanKHGsubTnfJWm7efDBiowCLcBGAsYHQ\/s1600\/20200208_113031.jpg\" style=\"margin-left: 1em; margin-right: 1em;\"><img loading=\"lazy\" decoding=\"async\" border=\"0\" data-original-height=\"739\" data-original-width=\"1600\" height=\"294\" src=\"https:\/\/1.bp.blogspot.com\/-YNQSV1iQJUY\/XkadaJ7NkkI\/AAAAAAAAN04\/9wnRxUeo7uYanKHGsubTnfJWm7efDBiowCLcBGAsYHQ\/s640\/20200208_113031.jpg\" width=\"640\" \/><\/a>Vahva oli vaadata, kuidas kohalikud koos koertega enesekindlalt selle vahuriba sees k\u00f5ndisid. Ei, nad ei vaadanud mere poole, ja kuidagi oli nii, et jalad j\u00e4id neil ka kuivaks. \ud83d\ude0d Otsustasime Kutiga k\u00f5ndida sinna, kus Doni j\u00f5gi ja P\u00f5hjameri kokku saavad. \u00d5ige otsus. Sest see vaatepilt oli lummav, kuidas liivasaareke j\u00f5e ja mere vahel j\u00e4rjest kahanes. &#8220;Me peame siit kiiresti kaduma, muidu j\u00e4\u00e4me l\u00f5ksu,&#8221; \u00fctlesin talle \u00fchel hetkel, ise p\u00fc\u00fcdes veel j\u00f5e-ja merelainete kohtumist pildile j\u00e4\u00e4dvustada. Ja t\u00e4pselt nii oligi &#8211; hiljem \u00fcle silla k\u00f5ndides polnud enam saarekest &#8211; j\u00f5gi ja meri olid \u00fcheks saanud.&nbsp;<\/div>\n<div style=\"clear: both; text-align: center;\"><a href=\"https:\/\/1.bp.blogspot.com\/-7rwhx4kl8pw\/XkaelOAdppI\/AAAAAAAAN1E\/CH1YyID5AccbVACKFg_XUqKMaNk0rGFIwCLcBGAsYHQ\/s1600\/20200208_163757.jpg\" style=\"margin-left: 1em; margin-right: 1em;\"><img loading=\"lazy\" decoding=\"async\" border=\"0\" data-original-height=\"608\" data-original-width=\"1600\" height=\"242\" src=\"https:\/\/1.bp.blogspot.com\/-7rwhx4kl8pw\/XkaelOAdppI\/AAAAAAAAN1E\/CH1YyID5AccbVACKFg_XUqKMaNk0rGFIwCLcBGAsYHQ\/s640\/20200208_163757.jpg\" width=\"640\" \/><\/a><\/div>\n<div style=\"clear: both; text-align: left;\">Siin pildil on ka p\u00e4ris h\u00e4sti n\u00e4ha see kohtumine. J\u00e4rgmisel p\u00e4eval, kui suurem osa Ciarast oli taandumas, k\u00e4isime neil luidetel, mis sellel pildil \ud83d\udc46 paistavad. Liivariba seal all oli olematu. K\u00f5ndida saigi ainult \u00fcleval luidete peal. Aga seal meri enam niimoodi ei m\u00fcrisenud, kuigi tuul oli tugevam. Ilmselt rannapromenaadi lainemurdjad olid need, mis lainete murdumisele m\u00fcriseva k\u00f5la andsid.<\/div>\n<div style=\"clear: both; text-align: center;\"><a href=\"https:\/\/1.bp.blogspot.com\/-xbGpOPTDghQ\/XkafVovmLsI\/AAAAAAAAN1M\/_CAyGRCkAS8wW_8QmJh3E5C3jQJG10FXgCLcBGAsYHQ\/s1600\/20200209_202323.jpg\" style=\"margin-left: 1em; margin-right: 1em;\"><img loading=\"lazy\" decoding=\"async\" border=\"0\" data-original-height=\"650\" data-original-width=\"1600\" height=\"258\" src=\"https:\/\/1.bp.blogspot.com\/-xbGpOPTDghQ\/XkafVovmLsI\/AAAAAAAAN1M\/_CAyGRCkAS8wW_8QmJh3E5C3jQJG10FXgCLcBGAsYHQ\/s640\/20200209_202323.jpg\" width=\"640\" \/><\/a><\/div>\n<div style=\"clear: both; text-align: left;\">Kuigi tol p\u00e4eval oli meil hoopis eesm\u00e4rk minna kesklinna, sest mu O2 k\u00f5nekaardil olev andmeside ei hakanud t\u00f6\u00f6le, oli mul tohutult hea meel, et me kohe bussile ei l\u00e4inud, vaid j\u00f5e \u00e4\u00e4rt pidi k\u00f5ndisime. Alguses Kutt k\u00fcll mossitas natuke, et &#8220;pidime ju bussiga minema,&#8221; aga kui n\u00e4gi, mida t\u00f5us oli j\u00f5el kaasa toonud, siis koukis taskust telefoni v\u00e4lja, pildistas ja hakkas \u00f5hinal r\u00e4\u00e4kima, et kas ma ikka seda n\u00e4gin, kuidas puud on t\u00e4iesti vee sees. Siis tekkis tal tahtmine ka j\u00f5esuue \u00fcle vaadata ning tusatuju oli t\u00e4iesti kadunud. Mulle t\u00e4iega meeldivad need jalutusk\u00e4igud temaga.\ud83d\udc96&nbsp;<\/div>\n<div style=\"clear: both; text-align: left;\"><a href=\"https:\/\/1.bp.blogspot.com\/-Cbd-QZdj2W0\/XkahlaCObUI\/AAAAAAAAN1Y\/KGU4Xp7NOFU-X8Y8ND3EmcldPB-b8_aEgCLcBGAsYHQ\/s1600\/20200209_134917.jpg\" style=\"clear: right; float: right; margin-bottom: 1em; margin-left: 1em;\"><img loading=\"lazy\" decoding=\"async\" border=\"0\" data-original-height=\"739\" data-original-width=\"1600\" height=\"294\" src=\"https:\/\/1.bp.blogspot.com\/-Cbd-QZdj2W0\/XkahlaCObUI\/AAAAAAAAN1Y\/KGU4Xp7NOFU-X8Y8ND3EmcldPB-b8_aEgCLcBGAsYHQ\/s640\/20200209_134917.jpg\" width=\"640\" \/><\/a><\/div>\n<div style=\"clear: both; text-align: left;\">\ud83d\udcfaEile \u00f5htul andsin endale lubaduse, et p\u00fc\u00fcan edaspidi veidi v\u00e4hem vinguda ta kallal, kui ta telekat vaatab samal ajal, kui mina \u00f5pin v\u00f5i kirjutan. Tuleb tema valikuid rohkem usaldada, sest eile vaatas ta nt mingit II maailmas\u00f5ja teemalist filmi ja siis arutlesime pikalt selle \u00fcle, miks inimesed s\u00f5ja ajal kunstiv\u00e4\u00e4rtuseid h\u00e4vitavad v\u00f5i kuidas s\u00f5da on tegelikult \u00e4ri. \ud83c\udfa8Kas k\u00f5ik kunstiv\u00e4\u00e4rtused, mis <b>p\u00e4\u00e4stmise <\/b>nime all enda k\u00e4tte v\u00f5eti, ikka j\u00f5udsid p\u00e4rast s\u00f5da \u00f5igesse kohta tagasi ning miks suurele osale Euroopast seostuvad II maailmas\u00f5ja kontekstis negatiivsetena sakslased, eestlastele aga Punaarmee&#8230;.&nbsp;<\/div>\n<div style=\"clear: both; text-align: left;\">\ud83d\ude4bMa absoluutselt vaimustun sellest, kui tal m\u00f5te lahti l\u00e4heb, ta hakkab looduse ja maailma asjade \u00fcle arutlema. K\u00f5ik need k\u00fcsimused f\u00fc\u00fcsikast, kosmosest, asjad, mida ta on kuskilt lugenud v\u00f5i telesaadetest vaadanud. Tema oma m\u00f5ttek\u00e4igud, kus ta p\u00fc\u00fcab oma n\u00e4gemust seletada ning minu asi on lihtsalt kuulata v\u00f5i pakkuda talle m\u00fcndi teist poolt vaatamiseks.<\/div>\n<div style=\"clear: both; text-align: center;\">\ud83d\udc99\ud83d\udc9a\ud83d\udc9b<\/div>\n<div style=\"clear: both; text-align: left;\">T\u00e4na hommikul j\u00f5udis minuni \u00fcks imearmas ja s\u00fcdantsoojendav kiri selle blogi lugejalt. \ud83d\ude4fAit\u00e4h Sulle. See, mida iga\u00fcks siin lugedes m\u00e4rkab, mis talle korda l\u00e4heb, pole ju niiv\u00f5rd mitte minus kinni, vaid peegeldab sedasama vaprust, enesekindlust ja v\u00e4gevust, mis lugejas endas peidus on.&nbsp;<\/div>\n<div style=\"clear: both; text-align: center;\">\u2757\u2757\u2757<\/div>\n<div style=\"clear: both; text-align: left;\">P.S Ma k\u00fcll m\u00f5tlesin, et ei v\u00f5ta valentinip\u00e4eva puhul s\u00f5na, aga ma t\u00f5esti arvan, et pole v\u00f5imalik s\u00fcdamest, tingimusteta armastada mitte kedagi teist, kui enda armastamisele tingimusi seatakse, kui iseennast s\u00fcdamep\u00f5hjani, iga v\u00e4ikse nahaprao ja hingesopini ei armasta. Ei mingit &#8220;siis, kui ma olen 10 kg kergem\/lapsega kannatlikum\/saan k\u00f5ik kodut\u00f6\u00f6d tehtud&#8221; vms. Mu Vend kirjutas t\u00e4na hommikul FB&#8217;s oma seinal v\u00e4ga armsasti, ja ma jagan tema m\u00f5tet, et eelk\u00f5ige tuleks t\u00e4na endale midagi lubada, kinkida v\u00f5i teha midagi sellist, mida oled kaua edasi l\u00fckanud. Lihtsalt sellep\u00e4rast, et armastad end nii v\u00e4ga. \ud83d\udc9d Jah, ma m\u00f5tlen seda t\u00e4iesti t\u00f5siselt. Mida mina tegin? Mul oli alguses renditud hoopis teistsugune auto, aga ma otsustasin, et ma s\u00f5idan j\u00e4rgmised 11 p\u00e4eva veidi m\u00f5nusama masinaga. Lihtsalt sellep\u00e4rast, et ma tahan, et ma v\u00f5in seda endale lubada ja ma olen tuhandega seda v\u00e4\u00e4rt. \ud83d\ude07<\/div>","protected":false},"excerpt":{"rendered":"<p>T\u00e4na siis teemal, mis m\u00f5nes m\u00f5ttes on v\u00e4ga oluline teema, teisalt j\u00e4lle mitte nii v\u00e4ga, sest kohalikud on selliste ilman\u00e4htustega harjunud. Tormid.\ud83c\udf0a\ud83c\udf0a\ud83c\udf0aKui meie Aberdeenis saime eelmisel n\u00e4dalavahetusel nautida p\u00e4evast p\u00e4ikesepaistet ning v\u00f5imsaid P\u00f5hjamere laineid, siis mujal tegi Ciara ikka m\u00e4rkimisv\u00e4\u00e4rset pahandust. Suurema saju sai endale Kesk-ja L\u00f5una-\u0160otimaa, kus murdusid puud, olid suured \u00fcleujutused ning tormituuled [&hellip;]<\/p>\n","protected":false},"author":2,"featured_media":0,"comment_status":"open","ping_status":"open","sticky":false,"template":"","format":"standard","meta":{"footnotes":""},"categories":[45,176,136,21,131,128,142,120],"tags":[],"class_list":["post-995","post","type-post","status-publish","format-standard","hentry","category-aberdeen","category-autorent-sotimaal","category-bridge-of-don","category-eestlane-sotimaal","category-minu-aberdeen","category-sotimaa-ilm","category-sotimaa-ilmad","category-valismaale-kolimine","entry","owp-thumbs-layout-horizontal","owp-btn-normal","owp-tabs-layout-horizontal","has-no-thumbnails","has-product-nav"],"yoast_head":"<!-- This site is optimized with the Yoast SEO plugin v27.4 - https:\/\/yoast.com\/product\/yoast-seo-wordpress\/ -->\n<title>Ciara, Dennis, Ellen ja teised n\u00e4dalavahetuse k\u00fclalised\ud83c\udf0a - Birgit Itse - Be Inspired<\/title>\n<meta name=\"robots\" content=\"index, follow, max-snippet:-1, max-image-preview:large, max-video-preview:-1\" \/>\n<link rel=\"canonical\" href=\"https:\/\/birgit-itse.com\/ciara-dennis-ellen-ja-teised-nadalavahetuse-kulalised\ud83c\udf0a\/\" \/>\n<meta property=\"og:locale\" content=\"et_EE\" \/>\n<meta property=\"og:type\" content=\"article\" \/>\n<meta property=\"og:title\" content=\"Ciara, Dennis, Ellen ja teised n\u00e4dalavahetuse k\u00fclalised\ud83c\udf0a - Birgit Itse - Be Inspired\" \/>\n<meta property=\"og:description\" content=\"T\u00e4na siis teemal, mis m\u00f5nes m\u00f5ttes on v\u00e4ga oluline teema, teisalt j\u00e4lle mitte nii v\u00e4ga, sest kohalikud on selliste ilman\u00e4htustega harjunud. Tormid.\ud83c\udf0a\ud83c\udf0a\ud83c\udf0aKui meie Aberdeenis saime eelmisel n\u00e4dalavahetusel nautida p\u00e4evast p\u00e4ikesepaistet ning v\u00f5imsaid P\u00f5hjamere laineid, siis mujal tegi Ciara ikka m\u00e4rkimisv\u00e4\u00e4rset pahandust. Suurema saju sai endale Kesk-ja L\u00f5una-\u0160otimaa, kus murdusid puud, olid suured \u00fcleujutused ning tormituuled [&hellip;]\" \/>\n<meta property=\"og:url\" content=\"https:\/\/birgit-itse.com\/ciara-dennis-ellen-ja-teised-nadalavahetuse-kulalised\ud83c\udf0a\/\" \/>\n<meta property=\"og:site_name\" content=\"Birgit Itse - Be Inspired\" \/>\n<meta property=\"article:published_time\" content=\"2020-02-14T13:46:00+00:00\" \/>\n<meta property=\"og:image\" content=\"https:\/\/1.bp.blogspot.com\/-032Zn-OKTcs\/XkaWwJ0utEI\/AAAAAAAAN0Y\/a_acpvMPUTAJ5rD0qId8xDsy9WDKbRvfwCLcBGAsYHQ\/s320\/20200208_114859.jpg\" \/>\n<meta name=\"author\" content=\"Birgit\" \/>\n<meta name=\"twitter:card\" content=\"summary_large_image\" \/>\n<meta name=\"twitter:label1\" content=\"Written by\" \/>\n\t<meta name=\"twitter:data1\" content=\"Birgit\" \/>\n\t<meta name=\"twitter:label2\" content=\"Est. reading time\" \/>\n\t<meta name=\"twitter:data2\" content=\"6 minutit\" \/>\n<script type=\"application\/ld+json\" class=\"yoast-schema-graph\">{\"@context\":\"https:\\\/\\\/schema.org\",\"@graph\":[{\"@type\":\"Article\",\"@id\":\"https:\\\/\\\/birgit-itse.com\\\/ciara-dennis-ellen-ja-teised-nadalavahetuse-kulalised%f0%9f%8c%8a\\\/#article\",\"isPartOf\":{\"@id\":\"https:\\\/\\\/birgit-itse.com\\\/ciara-dennis-ellen-ja-teised-nadalavahetuse-kulalised%f0%9f%8c%8a\\\/\"},\"author\":{\"name\":\"Birgit\",\"@id\":\"https:\\\/\\\/birgit-itse.com\\\/#\\\/schema\\\/person\\\/3f7c1c34cf70c1ed6f580544f8ae6b7b\"},\"headline\":\"Ciara, Dennis, Ellen ja teised n\u00e4dalavahetuse k\u00fclalised\ud83c\udf0a\",\"datePublished\":\"2020-02-14T13:46:00+00:00\",\"mainEntityOfPage\":{\"@id\":\"https:\\\/\\\/birgit-itse.com\\\/ciara-dennis-ellen-ja-teised-nadalavahetuse-kulalised%f0%9f%8c%8a\\\/\"},\"wordCount\":1274,\"commentCount\":0,\"publisher\":{\"@id\":\"https:\\\/\\\/birgit-itse.com\\\/#organization\"},\"image\":{\"@id\":\"https:\\\/\\\/birgit-itse.com\\\/ciara-dennis-ellen-ja-teised-nadalavahetuse-kulalised%f0%9f%8c%8a\\\/#primaryimage\"},\"thumbnailUrl\":\"https:\\\/\\\/1.bp.blogspot.com\\\/-032Zn-OKTcs\\\/XkaWwJ0utEI\\\/AAAAAAAAN0Y\\\/a_acpvMPUTAJ5rD0qId8xDsy9WDKbRvfwCLcBGAsYHQ\\\/s320\\\/20200208_114859.jpg\",\"articleSection\":[\"aberdeen\",\"autorent \u0161otimaal\",\"bridge of don\",\"eestlane \u0161otimaal\",\"minu aberdeen\",\"\u0160otimaa ilm\",\"\u0161otimaa ilmad\",\"v\u00e4lismaale kolimine\"],\"inLanguage\":\"et\"},{\"@type\":\"WebPage\",\"@id\":\"https:\\\/\\\/birgit-itse.com\\\/ciara-dennis-ellen-ja-teised-nadalavahetuse-kulalised%f0%9f%8c%8a\\\/\",\"url\":\"https:\\\/\\\/birgit-itse.com\\\/ciara-dennis-ellen-ja-teised-nadalavahetuse-kulalised%f0%9f%8c%8a\\\/\",\"name\":\"Ciara, Dennis, Ellen ja teised n\u00e4dalavahetuse k\u00fclalised\ud83c\udf0a - Birgit Itse - Be Inspired\",\"isPartOf\":{\"@id\":\"https:\\\/\\\/birgit-itse.com\\\/#website\"},\"primaryImageOfPage\":{\"@id\":\"https:\\\/\\\/birgit-itse.com\\\/ciara-dennis-ellen-ja-teised-nadalavahetuse-kulalised%f0%9f%8c%8a\\\/#primaryimage\"},\"image\":{\"@id\":\"https:\\\/\\\/birgit-itse.com\\\/ciara-dennis-ellen-ja-teised-nadalavahetuse-kulalised%f0%9f%8c%8a\\\/#primaryimage\"},\"thumbnailUrl\":\"https:\\\/\\\/1.bp.blogspot.com\\\/-032Zn-OKTcs\\\/XkaWwJ0utEI\\\/AAAAAAAAN0Y\\\/a_acpvMPUTAJ5rD0qId8xDsy9WDKbRvfwCLcBGAsYHQ\\\/s320\\\/20200208_114859.jpg\",\"datePublished\":\"2020-02-14T13:46:00+00:00\",\"breadcrumb\":{\"@id\":\"https:\\\/\\\/birgit-itse.com\\\/ciara-dennis-ellen-ja-teised-nadalavahetuse-kulalised%f0%9f%8c%8a\\\/#breadcrumb\"},\"inLanguage\":\"et\",\"potentialAction\":[{\"@type\":\"ReadAction\",\"target\":[\"https:\\\/\\\/birgit-itse.com\\\/ciara-dennis-ellen-ja-teised-nadalavahetuse-kulalised%f0%9f%8c%8a\\\/\"]}]},{\"@type\":\"ImageObject\",\"inLanguage\":\"et\",\"@id\":\"https:\\\/\\\/birgit-itse.com\\\/ciara-dennis-ellen-ja-teised-nadalavahetuse-kulalised%f0%9f%8c%8a\\\/#primaryimage\",\"url\":\"https:\\\/\\\/1.bp.blogspot.com\\\/-032Zn-OKTcs\\\/XkaWwJ0utEI\\\/AAAAAAAAN0Y\\\/a_acpvMPUTAJ5rD0qId8xDsy9WDKbRvfwCLcBGAsYHQ\\\/s320\\\/20200208_114859.jpg\",\"contentUrl\":\"https:\\\/\\\/1.bp.blogspot.com\\\/-032Zn-OKTcs\\\/XkaWwJ0utEI\\\/AAAAAAAAN0Y\\\/a_acpvMPUTAJ5rD0qId8xDsy9WDKbRvfwCLcBGAsYHQ\\\/s320\\\/20200208_114859.jpg\"},{\"@type\":\"BreadcrumbList\",\"@id\":\"https:\\\/\\\/birgit-itse.com\\\/ciara-dennis-ellen-ja-teised-nadalavahetuse-kulalised%f0%9f%8c%8a\\\/#breadcrumb\",\"itemListElement\":[{\"@type\":\"ListItem\",\"position\":1,\"name\":\"Home\",\"item\":\"https:\\\/\\\/birgit-itse.com\\\/\"},{\"@type\":\"ListItem\",\"position\":2,\"name\":\"Ciara, Dennis, Ellen ja teised n\u00e4dalavahetuse k\u00fclalised\ud83c\udf0a\"}]},{\"@type\":\"WebSite\",\"@id\":\"https:\\\/\\\/birgit-itse.com\\\/#website\",\"url\":\"https:\\\/\\\/birgit-itse.com\\\/\",\"name\":\"Birgit Itse - Be Inspired\",\"description\":\"Ghostwriter, Author, Keynote Speaker\",\"publisher\":{\"@id\":\"https:\\\/\\\/birgit-itse.com\\\/#organization\"},\"potentialAction\":[{\"@type\":\"SearchAction\",\"target\":{\"@type\":\"EntryPoint\",\"urlTemplate\":\"https:\\\/\\\/birgit-itse.com\\\/?s={search_term_string}\"},\"query-input\":{\"@type\":\"PropertyValueSpecification\",\"valueRequired\":true,\"valueName\":\"search_term_string\"}}],\"inLanguage\":\"et\"},{\"@type\":\"Organization\",\"@id\":\"https:\\\/\\\/birgit-itse.com\\\/#organization\",\"name\":\"Birgit Itse - Be Inspired\",\"url\":\"https:\\\/\\\/birgit-itse.com\\\/\",\"logo\":{\"@type\":\"ImageObject\",\"inLanguage\":\"et\",\"@id\":\"https:\\\/\\\/birgit-itse.com\\\/#\\\/schema\\\/logo\\\/image\\\/\",\"url\":\"https:\\\/\\\/www.birgit-itse.com\\\/wp-content\\\/uploads\\\/2020\\\/10\\\/cropped-Birgit-name-logo-orange.png\",\"contentUrl\":\"https:\\\/\\\/www.birgit-itse.com\\\/wp-content\\\/uploads\\\/2020\\\/10\\\/cropped-Birgit-name-logo-orange.png\",\"width\":1326,\"height\":841,\"caption\":\"Birgit Itse - Be Inspired\"},\"image\":{\"@id\":\"https:\\\/\\\/birgit-itse.com\\\/#\\\/schema\\\/logo\\\/image\\\/\"}},{\"@type\":\"Person\",\"@id\":\"https:\\\/\\\/birgit-itse.com\\\/#\\\/schema\\\/person\\\/3f7c1c34cf70c1ed6f580544f8ae6b7b\",\"name\":\"Birgit\",\"image\":{\"@type\":\"ImageObject\",\"inLanguage\":\"et\",\"@id\":\"https:\\\/\\\/secure.gravatar.com\\\/avatar\\\/?s=96&d=mm&r=g\",\"url\":\"https:\\\/\\\/secure.gravatar.com\\\/avatar\\\/?s=96&d=mm&r=g\",\"contentUrl\":\"https:\\\/\\\/secure.gravatar.com\\\/avatar\\\/?s=96&d=mm&r=g\",\"caption\":\"Birgit\"},\"url\":\"https:\\\/\\\/www.birgit-itse.com\\\/et\\\/author\\\/birgit\\\/\"}]}<\/script>\n<!-- \/ Yoast SEO plugin. -->","yoast_head_json":{"title":"Ciara, Dennis, Ellen ja teised n\u00e4dalavahetuse k\u00fclalised\ud83c\udf0a - Birgit Itse - Be Inspired","robots":{"index":"index","follow":"follow","max-snippet":"max-snippet:-1","max-image-preview":"max-image-preview:large","max-video-preview":"max-video-preview:-1"},"canonical":"https:\/\/birgit-itse.com\/ciara-dennis-ellen-ja-teised-nadalavahetuse-kulalised\ud83c\udf0a\/","og_locale":"et_EE","og_type":"article","og_title":"Ciara, Dennis, Ellen ja teised n\u00e4dalavahetuse k\u00fclalised\ud83c\udf0a - Birgit Itse - Be Inspired","og_description":"T\u00e4na siis teemal, mis m\u00f5nes m\u00f5ttes on v\u00e4ga oluline teema, teisalt j\u00e4lle mitte nii v\u00e4ga, sest kohalikud on selliste ilman\u00e4htustega harjunud. Tormid.\ud83c\udf0a\ud83c\udf0a\ud83c\udf0aKui meie Aberdeenis saime eelmisel n\u00e4dalavahetusel nautida p\u00e4evast p\u00e4ikesepaistet ning v\u00f5imsaid P\u00f5hjamere laineid, siis mujal tegi Ciara ikka m\u00e4rkimisv\u00e4\u00e4rset pahandust. Suurema saju sai endale Kesk-ja L\u00f5una-\u0160otimaa, kus murdusid puud, olid suured \u00fcleujutused ning tormituuled [&hellip;]","og_url":"https:\/\/birgit-itse.com\/ciara-dennis-ellen-ja-teised-nadalavahetuse-kulalised\ud83c\udf0a\/","og_site_name":"Birgit Itse - Be Inspired","article_published_time":"2020-02-14T13:46:00+00:00","og_image":[{"url":"https:\/\/1.bp.blogspot.com\/-032Zn-OKTcs\/XkaWwJ0utEI\/AAAAAAAAN0Y\/a_acpvMPUTAJ5rD0qId8xDsy9WDKbRvfwCLcBGAsYHQ\/s320\/20200208_114859.jpg","type":"","width":"","height":""}],"author":"Birgit","twitter_card":"summary_large_image","twitter_misc":{"Written by":"Birgit","Est. reading time":"6 minutit"},"schema":{"@context":"https:\/\/schema.org","@graph":[{"@type":"Article","@id":"https:\/\/birgit-itse.com\/ciara-dennis-ellen-ja-teised-nadalavahetuse-kulalised%f0%9f%8c%8a\/#article","isPartOf":{"@id":"https:\/\/birgit-itse.com\/ciara-dennis-ellen-ja-teised-nadalavahetuse-kulalised%f0%9f%8c%8a\/"},"author":{"name":"Birgit","@id":"https:\/\/birgit-itse.com\/#\/schema\/person\/3f7c1c34cf70c1ed6f580544f8ae6b7b"},"headline":"Ciara, Dennis, Ellen ja teised n\u00e4dalavahetuse k\u00fclalised\ud83c\udf0a","datePublished":"2020-02-14T13:46:00+00:00","mainEntityOfPage":{"@id":"https:\/\/birgit-itse.com\/ciara-dennis-ellen-ja-teised-nadalavahetuse-kulalised%f0%9f%8c%8a\/"},"wordCount":1274,"commentCount":0,"publisher":{"@id":"https:\/\/birgit-itse.com\/#organization"},"image":{"@id":"https:\/\/birgit-itse.com\/ciara-dennis-ellen-ja-teised-nadalavahetuse-kulalised%f0%9f%8c%8a\/#primaryimage"},"thumbnailUrl":"https:\/\/1.bp.blogspot.com\/-032Zn-OKTcs\/XkaWwJ0utEI\/AAAAAAAAN0Y\/a_acpvMPUTAJ5rD0qId8xDsy9WDKbRvfwCLcBGAsYHQ\/s320\/20200208_114859.jpg","articleSection":["aberdeen","autorent \u0161otimaal","bridge of don","eestlane \u0161otimaal","minu aberdeen","\u0160otimaa ilm","\u0161otimaa ilmad","v\u00e4lismaale kolimine"],"inLanguage":"et"},{"@type":"WebPage","@id":"https:\/\/birgit-itse.com\/ciara-dennis-ellen-ja-teised-nadalavahetuse-kulalised%f0%9f%8c%8a\/","url":"https:\/\/birgit-itse.com\/ciara-dennis-ellen-ja-teised-nadalavahetuse-kulalised%f0%9f%8c%8a\/","name":"Ciara, Dennis, Ellen ja teised n\u00e4dalavahetuse k\u00fclalised\ud83c\udf0a - Birgit Itse - Be Inspired","isPartOf":{"@id":"https:\/\/birgit-itse.com\/#website"},"primaryImageOfPage":{"@id":"https:\/\/birgit-itse.com\/ciara-dennis-ellen-ja-teised-nadalavahetuse-kulalised%f0%9f%8c%8a\/#primaryimage"},"image":{"@id":"https:\/\/birgit-itse.com\/ciara-dennis-ellen-ja-teised-nadalavahetuse-kulalised%f0%9f%8c%8a\/#primaryimage"},"thumbnailUrl":"https:\/\/1.bp.blogspot.com\/-032Zn-OKTcs\/XkaWwJ0utEI\/AAAAAAAAN0Y\/a_acpvMPUTAJ5rD0qId8xDsy9WDKbRvfwCLcBGAsYHQ\/s320\/20200208_114859.jpg","datePublished":"2020-02-14T13:46:00+00:00","breadcrumb":{"@id":"https:\/\/birgit-itse.com\/ciara-dennis-ellen-ja-teised-nadalavahetuse-kulalised%f0%9f%8c%8a\/#breadcrumb"},"inLanguage":"et","potentialAction":[{"@type":"ReadAction","target":["https:\/\/birgit-itse.com\/ciara-dennis-ellen-ja-teised-nadalavahetuse-kulalised%f0%9f%8c%8a\/"]}]},{"@type":"ImageObject","inLanguage":"et","@id":"https:\/\/birgit-itse.com\/ciara-dennis-ellen-ja-teised-nadalavahetuse-kulalised%f0%9f%8c%8a\/#primaryimage","url":"https:\/\/1.bp.blogspot.com\/-032Zn-OKTcs\/XkaWwJ0utEI\/AAAAAAAAN0Y\/a_acpvMPUTAJ5rD0qId8xDsy9WDKbRvfwCLcBGAsYHQ\/s320\/20200208_114859.jpg","contentUrl":"https:\/\/1.bp.blogspot.com\/-032Zn-OKTcs\/XkaWwJ0utEI\/AAAAAAAAN0Y\/a_acpvMPUTAJ5rD0qId8xDsy9WDKbRvfwCLcBGAsYHQ\/s320\/20200208_114859.jpg"},{"@type":"BreadcrumbList","@id":"https:\/\/birgit-itse.com\/ciara-dennis-ellen-ja-teised-nadalavahetuse-kulalised%f0%9f%8c%8a\/#breadcrumb","itemListElement":[{"@type":"ListItem","position":1,"name":"Home","item":"https:\/\/birgit-itse.com\/"},{"@type":"ListItem","position":2,"name":"Ciara, Dennis, Ellen ja teised n\u00e4dalavahetuse k\u00fclalised\ud83c\udf0a"}]},{"@type":"WebSite","@id":"https:\/\/birgit-itse.com\/#website","url":"https:\/\/birgit-itse.com\/","name":"Birgit Itse - Be Inspired","description":"Ghostwriter, Author, Keynote Speaker","publisher":{"@id":"https:\/\/birgit-itse.com\/#organization"},"potentialAction":[{"@type":"SearchAction","target":{"@type":"EntryPoint","urlTemplate":"https:\/\/birgit-itse.com\/?s={search_term_string}"},"query-input":{"@type":"PropertyValueSpecification","valueRequired":true,"valueName":"search_term_string"}}],"inLanguage":"et"},{"@type":"Organization","@id":"https:\/\/birgit-itse.com\/#organization","name":"Birgit Itse - Be Inspired","url":"https:\/\/birgit-itse.com\/","logo":{"@type":"ImageObject","inLanguage":"et","@id":"https:\/\/birgit-itse.com\/#\/schema\/logo\/image\/","url":"https:\/\/www.birgit-itse.com\/wp-content\/uploads\/2020\/10\/cropped-Birgit-name-logo-orange.png","contentUrl":"https:\/\/www.birgit-itse.com\/wp-content\/uploads\/2020\/10\/cropped-Birgit-name-logo-orange.png","width":1326,"height":841,"caption":"Birgit Itse - Be Inspired"},"image":{"@id":"https:\/\/birgit-itse.com\/#\/schema\/logo\/image\/"}},{"@type":"Person","@id":"https:\/\/birgit-itse.com\/#\/schema\/person\/3f7c1c34cf70c1ed6f580544f8ae6b7b","name":"Birgit","image":{"@type":"ImageObject","inLanguage":"et","@id":"https:\/\/secure.gravatar.com\/avatar\/?s=96&d=mm&r=g","url":"https:\/\/secure.gravatar.com\/avatar\/?s=96&d=mm&r=g","contentUrl":"https:\/\/secure.gravatar.com\/avatar\/?s=96&d=mm&r=g","caption":"Birgit"},"url":"https:\/\/www.birgit-itse.com\/et\/author\/birgit\/"}]}},"_links":{"self":[{"href":"https:\/\/www.birgit-itse.com\/et\/wp-json\/wp\/v2\/posts\/995","targetHints":{"allow":["GET"]}}],"collection":[{"href":"https:\/\/www.birgit-itse.com\/et\/wp-json\/wp\/v2\/posts"}],"about":[{"href":"https:\/\/www.birgit-itse.com\/et\/wp-json\/wp\/v2\/types\/post"}],"author":[{"embeddable":true,"href":"https:\/\/www.birgit-itse.com\/et\/wp-json\/wp\/v2\/users\/2"}],"replies":[{"embeddable":true,"href":"https:\/\/www.birgit-itse.com\/et\/wp-json\/wp\/v2\/comments?post=995"}],"version-history":[{"count":0,"href":"https:\/\/www.birgit-itse.com\/et\/wp-json\/wp\/v2\/posts\/995\/revisions"}],"wp:attachment":[{"href":"https:\/\/www.birgit-itse.com\/et\/wp-json\/wp\/v2\/media?parent=995"}],"wp:term":[{"taxonomy":"category","embeddable":true,"href":"https:\/\/www.birgit-itse.com\/et\/wp-json\/wp\/v2\/categories?post=995"},{"taxonomy":"post_tag","embeddable":true,"href":"https:\/\/www.birgit-itse.com\/et\/wp-json\/wp\/v2\/tags?post=995"}],"curies":[{"name":"wp","href":"https:\/\/api.w.org\/{rel}","templated":true}]}}