{"id":999,"date":"2020-01-31T14:48:00","date_gmt":"2020-01-31T14:48:00","guid":{"rendered":"https:\/\/birgit-itse.com\/2020\/01\/31\/staartobise-viimane-postitus-euroopa-liidust-%f0%9f%98%82\/"},"modified":"2020-01-31T14:48:00","modified_gmt":"2020-01-31T14:48:00","slug":"staartobise-viimane-postitus-euroopa-liidust-%f0%9f%98%82","status":"publish","type":"post","link":"https:\/\/www.birgit-itse.com\/et\/staartobise-viimane-postitus-euroopa-liidust-%f0%9f%98%82\/","title":{"rendered":"Staart\u00f5bise viimane postitus Euroopa Liidust \ud83d\ude02"},"content":{"rendered":"<div style=\"clear: both; text-align: left;\">T\u00e4na \u00f5htul see siis juhtub: ma ei ela enam Euroopa Liidus. \ud83d\ude12Jah, samal ajal, kui m\u00f5ni Suurbritannia piirkond pidutseb, on siinkandis see pigem midagi, mida jutuks ei v\u00f5eta. Kui, siis ainult selles kontekstis, et \u0160otimaa on j\u00e4tkuvalt avatud ning endast tehakse k\u00f5ik olenev, et neile, kellele see on praeguseks kodu, oleks see nii ka p\u00e4rast \u00fcleminekuaja l\u00f5ppu. Ja \u00fcleminekuaeg kestab aasta l\u00f5puni. See, kes tahavad k\u00fclla tulla, pakki saata, siis kuni aasta l\u00f5puni on k\u00f5ik sama. Mida \u0160oti parlament r\u00f5hutab, on see, et kui oli EL-st v\u00e4lja astumise h\u00e4\u00e4letus, siis 62% \u0161otlastest soovis EL edasi j\u00e4\u00e4da ning EL j\u00e4\u00e4mise poolt olid k\u00f5ik \u0160otimaa piirkonnad. Tulemusi saab meenutada nt <a href=\"https:\/\/www.bbc.com\/news\/politics\/eu_referendum\/results\" target=\"_blank\" rel=\"noopener\">siit<\/a>.<\/div>\n<div style=\"clear: both; text-align: left;\"><\/div>\n<div style=\"clear: both; text-align: left;\"><a href=\"https:\/\/1.bp.blogspot.com\/-GNshYrxSF3U\/XjQsJ6y1foI\/AAAAAAAANss\/-wkUKUdS3dU8cmZdQBCrd11WhTVr2IQHACLcBGAsYHQ\/s1600\/20200121_103833.jpg\" style=\"margin-left: 1em; margin-right: 1em;\"><img fetchpriority=\"high\" decoding=\"async\" border=\"0\" data-original-height=\"739\" data-original-width=\"1600\" height=\"294\" src=\"https:\/\/1.bp.blogspot.com\/-GNshYrxSF3U\/XjQsJ6y1foI\/AAAAAAAANss\/-wkUKUdS3dU8cmZdQBCrd11WhTVr2IQHACLcBGAsYHQ\/s640\/20200121_103833.jpg\" width=\"640\" \/><\/a><\/div>\n<p>Eks Brexitist r\u00e4\u00e4giti palju juba eelmisel aastal, sest see kuup\u00e4ev on nii mitu korda edasi l\u00fckkunud, kuid \u00fcks julgustav aspekt oli \u0160otimaa enda s\u00f5num, mida nad v\u00e4lja saatsid &#8211; <a href=\"https:\/\/www.scotland.org\/video-transcript\/scotland-is-open\" target=\"_blank\" rel=\"noopener\">\u0160otimaa on avatud<\/a>. \u00dcks esimesi videosid, mida n\u00e4gin novembris, kui langetasin l\u00f5pliku otsuse tulla (enne ikka pendeldasin otsustamatuse tuules &#8220;tulen-ei tule, millal tulen-\u00e4kki ikka ei tule&#8221;), oli seesama, mis t\u00e4na hommikul taas \u00fcles pandi. N\u00fc\u00fcd vaatan neid liivaluiteid hoopis teise pilguga, kuigi 100% kindel pole, et need just Aberdeeni rannad on.<\/p>\n<div style=\"clear: both; text-align: center;\"><iframe width=\"320\" height=\"266\" data-thumbnail-src=\"https:\/\/i.ytimg.com\/vi\/DiYmRBEtdU8\/0.jpg\" src=\"https:\/\/www.youtube.com\/embed\/DiYmRBEtdU8?feature=player_embedded\" frameborder=\"0\" allowfullscreen><\/iframe><\/div>\n<table cellpadding=\"0\" cellspacing=\"0\" style=\"clear: right; float: right; margin-bottom: 1em; text-align: center;\">\n<tbody>\n<tr>\n<td style=\"text-align: center;\"><a href=\"https:\/\/1.bp.blogspot.com\/-wzXZhpOmM6Q\/XjQx23aRfPI\/AAAAAAAANs4\/JRiC7cESeVYJxsIXVRX39aUpEH6EujO-gCLcBGAsYHQ\/s1600\/83683191_785960098553474_6948537978553630720_n.jpg\" style=\"margin-left: auto; margin-right: auto;\"><img decoding=\"async\" border=\"0\" data-original-height=\"1600\" data-original-width=\"726\" height=\"400\" src=\"https:\/\/1.bp.blogspot.com\/-wzXZhpOmM6Q\/XjQx23aRfPI\/AAAAAAAANs4\/JRiC7cESeVYJxsIXVRX39aUpEH6EujO-gCLcBGAsYHQ\/s400\/83683191_785960098553474_6948537978553630720_n.jpg\" width=\"181\" \/><\/a><\/td>\n<\/tr>\n<tr>\n<td style=\"text-align: center;\">Pildike poe eest, 30.01.2020<\/td>\n<\/tr>\n<\/tbody>\n<\/table>\n<p>Hommikul andsin v\u00e4ikse intervjuu ka Eestisse StarFMile, et kuidas Brexit mind m\u00f5jutab. See oli selline &#8220;Tere hommikust, Birgit, kas sa oleksid n\u00f5us?&#8221; &#8220;Jah, olen k\u00fcll, aga mu h\u00e4\u00e4l on nagu on.&#8221; Ja siis v\u00e4hem kui 3 minutit hiljem olin ma juba eetris, j\u00f5udsin veidi vett juua ja nina korralikult t\u00fchjaks nuusata. Kedagi hoiatada k\u00fcll ei j\u00f5udnud, isegi mitte Hr Kahemillist, kellest ka juttu oli. \ud83d\ude0e<br \/>Aga n\u00e4e, \u00e4ra kuuldi. \u00d5de kirjutas p\u00e4rast, et olen Staart\u00f5bine. \ud83d\ude02\ud83d\ude37\ud83d\ude38 Ei kujutanud t\u00f5esti ette, et see aklimatiseerumine sellisel moel just toimub. Eriti tingimustes, kus t\u00f5esti <b>iga p\u00e4ev<\/b> p\u00e4ike paistab. Eile ka &#8211; hommikul tuli sahmakas, siis klaaris taeva \u00e4ra ja \u00f5htul niisutas veel veidi. Praegu, kui meil on kell 14 p\u00e4rastl\u00f5unal, on j\u00e4lle juba mitu tundi p\u00e4ikeseline. Kohe, kui Amazoni kuller mulle need 3 asja \u00e4ra toob, l\u00e4hen \u00f5ue. Ootan teda siin nagu lapsed j\u00f5uluvana v\u00f5i surijad hinge \u00f5nnistust. \ud83d\ude07<br \/>Kutt paraneb, aga visalt. Palavikku pole, s\u00f6\u00f6giisu vaikselt tekib, aga p\u00f5hiline mure on see, et &#8220;emme, iiiiigav on&#8221;. Ma olen siis m\u00f5nikord \u00f6elnud, et v\u00e4ga hea, kui on igav. Ajuteadlased on ammu kindlaks teinud, et kui lapsel on v\u00e4hemalt 30 minuti p\u00e4evas igav, siis just see on aeg, kus tema aju areneb, tekib v\u00f5imalus loovuseks. Jah, lollusteks ka muidugi, \ud83d\ude48 aga see on meie, kui t\u00e4iskasvanute arusaam asjast, onju. Nende endi arvates oli neil l\u00f5bus. V\u00f5i noh, v\u00e4hemalt mitte igav.<\/p>\n<p>T\u00e4na sain oma <i>national insurance<\/i> numbri k\u00e4tte. Esialgu lubati, et hiljemalt 3. m\u00e4rtsiks, aga tuli juba v\u00e4hem kui kuu ajaga. \ud83d\udc4dMa ei oskagi v\u00f5rdlust Eestiga tuua, sest see pole isikukood, aga see pole ka haigekassa number (mida Eestis ka enam kasutusel pole). Aga seda numbrit on vaja siis, kui t\u00f6\u00f6le l\u00e4hen, see tuleb esitada t\u00f6\u00f6andjale ning siis l\u00e4hevad riigimaksud selle pealt. Jah, see annab ka \u00f5iguse h\u00fcvitisteks, aga nagu ma teada olen saanud, siis nt lastetoetustega ongi nii, et neid saad t\u00e4pselt selle aja, kui oled t\u00f6\u00f6l. Ehk siis osa h\u00fcvitisi laieneb v\u00e4lismaalastele ainult siis, kui k\u00e4id t\u00f6\u00f6l. Mis on ka \u00f5ige, kui meenutan juhtumit, kui k\u00e4isin ise seda taotlemas ning 25-aastase naisega, kel oli v\u00e4ike (ehk silma j\u00e4rgi 8-10 kuud) laps vankris, oli kaasas tema ema &#8211; saabunud riiki p\u00e4ev varem, nagu t\u00fctar intervjuu k\u00e4igus mainis. Seda numbrit on vaja juhul, kui soovid<\/p>\n<ul>\n<li>riigis t\u00f6\u00f6tada,&nbsp;<\/li>\n<li>oma ettev\u00f5tte asutada,&nbsp;<\/li>\n<li>UK&#8217;st mingeid maksusoodustusi vms saada,&nbsp;<\/li>\n<li>oled sellise inimese elukaaslane v\u00f5i&nbsp;<\/li>\n<li>soovid taotleda \u00f5ppelaenu.&nbsp;<\/li>\n<\/ul>\n<p>V\u00e4listada muidugi ei saa, aga k\u00fcsimusi tekitas k\u00fcll, kui naine, kes ei saanud ka v\u00e4ga lihtsatest k\u00fcsimustest aru, mida intervjueerija k\u00fcsis (t\u00fctar t\u00f5lkis), teatas t\u00e4ie veendumusega, et tuli siia riiki t\u00f6\u00f6le. \ud83d\ude49\ud83d\udc4c Samas, v\u00f5ib-olla juba t\u00f6\u00f6tabki, ja see t\u00f6\u00f6koht oli tal juba enne olemas, sest kohalik abi t\u00fctre n\u00e4ol olemas. P\u00e4ris tegevuseta ma muidugi ei istu, sest j\u00e4rgmiselgi n\u00e4dalal on \u00fcks \u00fchep\u00e4evane koolitus, mille saan p\u00e4rast CV-sse lisada ning kaks veebip\u00f5hist koolitusprogrammi on praegu pooleli.<\/p>\n<div style=\"text-align: center;\">\ud83d\udcbb<\/div>\n<p>Samal ajal m\u00f5teln, et kui palju vastab t\u00f5ele see soovitus, et CV-s peaks \u00fclikoolihariduse juures v\u00e4lja tooma ka n-\u00f6 lisaeriala ja teised olulisemad ained \ud83d\ude15 ning tavalise dokumendiformaadi asemel peaks kasutama f\u00e4\u00e4nsimat blanketti (olemas n-\u00f6 tasuta n\u00e4idised veebis) ning selle siis pdfi panema, et oleks ka visuaalselt haarav. M\u00f5ned personaliotsingu ettev\u00f5tted v\u00e4idavad, et CV vaatamise aeg on vaid 7 sekundit, osa v\u00e4idab, et isegi vaid 2 sekundit. Jap. <i><b>Se-kun-dit.<\/b> <\/i>See t\u00e4hendab, et teise lehek\u00fcljeni ei j\u00f5ua mitte kummalgi juhul.<br \/>Teisalt on j\u00e4lle soovitused ka \u00fcsna vastuk\u00e4ivad: osa \u00fctleb, et haridus peaks olema esimene, teised j\u00e4lle, et tegelikud oskused ja saavutused on olulisemad. \ud83d\udc49\u00dched r\u00f5hutavad, et kasutada tuleb kindlaid s\u00f5nu, sest personalijuhid lasevad CV l\u00e4bi n-\u00f6 spetsiaalsest programmist, kuhu nad on kirjutanud m\u00e4rks\u00f5nad ja siis see programm teeb esimese valiku ja kui sa ei kasuta \u00f5iget keelt, pannaksegi CV k\u00f5rvale, kuigi v\u00f5id oskustelt olla kahe parima seas. \ud83d\udc49Teised j\u00e4lle, et loomingulistel t\u00f6\u00f6kohtadel on v\u00e4ga oluline eristuda ning trafaretseid v\u00e4ljendeid tuleks v\u00e4ltida.<br \/>Selle info sees on \u00fcsna lihtne pea kaotada ja paanikasse sattuda, aga ma olen praegu otsustanud, et k\u00f5ige t\u00e4htsam on selle aklimatiseerumise ning nende k\u00f5rvaln\u00e4htudega \u00fchele poole saada ning taastada 100% aju ja organismi hapnikuga varustatus. \ud83d\ude12Praegu on see tagatud vaid kolmandiku osas, ehk suur osa hingamisest k\u00e4ib naha kaudu. Minu l\u00e4hedasteks s\u00f5pradeks on saanud ingver, kaneel, mesi, nelk, vanilje ja kirsid. Ja mineraalvesi. Ja inhalaatori-aparaat. Minu voodikaaslaseks aga salvr\u00e4tikupakk.<br \/>Nunnu on muidugi see, et ma olen oma praeguse <i>keskmisest madalama t\u00e4mbri <\/i>eest saanud ka paar komplimenti. Kutt arvas, et mul on praegu palju ilusam h\u00e4\u00e4l ning paar inimest (j\u00e4tame nimed enda teada praegu) arvas, et see h\u00e4\u00e4l on seksikas. \ud83d\ude06<br \/>Mulle v\u00e4ga meeldib poes k\u00e4ies lihtsalt vaadata, mis asju \u00fcldse m\u00fc\u00fcakse. \u00d5pin kohalikku kaubandust tundma- seda v\u00f5ib ju ka nii v\u00f5tta, onju. Siin on teile v\u00e4ike valik asjadest, mis v\u00f5iksid vabalt olla ka nn valentinip\u00e4evakingitused. Kusjuures osa neist ongi sealt v\u00e4ljapanekust. \ud83d\udc45 Kas saate ikka aru, mis piltidel on? \ud83d\ude09<\/p>\n<div style=\"clear: both; text-align: center;\"><a href=\"https:\/\/1.bp.blogspot.com\/-GjNGcGI2TA4\/XjQ9kV1_5uI\/AAAAAAAANtE\/ImLp0BhMOBo-Axo0GP1tUqckumf0x6c6wCLcBGAsYHQ\/s1600\/Ringk%25C3%25A4ik%2Bkohalikes%2Bpoodides.jpg\" style=\"margin-left: 1em; margin-right: 1em;\"><img decoding=\"async\" border=\"0\" data-original-height=\"1280\" data-original-width=\"1600\" height=\"512\" src=\"https:\/\/1.bp.blogspot.com\/-GjNGcGI2TA4\/XjQ9kV1_5uI\/AAAAAAAANtE\/ImLp0BhMOBo-Axo0GP1tUqckumf0x6c6wCLcBGAsYHQ\/s640\/Ringk%25C3%25A4ik%2Bkohalikes%2Bpoodides.jpg\" width=\"640\" \/><\/a><\/div>\n<p><\/p>\n<div style=\"clear: both; text-align: center;\"><\/div>","protected":false},"excerpt":{"rendered":"<p>T\u00e4na \u00f5htul see siis juhtub: ma ei ela enam Euroopa Liidus. \ud83d\ude12Jah, samal ajal, kui m\u00f5ni Suurbritannia piirkond pidutseb, on siinkandis see pigem midagi, mida jutuks ei v\u00f5eta. Kui, siis ainult selles kontekstis, et \u0160otimaa on j\u00e4tkuvalt avatud ning endast tehakse k\u00f5ik olenev, et neile, kellele see on praeguseks kodu, oleks see nii ka p\u00e4rast [&hellip;]<\/p>\n","protected":false},"author":2,"featured_media":0,"comment_status":"open","ping_status":"open","sticky":false,"template":"","format":"standard","meta":{"footnotes":""},"categories":[45,183,187,190,186,155,188,189,120],"tags":[],"class_list":["post-999","post","type-post","status-publish","format-standard","hentry","category-aberdeen","category-aklimatiseerumine","category-brexit-sotimaal","category-cv-kirjutamine","category-kodused-ravivotted","category-kohalikud-poed","category-national-insurance-number","category-valentinipaeva-kingid","category-valismaale-kolimine","entry","owp-thumbs-layout-horizontal","owp-btn-normal","owp-tabs-layout-horizontal","has-no-thumbnails","has-product-nav"],"yoast_head":"<!-- This site is optimized with the Yoast SEO plugin v27.4 - https:\/\/yoast.com\/product\/yoast-seo-wordpress\/ -->\n<title>Staart\u00f5bise viimane postitus Euroopa Liidust \ud83d\ude02 - Birgit Itse - Be Inspired<\/title>\n<meta name=\"robots\" content=\"index, follow, max-snippet:-1, max-image-preview:large, max-video-preview:-1\" \/>\n<link rel=\"canonical\" href=\"https:\/\/www.birgit-itse.com\/et\/staartobise-viimane-postitus-euroopa-liidust-\ud83d\ude02\/\" \/>\n<meta property=\"og:locale\" content=\"et_EE\" \/>\n<meta property=\"og:type\" content=\"article\" \/>\n<meta property=\"og:title\" content=\"Staart\u00f5bise viimane postitus Euroopa Liidust \ud83d\ude02 - Birgit Itse - Be Inspired\" \/>\n<meta property=\"og:description\" content=\"T\u00e4na \u00f5htul see siis juhtub: ma ei ela enam Euroopa Liidus. \ud83d\ude12Jah, samal ajal, kui m\u00f5ni Suurbritannia piirkond pidutseb, on siinkandis see pigem midagi, mida jutuks ei v\u00f5eta. Kui, siis ainult selles kontekstis, et \u0160otimaa on j\u00e4tkuvalt avatud ning endast tehakse k\u00f5ik olenev, et neile, kellele see on praeguseks kodu, oleks see nii ka p\u00e4rast [&hellip;]\" \/>\n<meta property=\"og:url\" content=\"https:\/\/www.birgit-itse.com\/et\/staartobise-viimane-postitus-euroopa-liidust-\ud83d\ude02\/\" \/>\n<meta property=\"og:site_name\" content=\"Birgit Itse - Be Inspired\" \/>\n<meta property=\"article:published_time\" content=\"2020-01-31T14:48:00+00:00\" \/>\n<meta property=\"og:image\" content=\"https:\/\/1.bp.blogspot.com\/-GNshYrxSF3U\/XjQsJ6y1foI\/AAAAAAAANss\/-wkUKUdS3dU8cmZdQBCrd11WhTVr2IQHACLcBGAsYHQ\/s640\/20200121_103833.jpg\" \/>\n<meta name=\"author\" content=\"Birgit\" \/>\n<meta name=\"twitter:card\" content=\"summary_large_image\" \/>\n<meta name=\"twitter:label1\" content=\"Written by\" \/>\n\t<meta name=\"twitter:data1\" content=\"Birgit\" \/>\n\t<meta name=\"twitter:label2\" content=\"Est. reading time\" \/>\n\t<meta name=\"twitter:data2\" content=\"6 minutit\" \/>\n<script type=\"application\/ld+json\" class=\"yoast-schema-graph\">{\"@context\":\"https:\\\/\\\/schema.org\",\"@graph\":[{\"@type\":\"Article\",\"@id\":\"https:\\\/\\\/www.birgit-itse.com\\\/staartobise-viimane-postitus-euroopa-liidust-%f0%9f%98%82\\\/#article\",\"isPartOf\":{\"@id\":\"https:\\\/\\\/www.birgit-itse.com\\\/staartobise-viimane-postitus-euroopa-liidust-%f0%9f%98%82\\\/\"},\"author\":{\"name\":\"Birgit\",\"@id\":\"http:\\\/\\\/www.birgit-itse.com\\\/et\\\/#\\\/schema\\\/person\\\/3f7c1c34cf70c1ed6f580544f8ae6b7b\"},\"headline\":\"Staart\u00f5bise viimane postitus Euroopa Liidust \ud83d\ude02\",\"datePublished\":\"2020-01-31T14:48:00+00:00\",\"mainEntityOfPage\":{\"@id\":\"https:\\\/\\\/www.birgit-itse.com\\\/staartobise-viimane-postitus-euroopa-liidust-%f0%9f%98%82\\\/\"},\"wordCount\":1125,\"commentCount\":0,\"publisher\":{\"@id\":\"http:\\\/\\\/www.birgit-itse.com\\\/et\\\/#organization\"},\"image\":{\"@id\":\"https:\\\/\\\/www.birgit-itse.com\\\/staartobise-viimane-postitus-euroopa-liidust-%f0%9f%98%82\\\/#primaryimage\"},\"thumbnailUrl\":\"https:\\\/\\\/1.bp.blogspot.com\\\/-GNshYrxSF3U\\\/XjQsJ6y1foI\\\/AAAAAAAANss\\\/-wkUKUdS3dU8cmZdQBCrd11WhTVr2IQHACLcBGAsYHQ\\\/s640\\\/20200121_103833.jpg\",\"articleSection\":[\"aberdeen\",\"aklimatiseerumine\",\"brexit \u0161otimaal\",\"CV kirjutamine\",\"kodused raviv\u00f5tted\",\"kohalikud poed\",\"national insurance number\",\"valentinip\u00e4eva kingid\",\"v\u00e4lismaale kolimine\"],\"inLanguage\":\"et\"},{\"@type\":\"WebPage\",\"@id\":\"https:\\\/\\\/www.birgit-itse.com\\\/staartobise-viimane-postitus-euroopa-liidust-%f0%9f%98%82\\\/\",\"url\":\"https:\\\/\\\/www.birgit-itse.com\\\/staartobise-viimane-postitus-euroopa-liidust-%f0%9f%98%82\\\/\",\"name\":\"Staart\u00f5bise viimane postitus Euroopa Liidust \ud83d\ude02 - Birgit Itse - Be Inspired\",\"isPartOf\":{\"@id\":\"http:\\\/\\\/www.birgit-itse.com\\\/et\\\/#website\"},\"primaryImageOfPage\":{\"@id\":\"https:\\\/\\\/www.birgit-itse.com\\\/staartobise-viimane-postitus-euroopa-liidust-%f0%9f%98%82\\\/#primaryimage\"},\"image\":{\"@id\":\"https:\\\/\\\/www.birgit-itse.com\\\/staartobise-viimane-postitus-euroopa-liidust-%f0%9f%98%82\\\/#primaryimage\"},\"thumbnailUrl\":\"https:\\\/\\\/1.bp.blogspot.com\\\/-GNshYrxSF3U\\\/XjQsJ6y1foI\\\/AAAAAAAANss\\\/-wkUKUdS3dU8cmZdQBCrd11WhTVr2IQHACLcBGAsYHQ\\\/s640\\\/20200121_103833.jpg\",\"datePublished\":\"2020-01-31T14:48:00+00:00\",\"breadcrumb\":{\"@id\":\"https:\\\/\\\/www.birgit-itse.com\\\/staartobise-viimane-postitus-euroopa-liidust-%f0%9f%98%82\\\/#breadcrumb\"},\"inLanguage\":\"et\",\"potentialAction\":[{\"@type\":\"ReadAction\",\"target\":[\"https:\\\/\\\/www.birgit-itse.com\\\/staartobise-viimane-postitus-euroopa-liidust-%f0%9f%98%82\\\/\"]}]},{\"@type\":\"ImageObject\",\"inLanguage\":\"et\",\"@id\":\"https:\\\/\\\/www.birgit-itse.com\\\/staartobise-viimane-postitus-euroopa-liidust-%f0%9f%98%82\\\/#primaryimage\",\"url\":\"https:\\\/\\\/1.bp.blogspot.com\\\/-GNshYrxSF3U\\\/XjQsJ6y1foI\\\/AAAAAAAANss\\\/-wkUKUdS3dU8cmZdQBCrd11WhTVr2IQHACLcBGAsYHQ\\\/s640\\\/20200121_103833.jpg\",\"contentUrl\":\"https:\\\/\\\/1.bp.blogspot.com\\\/-GNshYrxSF3U\\\/XjQsJ6y1foI\\\/AAAAAAAANss\\\/-wkUKUdS3dU8cmZdQBCrd11WhTVr2IQHACLcBGAsYHQ\\\/s640\\\/20200121_103833.jpg\"},{\"@type\":\"BreadcrumbList\",\"@id\":\"https:\\\/\\\/www.birgit-itse.com\\\/staartobise-viimane-postitus-euroopa-liidust-%f0%9f%98%82\\\/#breadcrumb\",\"itemListElement\":[{\"@type\":\"ListItem\",\"position\":1,\"name\":\"Home\",\"item\":\"http:\\\/\\\/www.birgit-itse.com\\\/et\\\/\"},{\"@type\":\"ListItem\",\"position\":2,\"name\":\"Staart\u00f5bise viimane postitus Euroopa Liidust \ud83d\ude02\"}]},{\"@type\":\"WebSite\",\"@id\":\"http:\\\/\\\/www.birgit-itse.com\\\/et\\\/#website\",\"url\":\"http:\\\/\\\/www.birgit-itse.com\\\/et\\\/\",\"name\":\"Birgit Itse - Be Inspired\",\"description\":\"Ghostwriter, Author, Keynote Speaker\",\"publisher\":{\"@id\":\"http:\\\/\\\/www.birgit-itse.com\\\/et\\\/#organization\"},\"potentialAction\":[{\"@type\":\"SearchAction\",\"target\":{\"@type\":\"EntryPoint\",\"urlTemplate\":\"http:\\\/\\\/www.birgit-itse.com\\\/et\\\/?s={search_term_string}\"},\"query-input\":{\"@type\":\"PropertyValueSpecification\",\"valueRequired\":true,\"valueName\":\"search_term_string\"}}],\"inLanguage\":\"et\"},{\"@type\":\"Organization\",\"@id\":\"http:\\\/\\\/www.birgit-itse.com\\\/et\\\/#organization\",\"name\":\"Birgit Itse - Be Inspired\",\"url\":\"http:\\\/\\\/www.birgit-itse.com\\\/et\\\/\",\"logo\":{\"@type\":\"ImageObject\",\"inLanguage\":\"et\",\"@id\":\"http:\\\/\\\/www.birgit-itse.com\\\/et\\\/#\\\/schema\\\/logo\\\/image\\\/\",\"url\":\"https:\\\/\\\/www.birgit-itse.com\\\/wp-content\\\/uploads\\\/2020\\\/10\\\/cropped-Birgit-name-logo-orange.png\",\"contentUrl\":\"https:\\\/\\\/www.birgit-itse.com\\\/wp-content\\\/uploads\\\/2020\\\/10\\\/cropped-Birgit-name-logo-orange.png\",\"width\":1326,\"height\":841,\"caption\":\"Birgit Itse - Be Inspired\"},\"image\":{\"@id\":\"http:\\\/\\\/www.birgit-itse.com\\\/et\\\/#\\\/schema\\\/logo\\\/image\\\/\"}},{\"@type\":\"Person\",\"@id\":\"http:\\\/\\\/www.birgit-itse.com\\\/et\\\/#\\\/schema\\\/person\\\/3f7c1c34cf70c1ed6f580544f8ae6b7b\",\"name\":\"Birgit\",\"image\":{\"@type\":\"ImageObject\",\"inLanguage\":\"et\",\"@id\":\"https:\\\/\\\/secure.gravatar.com\\\/avatar\\\/?s=96&d=mm&r=g\",\"url\":\"https:\\\/\\\/secure.gravatar.com\\\/avatar\\\/?s=96&d=mm&r=g\",\"contentUrl\":\"https:\\\/\\\/secure.gravatar.com\\\/avatar\\\/?s=96&d=mm&r=g\",\"caption\":\"Birgit\"},\"url\":\"https:\\\/\\\/www.birgit-itse.com\\\/et\\\/author\\\/birgit\\\/\"}]}<\/script>\n<!-- \/ Yoast SEO plugin. -->","yoast_head_json":{"title":"Staart\u00f5bise viimane postitus Euroopa Liidust \ud83d\ude02 - Birgit Itse - Be Inspired","robots":{"index":"index","follow":"follow","max-snippet":"max-snippet:-1","max-image-preview":"max-image-preview:large","max-video-preview":"max-video-preview:-1"},"canonical":"https:\/\/www.birgit-itse.com\/et\/staartobise-viimane-postitus-euroopa-liidust-\ud83d\ude02\/","og_locale":"et_EE","og_type":"article","og_title":"Staart\u00f5bise viimane postitus Euroopa Liidust \ud83d\ude02 - Birgit Itse - Be Inspired","og_description":"T\u00e4na \u00f5htul see siis juhtub: ma ei ela enam Euroopa Liidus. \ud83d\ude12Jah, samal ajal, kui m\u00f5ni Suurbritannia piirkond pidutseb, on siinkandis see pigem midagi, mida jutuks ei v\u00f5eta. Kui, siis ainult selles kontekstis, et \u0160otimaa on j\u00e4tkuvalt avatud ning endast tehakse k\u00f5ik olenev, et neile, kellele see on praeguseks kodu, oleks see nii ka p\u00e4rast [&hellip;]","og_url":"https:\/\/www.birgit-itse.com\/et\/staartobise-viimane-postitus-euroopa-liidust-\ud83d\ude02\/","og_site_name":"Birgit Itse - Be Inspired","article_published_time":"2020-01-31T14:48:00+00:00","og_image":[{"url":"https:\/\/1.bp.blogspot.com\/-GNshYrxSF3U\/XjQsJ6y1foI\/AAAAAAAANss\/-wkUKUdS3dU8cmZdQBCrd11WhTVr2IQHACLcBGAsYHQ\/s640\/20200121_103833.jpg","type":"","width":"","height":""}],"author":"Birgit","twitter_card":"summary_large_image","twitter_misc":{"Written by":"Birgit","Est. reading time":"6 minutit"},"schema":{"@context":"https:\/\/schema.org","@graph":[{"@type":"Article","@id":"https:\/\/www.birgit-itse.com\/staartobise-viimane-postitus-euroopa-liidust-%f0%9f%98%82\/#article","isPartOf":{"@id":"https:\/\/www.birgit-itse.com\/staartobise-viimane-postitus-euroopa-liidust-%f0%9f%98%82\/"},"author":{"name":"Birgit","@id":"http:\/\/www.birgit-itse.com\/et\/#\/schema\/person\/3f7c1c34cf70c1ed6f580544f8ae6b7b"},"headline":"Staart\u00f5bise viimane postitus Euroopa Liidust \ud83d\ude02","datePublished":"2020-01-31T14:48:00+00:00","mainEntityOfPage":{"@id":"https:\/\/www.birgit-itse.com\/staartobise-viimane-postitus-euroopa-liidust-%f0%9f%98%82\/"},"wordCount":1125,"commentCount":0,"publisher":{"@id":"http:\/\/www.birgit-itse.com\/et\/#organization"},"image":{"@id":"https:\/\/www.birgit-itse.com\/staartobise-viimane-postitus-euroopa-liidust-%f0%9f%98%82\/#primaryimage"},"thumbnailUrl":"https:\/\/1.bp.blogspot.com\/-GNshYrxSF3U\/XjQsJ6y1foI\/AAAAAAAANss\/-wkUKUdS3dU8cmZdQBCrd11WhTVr2IQHACLcBGAsYHQ\/s640\/20200121_103833.jpg","articleSection":["aberdeen","aklimatiseerumine","brexit \u0161otimaal","CV kirjutamine","kodused raviv\u00f5tted","kohalikud poed","national insurance number","valentinip\u00e4eva kingid","v\u00e4lismaale kolimine"],"inLanguage":"et"},{"@type":"WebPage","@id":"https:\/\/www.birgit-itse.com\/staartobise-viimane-postitus-euroopa-liidust-%f0%9f%98%82\/","url":"https:\/\/www.birgit-itse.com\/staartobise-viimane-postitus-euroopa-liidust-%f0%9f%98%82\/","name":"Staart\u00f5bise viimane postitus Euroopa Liidust \ud83d\ude02 - Birgit Itse - Be Inspired","isPartOf":{"@id":"http:\/\/www.birgit-itse.com\/et\/#website"},"primaryImageOfPage":{"@id":"https:\/\/www.birgit-itse.com\/staartobise-viimane-postitus-euroopa-liidust-%f0%9f%98%82\/#primaryimage"},"image":{"@id":"https:\/\/www.birgit-itse.com\/staartobise-viimane-postitus-euroopa-liidust-%f0%9f%98%82\/#primaryimage"},"thumbnailUrl":"https:\/\/1.bp.blogspot.com\/-GNshYrxSF3U\/XjQsJ6y1foI\/AAAAAAAANss\/-wkUKUdS3dU8cmZdQBCrd11WhTVr2IQHACLcBGAsYHQ\/s640\/20200121_103833.jpg","datePublished":"2020-01-31T14:48:00+00:00","breadcrumb":{"@id":"https:\/\/www.birgit-itse.com\/staartobise-viimane-postitus-euroopa-liidust-%f0%9f%98%82\/#breadcrumb"},"inLanguage":"et","potentialAction":[{"@type":"ReadAction","target":["https:\/\/www.birgit-itse.com\/staartobise-viimane-postitus-euroopa-liidust-%f0%9f%98%82\/"]}]},{"@type":"ImageObject","inLanguage":"et","@id":"https:\/\/www.birgit-itse.com\/staartobise-viimane-postitus-euroopa-liidust-%f0%9f%98%82\/#primaryimage","url":"https:\/\/1.bp.blogspot.com\/-GNshYrxSF3U\/XjQsJ6y1foI\/AAAAAAAANss\/-wkUKUdS3dU8cmZdQBCrd11WhTVr2IQHACLcBGAsYHQ\/s640\/20200121_103833.jpg","contentUrl":"https:\/\/1.bp.blogspot.com\/-GNshYrxSF3U\/XjQsJ6y1foI\/AAAAAAAANss\/-wkUKUdS3dU8cmZdQBCrd11WhTVr2IQHACLcBGAsYHQ\/s640\/20200121_103833.jpg"},{"@type":"BreadcrumbList","@id":"https:\/\/www.birgit-itse.com\/staartobise-viimane-postitus-euroopa-liidust-%f0%9f%98%82\/#breadcrumb","itemListElement":[{"@type":"ListItem","position":1,"name":"Home","item":"http:\/\/www.birgit-itse.com\/et\/"},{"@type":"ListItem","position":2,"name":"Staart\u00f5bise viimane postitus Euroopa Liidust \ud83d\ude02"}]},{"@type":"WebSite","@id":"http:\/\/www.birgit-itse.com\/et\/#website","url":"http:\/\/www.birgit-itse.com\/et\/","name":"Birgit Itse - Be Inspired","description":"Ghostwriter, Author, Keynote Speaker","publisher":{"@id":"http:\/\/www.birgit-itse.com\/et\/#organization"},"potentialAction":[{"@type":"SearchAction","target":{"@type":"EntryPoint","urlTemplate":"http:\/\/www.birgit-itse.com\/et\/?s={search_term_string}"},"query-input":{"@type":"PropertyValueSpecification","valueRequired":true,"valueName":"search_term_string"}}],"inLanguage":"et"},{"@type":"Organization","@id":"http:\/\/www.birgit-itse.com\/et\/#organization","name":"Birgit Itse - Be Inspired","url":"http:\/\/www.birgit-itse.com\/et\/","logo":{"@type":"ImageObject","inLanguage":"et","@id":"http:\/\/www.birgit-itse.com\/et\/#\/schema\/logo\/image\/","url":"https:\/\/www.birgit-itse.com\/wp-content\/uploads\/2020\/10\/cropped-Birgit-name-logo-orange.png","contentUrl":"https:\/\/www.birgit-itse.com\/wp-content\/uploads\/2020\/10\/cropped-Birgit-name-logo-orange.png","width":1326,"height":841,"caption":"Birgit Itse - Be Inspired"},"image":{"@id":"http:\/\/www.birgit-itse.com\/et\/#\/schema\/logo\/image\/"}},{"@type":"Person","@id":"http:\/\/www.birgit-itse.com\/et\/#\/schema\/person\/3f7c1c34cf70c1ed6f580544f8ae6b7b","name":"Birgit","image":{"@type":"ImageObject","inLanguage":"et","@id":"https:\/\/secure.gravatar.com\/avatar\/?s=96&d=mm&r=g","url":"https:\/\/secure.gravatar.com\/avatar\/?s=96&d=mm&r=g","contentUrl":"https:\/\/secure.gravatar.com\/avatar\/?s=96&d=mm&r=g","caption":"Birgit"},"url":"https:\/\/www.birgit-itse.com\/et\/author\/birgit\/"}]}},"_links":{"self":[{"href":"https:\/\/www.birgit-itse.com\/et\/wp-json\/wp\/v2\/posts\/999","targetHints":{"allow":["GET"]}}],"collection":[{"href":"https:\/\/www.birgit-itse.com\/et\/wp-json\/wp\/v2\/posts"}],"about":[{"href":"https:\/\/www.birgit-itse.com\/et\/wp-json\/wp\/v2\/types\/post"}],"author":[{"embeddable":true,"href":"https:\/\/www.birgit-itse.com\/et\/wp-json\/wp\/v2\/users\/2"}],"replies":[{"embeddable":true,"href":"https:\/\/www.birgit-itse.com\/et\/wp-json\/wp\/v2\/comments?post=999"}],"version-history":[{"count":0,"href":"https:\/\/www.birgit-itse.com\/et\/wp-json\/wp\/v2\/posts\/999\/revisions"}],"wp:attachment":[{"href":"https:\/\/www.birgit-itse.com\/et\/wp-json\/wp\/v2\/media?parent=999"}],"wp:term":[{"taxonomy":"category","embeddable":true,"href":"https:\/\/www.birgit-itse.com\/et\/wp-json\/wp\/v2\/categories?post=999"},{"taxonomy":"post_tag","embeddable":true,"href":"https:\/\/www.birgit-itse.com\/et\/wp-json\/wp\/v2\/tags?post=999"}],"curies":[{"name":"wp","href":"https:\/\/api.w.org\/{rel}","templated":true}]}}